{"id":73747,"date":"2025-05-04T07:37:14","date_gmt":"2025-05-04T07:37:14","guid":{"rendered":"https:\/\/www.europesays.com\/fr\/73747\/"},"modified":"2025-05-04T07:37:14","modified_gmt":"2025-05-04T07:37:14","slug":"la-meteo-du-dimanche-4-mai-a-lyon","status":"publish","type":"post","link":"https:\/\/www.europesays.com\/fr\/73747\/","title":{"rendered":"la m\u00e9t\u00e9o du dimanche 4 mai \u00e0 Lyon"},"content":{"rendered":"<p>                            <img loading=\"lazy\" width=\"960\" height=\"600\" class=\"attachment-article size-article wp-post-image lazyload\" alt=\"orage Lyon\" decoding=\"async\" src=\"https:\/\/www.europesays.com\/fr\/wp-content\/uploads\/2025\/05\/orage-tres-violent-lyon-3-juin-2023-meteo-pluie-deluge-images-pourquoi-960x640-1-e1712063490609.jpg\" data-eio-rwidth=\"960\" data-eio-rheight=\"600\"\/><\/p>\n<p>Illustration Romain Weber-Lyon M\u00e9t\u00e9o<\/p>\n<p class=\"content\" style=\"font-size:1.2em;font-weight:700\">Apr\u00e8s les orages de la veille, une instabilit\u00e9 persistante est attendue ce dimanche, avec des averses \u00e0 partir de 13h. La m\u00e9t\u00e9o \u00e0 Lyon.<\/p>\n<p>La journ\u00e9e commence sous un ciel couvert avec des pluies faibles le matin. Les temp\u00e9ratures matinales avoisinent les 14\u00b0C. Dans l&rsquo;apr\u00e8s-midi, le temps reste perturb\u00e9 avec des averses orageuses possibles, et les temp\u00e9ratures atteigneront 20\u00b0C entre 14 et 16 heures. En soir\u00e9e, le ciel demeure couvert avec des risques d&rsquo;averses orageuses, et les temp\u00e9ratures descendent \u00e0 15\u00b0C. La nuit s&rsquo;annonce \u00e9galement pluvieuse avec des temp\u00e9ratures autour de 13\u00b0C.<\/p>\n<p><strong>Lire aussi : <a href=\"https:\/\/www.lyoncapitale.fr\/actualite\/c-est-quoi-cette-dinguerie-la-grele-s-abat-sur-lyon\" target=\"_blank\" rel=\"noreferrer noopener nofollow\">\u00ab\u00a0C&rsquo;est quoi cette dinguerie ?\u00a0\u00bb : la gr\u00eale a frapp\u00e9 Lyon<\/a><\/strong><\/p>\n<p class=\"content\" style=\"font-size:1.2em;font-weight:700\">Le d\u00e9partement plac\u00e9 en vigilance jaune orages et pluie-inondation<\/p>\n<p>M\u00e9t\u00e9o-France a plac\u00e9 le d\u00e9partement du Rh\u00f4ne en vigilance jaune pour orages et risques de fortes pr\u00e9cipitations jusqu&rsquo;\u00e0 minuit. Les conditions m\u00e9t\u00e9orologiques devraient s&rsquo;am\u00e9liorer progressivement dans les prochains jours, avec une diminution des pr\u00e9cipitations et des temp\u00e9ratures plus cl\u00e9mentes attendues en milieu de semaine.<\/p>\n","protected":false},"excerpt":{"rendered":"Illustration Romain Weber-Lyon M\u00e9t\u00e9o Apr\u00e8s les orages de la veille, une instabilit\u00e9 persistante est attendue ce dimanche, avec&hellip;\n","protected":false},"author":2,"featured_media":73748,"comment_status":"","ping_status":"","sticky":false,"template":"","format":"standard","meta":{"footnotes":""},"categories":[1889],"tags":[1111,11,2430,1777,674,1011,27,2428,2487,12,25,2429],"class_list":{"0":"post-73747","1":"post","2":"type-post","3":"status-publish","4":"format-standard","5":"has-post-thumbnail","7":"category-lyon","8":"tag-actu","9":"tag-actualites","10":"tag-auvergne-rhone-alpes","11":"tag-eu","12":"tag-europe","13":"tag-fr","14":"tag-france","15":"tag-lyon","16":"tag-meteo","17":"tag-news","18":"tag-republique-francaise","19":"tag-rhone"},"share_on_mastodon":{"url":"https:\/\/pubeurope.com\/@fr\/114448422986507243","error":""},"_links":{"self":[{"href":"https:\/\/www.europesays.com\/fr\/wp-json\/wp\/v2\/posts\/73747","targetHints":{"allow":["GET"]}}],"collection":[{"href":"https:\/\/www.europesays.com\/fr\/wp-json\/wp\/v2\/posts"}],"about":[{"href":"https:\/\/www.europesays.com\/fr\/wp-json\/wp\/v2\/types\/post"}],"author":[{"embeddable":true,"href":"https:\/\/www.europesays.com\/fr\/wp-json\/wp\/v2\/users\/2"}],"replies":[{"embeddable":true,"href":"https:\/\/www.europesays.com\/fr\/wp-json\/wp\/v2\/comments?post=73747"}],"version-history":[{"count":0,"href":"https:\/\/www.europesays.com\/fr\/wp-json\/wp\/v2\/posts\/73747\/revisions"}],"wp:featuredmedia":[{"embeddable":true,"href":"https:\/\/www.europesays.com\/fr\/wp-json\/wp\/v2\/media\/73748"}],"wp:attachment":[{"href":"https:\/\/www.europesays.com\/fr\/wp-json\/wp\/v2\/media?parent=73747"}],"wp:term":[{"taxonomy":"category","embeddable":true,"href":"https:\/\/www.europesays.com\/fr\/wp-json\/wp\/v2\/categories?post=73747"},{"taxonomy":"post_tag","embeddable":true,"href":"https:\/\/www.europesays.com\/fr\/wp-json\/wp\/v2\/tags?post=73747"}],"curies":[{"name":"wp","href":"https:\/\/api.w.org\/{rel}","templated":true}]}}