{"id":73761,"date":"2025-05-04T07:45:09","date_gmt":"2025-05-04T07:45:09","guid":{"rendered":"https:\/\/www.europesays.com\/fr\/73761\/"},"modified":"2025-05-04T07:45:09","modified_gmt":"2025-05-04T07:45:09","slug":"ukraine-onze-blesses-a-kyiv-dans-une-attaque-nocturne-de-drones-04-05-2025-a-0909","status":"publish","type":"post","link":"https:\/\/www.europesays.com\/fr\/73761\/","title":{"rendered":"Ukraine-Onze bless\u00e9s \u00e0 Kyiv dans une attaque nocturne de drones &#8211; 04\/05\/2025 \u00e0 09:09"},"content":{"rendered":"<p>\n Au moins 11 personnes dont deux<br \/>\nenfants ont \u00e9t\u00e9 bless\u00e9es lors d&rsquo;une attaque de drones russes<br \/>\nmen\u00e9e sur Kyiv dans la nuit de samedi \u00e0 dimanche, rapportent les<br \/>\nautorit\u00e9s militaires et civiles de la capitale ukrainienne.\n<\/p>\n<p>\n Des chutes de d\u00e9bris de drones abattus par la d\u00e9fense<br \/>\na\u00e9rienne ont d\u00e9clench\u00e9 des incendies dans plusieurs b\u00e2timents<br \/>\nd&rsquo;habitation, a d\u00e9clar\u00e9 le chef de l&rsquo;administration militaire de<br \/>\nla ville, Timour Tkatchenko, sur les r\u00e9seaux sociaux.\n<\/p>\n<p>\n L&rsquo;arm\u00e9e ukranienne a dit avoir d\u00e9truit 69 drones sur un<br \/>\ntotal de 165 tir\u00e9s sur l&rsquo;Ukraine au cours de la nuit par la<br \/>\nRussie, 80 autres ayant \u00e9t\u00e9 d\u00e9tourn\u00e9s de leur trajectoire.\n<\/p>\n<p>\n La Russie a d\u00e9clar\u00e9 de son c\u00f4t\u00e9 avoir abattu 13 drones<br \/>\nukrainiens visant les r\u00e9gions de Rostov, Belgorod et Bryansk.\n<\/p>\n<p>\n Le pr\u00e9sident russe Vladimir Poutine a annonc\u00e9 lundi une<br \/>\ntr\u00eave de trois jours du 8 au 10 mai \u00e0 l&rsquo;occasion du 80e<br \/>\nanniversaire de la fin de la \u00ab\u00a0Grande Guerre patriotique\u00a0\u00bb aux<br \/>\nc\u00f4t\u00e9s des Alli\u00e9s face \u00e0 l&rsquo;Allemagne nazie en 1945.\n<\/p>\n<p>\n L&rsquo;Ukraine a r\u00e9pondu en renouvelant sa proposition d&rsquo;un<br \/>\ncessez-le-feu de trente jours.\n<\/p>\n<p>\n (Valentyn Ogirenko, Christian Lowe, Pavel Polityuk et Lidia<br \/>\nKelly; Jean-St\u00e9phane Brosse pour la version fran\u00e7aise)<\/p>\n","protected":false},"excerpt":{"rendered":"Au moins 11 personnes dont deux enfants ont \u00e9t\u00e9 bless\u00e9es lors d&rsquo;une attaque de drones russes men\u00e9e sur&hellip;\n","protected":false},"author":2,"featured_media":2486,"comment_status":"","ping_status":"","sticky":false,"template":"","format":"standard","meta":{"footnotes":""},"categories":[1590],"tags":[400,11,398,408,405,1777,674,403,402,399,404,12,401,406,220,407],"class_list":{"0":"post-73761","1":"post","2":"type-post","3":"status-publish","4":"format-standard","5":"has-post-thumbnail","7":"category-ukraine","8":"tag-action-cac-40","9":"tag-actualites","10":"tag-bourse-de-paris","11":"tag-boursorama","12":"tag-cotations","13":"tag-eu","14":"tag-europe","15":"tag-indices-devises","16":"tag-investir","17":"tag-investissement","18":"tag-marche-boursier","19":"tag-news","20":"tag-sicav","21":"tag-trackers","22":"tag-ukraine","23":"tag-warrants"},"share_on_mastodon":{"url":"https:\/\/pubeurope.com\/@fr\/114448454367727733","error":""},"_links":{"self":[{"href":"https:\/\/www.europesays.com\/fr\/wp-json\/wp\/v2\/posts\/73761","targetHints":{"allow":["GET"]}}],"collection":[{"href":"https:\/\/www.europesays.com\/fr\/wp-json\/wp\/v2\/posts"}],"about":[{"href":"https:\/\/www.europesays.com\/fr\/wp-json\/wp\/v2\/types\/post"}],"author":[{"embeddable":true,"href":"https:\/\/www.europesays.com\/fr\/wp-json\/wp\/v2\/users\/2"}],"replies":[{"embeddable":true,"href":"https:\/\/www.europesays.com\/fr\/wp-json\/wp\/v2\/comments?post=73761"}],"version-history":[{"count":0,"href":"https:\/\/www.europesays.com\/fr\/wp-json\/wp\/v2\/posts\/73761\/revisions"}],"wp:featuredmedia":[{"embeddable":true,"href":"https:\/\/www.europesays.com\/fr\/wp-json\/wp\/v2\/media\/2486"}],"wp:attachment":[{"href":"https:\/\/www.europesays.com\/fr\/wp-json\/wp\/v2\/media?parent=73761"}],"wp:term":[{"taxonomy":"category","embeddable":true,"href":"https:\/\/www.europesays.com\/fr\/wp-json\/wp\/v2\/categories?post=73761"},{"taxonomy":"post_tag","embeddable":true,"href":"https:\/\/www.europesays.com\/fr\/wp-json\/wp\/v2\/tags?post=73761"}],"curies":[{"name":"wp","href":"https:\/\/api.w.org\/{rel}","templated":true}]}}