{"id":73794,"date":"2025-05-04T08:05:13","date_gmt":"2025-05-04T08:05:13","guid":{"rendered":"https:\/\/www.europesays.com\/fr\/73794\/"},"modified":"2025-05-04T08:05:13","modified_gmt":"2025-05-04T08:05:13","slug":"comment-francois-decaens-photographe-discret-des-rues-de-caen-se-devoile-dans-un-livre-sans-sy-montrer","status":"publish","type":"post","link":"https:\/\/www.europesays.com\/fr\/73794\/","title":{"rendered":"Comment Fran\u00e7ois Deca\u00ebns, photographe discret des rues de Caen, se d\u00e9voile dans un livre, sans s\u2019y montrer"},"content":{"rendered":"<p>            Par<br \/>\n        <strong><br \/>\n            <a href=\"https:\/\/actu.fr\/auteur\/christophe-jacquet\" title=\"Consulter tous les articles de Christophe Jacquet\" target=\"_blank\" rel=\"noopener\">Christophe Jacquet<\/a><br \/>\n        <\/strong><\/p>\n<p>        Publi\u00e9 le<\/p>\n<p>            4 mai 2025 \u00e0 9h30        <\/p>\n<p>En bon <b>photographe<\/b>, <b>Fran\u00e7ois Deca\u00ebns<\/b> aime la lumi\u00e8re \u00e0 <b>Caen<\/b> (Calvados). Il adore jouer avec elle, ses reflets, ses contrastes. Mais hors de question pour lui d\u2019y entrer, de tirer la couverture \u00e0 lui.<\/p>\n<p>Il pr\u00e9f\u00e8re les photographes \u00ab\u2009qui se cachent derri\u00e8re leur appareil\u2009\u00bb<\/p>\n<p class=\" wall-content\">Chez ses illustres pairs, ce capteur d\u2019images officielles pour l\u2019ex R\u00e9gion Basse-Normandie et <b>pour la Ville de Caen<\/b> pr\u00e9f\u00e8re \u00ab\u2009ces gens tr\u00e8s modestes, qui se cachent derri\u00e8re leur appareil\u2009\u00bb. Comme Willy Ronis \u2013 \u00ab\u2009un homme d\u00e9licieux\u2009\u00bb, \u00c9douard Boubat ou <a href=\"https:\/\/actu.fr\/normandie\/epron_14242\/cette-commune-pres-de-caen-avait-eu-la-visite-dun-grand-photographe-ses-images-viennent-detre-retrouvees_62168789.html\" target=\"_blank\" rel=\"noopener\">Robert Doisneau<\/a>.<\/p>\n<p class=\" wall-content\">\u00c0 l\u2019\u00e9chelle de <b>Caen, o\u00f9 il est n\u00e9 en 1965<\/b>, o\u00f9 il a presque toujours v\u00e9cu, <a href=\"https:\/\/www.instagram.com\/francoisdecaens\" target=\"_blank\" rel=\"noopener\">Fran\u00e7ois Deca\u00ebns<\/a> est de cette sensibilit\u00e9. Qu\u2019il exprime un peu dans son travail institutionnel, quand les \u00e9v\u00e9nements couverts et la communication verrouill\u00e9e des \u00e9lus le lui permettent. Et beaucoup plus au quotidien, dans ces photos prises en se \u00ab\u2009promenant dans les rues\u2009\u00bb de Caen, le nez et les yeux bleus lev\u00e9s vers le ciel.<\/p>\n<p>La photographie\u2009? \u00ab\u2009C\u2019\u00e9tait plus facile\u2009\u00bb<\/p>\n<p class=\" wall-content\">Jusqu\u2019ici, il les avait gard\u00e9es pour lui, quelque part. \u00ab\u2009Je n\u2019ai aucune photo de moi accroch\u00e9e \u00e0 la maison.\u2009\u00bb <b>Il a attendu d\u2019avoir 60\u00a0ans<\/b> <b>pour<\/b> en <b>publier<\/b> certaines dans <b>un livre \u00ab\u2009intime\u2009\u00bb<\/b>, Caen. Points de vue, \u00e9dit\u00e9 \u00e0 4\u2009000 exemplaires par la librairie Publica, rue Saint-Jean.<\/p>\n<p>Caen, sa ville, en arr\u00eats sur images<\/p>\n<p>Le premier livre personnel du photographe Fran\u00e7ois Deca\u00ebns provient d&rsquo;une question, qui ent\u00eate son \u00e9diteur, le libraire Christophe Scelles. \u00ab\u00a0Pourquoi personne jusqu&rsquo;ici n&rsquo;a us\u00e9 de ses photos de Caen ? Ce ne sont pas des images qu&rsquo;on a l&rsquo;habitude de voir.\u00a0\u00bb<br \/>&#13;<br \/>\nLe repreneur et g\u00e9rant de la librairie religieuse Publica, rue Saint-Jean \u00e0 Caen, \u00ab\u00a0a confiance\u00a0\u00bb. Il a fait imprimer 4 000 exemplaires du deuxi\u00e8me ouvrage, seulement, \u00e9dit\u00e9 par ses soins. En plein Mill\u00e9naire, \u00ab\u00a0on a voulu faire autre chose qu&rsquo;un \u00e9ni\u00e8me livre d&rsquo;Histoire sur Caen\u00a0\u00bb.<br \/>&#13;<br \/>\nEn une centaine de pages, le livre Caen. Points de vue intrique des photos exclusives de Fran\u00e7ois Deca\u00ebns et de courts textes de vingt personnalit\u00e9s n\u00e9es ou pass\u00e9es par Caen. Comme la journaliste et productrice Laure Adler, et son souvenir de \u00ab\u00a0la rue du Gaillon\u00a0\u00bb, \u00ab\u00a0l\u00e0 o\u00f9 ma grand-m\u00e8re va m&rsquo;accueillir [&#8230;] la rue o\u00f9 je vais tout apprendre\u00a0\u00bb , l&rsquo;\u00e9crivain et critique Jean-Louis Ezine, et son \u00e9vocation lyrique de la Prairie, Alain Genestar, l&rsquo;ancien patron du JDD et de Paris-Match, qui se rappelle de sa naissance \u00ab\u00a0dans un baraquement am\u00e9ricain bleu ciel\u00a0\u00bb, des maisons su\u00e9doises, \u00ab\u00a0des collines de lierre recouvrant les d\u00e9combres\u00a0\u00bb, etc.<br \/>&#13;<br \/>\nEn regard, Fran\u00e7ois Deca\u00ebns dialogue avec des clich\u00e9s un peu joueurs, qu&rsquo;il a pris au bo\u00eetier ou au t\u00e9l\u00e9phone, \u00ab\u00a0il y a sept ou huit ans\u00a0\u00bb ou \u00ab\u00a0jusqu&rsquo;\u00e0 deux jours\u00a0\u00bb avant le bouclage de l&rsquo;ouvrage. On y retrouve des panoramas de Caen \u00e0 toutes les saisons, des vues d&rsquo;\u00e9glises, des d\u00e9tails de l&rsquo;Universit\u00e9, de terrasses, de concerts, saisis sur le vif ou tr\u00e8s compos\u00e9s. \u00ab\u00a0J&rsquo;ai choisi les photos qui me sont rest\u00e9es \u00e0 l&rsquo;esprit, qui sont en relation intime avec les endroits o\u00f9 je vis\u00a0\u00bb, relate Fran\u00e7ois Deca\u00ebns. \u00ab\u00a0J&rsquo;y ai laiss\u00e9 les imperfections, les contre-jour violents [comme en couverture du livre]. Souvent, je vois plus les formes que le sujet.\u00a0\u00bb<br \/>&#13;<br \/>\nElles sont r\u00e9v\u00e9l\u00e9es par la mise en page d&rsquo;Anne Sablery. La graphiste, selon Christophe Scelles, \u00ab\u00a0a trouv\u00e9 des correspondances entre les photos, des associations de formes et de couleurs\u00a0\u00bb, dont Fran\u00e7ois Deca\u00ebns n&rsquo;a pas toujours conscience. On retrouve dans son livre ses figures de style pr\u00e9f\u00e9r\u00e9es. \u00ab\u00a0J&rsquo;adore les effets de miroir. C&rsquo;est une autre fa\u00e7on de voir Caen, c&rsquo;est comme une autre ville qui se r\u00e9fl\u00e9chit.\u00a0\u00bb<\/p>\n<p class=\" wall-content\">Un ouvrage bourr\u00e9 de \u00ab\u2009clins d\u2019\u0153il\u2009\u00bb, o\u00f9 apparaissent \u00ab\u2009plusieurs fois\u2009\u00bb ses enfants. Mais lui, jamais. <b>Pas de selfie, pas d\u2019autoportrait.<\/b> Seul son regard, parfois inattendu, sur les lieux, les personnes qu\u2019il croise, les instants d\u00e9cisifs ou non, y transpara\u00eet.<\/p>\n<p>Vid\u00e9os : en ce moment sur ActuAu Louvre ou sur les chantiers de fouille \u00e0 Caen<\/p>\n<p class=\" wall-content\">Comment l\u2019a-t-il forg\u00e9, ce regard, lui qui \u00ab\u2009voulait \u00eatre peintre\u2009\u00bb et a adopt\u00e9 la photographie parce que \u00ab\u2009c\u2019\u00e9tait plus facile\u2009\u00bb\u2009? Pour Fran\u00e7ois Deca\u00ebns, tout a peut-\u00eatre commenc\u00e9 avec son p\u00e8re, <a href=\"https:\/\/actu.fr\/normandie\/caen_14118\/hommage-joseph-decaens-est-decede_2711294.html\" target=\"_blank\" rel=\"noopener\">Joseph, grand arch\u00e9ologue m\u00e9di\u00e9val<\/a> au ch\u00e2teau, d\u00e9c\u00e9d\u00e9 en 2016, apr\u00e8s \u00eatre rest\u00e9 16\u00a0ans maire de Louvigny. \u00ab\u2009Il m\u2019emmenait au Louvre, \u00e0 Paris, le dimanche matin. On allait voir deux tableaux, pas plus, et il m\u2019expliquait.\u2009\u00bb<\/p>\n<p class=\" wall-content\">Il le tra\u00eenait aussi <a href=\"https:\/\/actu.fr\/normandie\/caen_14118\/avec-ces-surprenantes-decouvertes-le-chateau-de-caen-va-pouvoir-recrire-son-histoire_60463673.html\" target=\"_blank\" rel=\"noopener\">sur les chantiers de fouille<\/a>. Discret, Fran\u00e7ois Deca\u00ebns se confie \u00e0 mots compt\u00e9s. Une r\u00e9v\u00e9lation lui vient quelques heures apr\u00e8s notre entrevue, par SMS.<\/p>\n<blockquote class=\"ac-article-quote wall-content\">\n<p>Je crois que j\u2019ai appris \u00e0 regarder les couleurs sur les strates successives des chantiers arch\u00e9ologiques. Des couleurs par \u00e9poque, qui s\u2019entrem\u00ealent.<\/p>\n<p>Fran\u00e7ois Deca\u00ebns, photographe<\/p><\/blockquote>\n<p class=\" wall-content\">Ces couleurs, il en a jou\u00e9 pour la premi\u00e8re fois apr\u00e8s la fac d\u2019Histoire \u00e0 l\u2019<a href=\"https:\/\/actu.fr\/tag\/universite-de-caen\" target=\"_blank\" rel=\"noopener\">Universit\u00e9 de Caen<\/a>, \u00ab\u2009dans un studio de photo sur le port, qui ne faisait que de la pub\u2009\u00bb.<\/p>\n<p class=\" wall-content\">Apr\u00e8s, il entre \u00e0 la direction r\u00e9gionale des affaires culturelles (DRAC), <b>\u00e0 l\u2019inventaire du patrimoine<\/b>, \u00ab\u2009pour \u00e9viter l\u2019arm\u00e9e\u2009\u00bb. \u00ab\u2009Je ne devais faire que deux ans \u00e0 l\u2019\u00e9poque, j\u2019y suis rest\u00e9 14\u00a0ann\u00e9es.\u2009\u00bb C\u2019est l\u00e0 qu\u2019il rencontre Pascal Corbi\u00e8res. \u00ab\u2009Il m\u2019a enseign\u00e9 la rigueur, il m\u2019a appris la technique, pour mieux m\u2019en passer.\u2009\u00bb \u00c0 deux, ils parcourent \u00ab\u2009toute la Basse-Normandie\u2009\u00bb. \u00ab\u2009On a d\u00e9couvert de ces tableaux dans les \u00e9glises\u2009\u00bb, se souvient le fervent amateur du peintre Jacques Deschamps, dont il a rachet\u00e9 la maison.<\/p>\n<p>\u00c0 l\u2019\u00e9cart depuis un an<\/p>\n<p class=\" wall-content\">Par la suite, il passe au service communication de l\u2019ancienne R\u00e9gion. \u00ab\u2009Ce n\u2019est pas le m\u00eame boulot. On est plus au contact des gens.\u2009\u00bb Avant que <b>Philippe Duron<\/b>, un \u00ab\u2009ami\u2009\u00bb de son p\u00e8re, et maire de Caen de 2008 \u00e0 2014, ne <b>l\u2019attire \u00e0 la Ville de Caen<\/b>. Il y a \u0153uvr\u00e9 depuis, \u00ab\u2009s\u00e9rieusement, sans se prendre au s\u00e9rieux\u2009\u00bb.<\/p>\n<p>      <img   decoding=\"async\" loading=\"lazy\" class=\"size-large\" src=\"https:\/\/www.europesays.com\/fr\/wp-content\/uploads\/2025\/05\/c5da5e72e01862dda5e72e01821ea5v-960x640.jpg\" alt=\"Caen - photo - livre - Fran\u00e7ois Deca\u00ebns\" width=\"960\" height=\"640\"\/><br \/>\n    Dans son livre, Fran\u00e7ois Deca\u00ebns glisse des vues parfois joueuses de sa ville natale. \u00a9Fran\u00e7ois Deca\u00ebns<\/p>\n<p class=\" wall-content\">Jusqu\u2019\u00e0 l\u2019an dernier, et cette maladie respiratoire qui le tient en arr\u00eat longue dur\u00e9e. Un peu coup\u00e9 du monde, \u00e0 l\u2019\u00e9cart des affaires municipales, mais pas de ses passions constantes pour le dessin, pour les livres.<\/p>\n<p class=\" wall-content\">Tout en se formant \u00e0 la reliure, Fran\u00e7ois Deca\u00ebns figure, en \u00ab\u2009gros lecteur\u2009\u00bb, au jury du Prix litt\u00e9raire de la Ville, dont il pr\u00e9pare une exposition, pour son demi-si\u00e8cle d\u2019existence, en 2026.<\/p>\n<p>Pratique. Fran\u00e7ois Deca\u00ebns, Caen. Points de vue, \u00c9ditions Publica, 114 pages, 20\u00a0\u20ac. Disponible en commande sur le site <a href=\"https:\/\/www.librairie-publica.fr\/caen-points-de-vue-1.html\" target=\"_blank\" rel=\"noopener\">www.librairie-publica.fr<\/a><\/p>\n<p class=\" wall-content\">Suivez toute l\u2019actualit\u00e9 de vos villes et m\u00e9dias favoris en vous inscrivant \u00e0 <a href=\"https:\/\/moncompte.actu.fr\" title=\"D\u00e9couvez Mon Actu\" rel=\"nofollow noopener\" data-trk=\"{&quot;cta&quot;:{&quot;action&quot;:&quot;https:\\\/\\\/moncompte.actu.fr&quot;,&quot;category&quot;:&quot;mon compte&quot;,&quot;from&quot;:&quot;article footer&quot;,&quot;name&quot;:&quot;Mon actu&quot;,&quot;type&quot;:&quot;cta&quot;}}\" target=\"_blank\">Mon Actu<\/a>.<\/p>\n<p>                    <script async src=\"\/\/www.instagram.com\/embed.js\"><\/script><\/p>\n","protected":false},"excerpt":{"rendered":"Par Christophe Jacquet Publi\u00e9 le 4 mai 2025 \u00e0 9h30 En bon photographe, Fran\u00e7ois Deca\u00ebns aime la lumi\u00e8re&hellip;\n","protected":false},"author":2,"featured_media":73795,"comment_status":"","ping_status":"","sticky":false,"template":"","format":"standard","meta":{"footnotes":""},"categories":[1357],"tags":[1379,5164,58,59,1011,27,1380,1756,9026,104],"class_list":{"0":"post-73794","1":"post","2":"type-post","3":"status-publish","4":"format-standard","5":"has-post-thumbnail","7":"category-livres","8":"tag-books","9":"tag-calvados","10":"tag-divertissement","11":"tag-entertainment","12":"tag-fr","13":"tag-france","14":"tag-livres","15":"tag-photographie","16":"tag-portrait","17":"tag-societe"},"share_on_mastodon":{"url":"https:\/\/pubeurope.com\/@fr\/114448533072419773","error":""},"_links":{"self":[{"href":"https:\/\/www.europesays.com\/fr\/wp-json\/wp\/v2\/posts\/73794","targetHints":{"allow":["GET"]}}],"collection":[{"href":"https:\/\/www.europesays.com\/fr\/wp-json\/wp\/v2\/posts"}],"about":[{"href":"https:\/\/www.europesays.com\/fr\/wp-json\/wp\/v2\/types\/post"}],"author":[{"embeddable":true,"href":"https:\/\/www.europesays.com\/fr\/wp-json\/wp\/v2\/users\/2"}],"replies":[{"embeddable":true,"href":"https:\/\/www.europesays.com\/fr\/wp-json\/wp\/v2\/comments?post=73794"}],"version-history":[{"count":0,"href":"https:\/\/www.europesays.com\/fr\/wp-json\/wp\/v2\/posts\/73794\/revisions"}],"wp:featuredmedia":[{"embeddable":true,"href":"https:\/\/www.europesays.com\/fr\/wp-json\/wp\/v2\/media\/73795"}],"wp:attachment":[{"href":"https:\/\/www.europesays.com\/fr\/wp-json\/wp\/v2\/media?parent=73794"}],"wp:term":[{"taxonomy":"category","embeddable":true,"href":"https:\/\/www.europesays.com\/fr\/wp-json\/wp\/v2\/categories?post=73794"},{"taxonomy":"post_tag","embeddable":true,"href":"https:\/\/www.europesays.com\/fr\/wp-json\/wp\/v2\/tags?post=73794"}],"curies":[{"name":"wp","href":"https:\/\/api.w.org\/{rel}","templated":true}]}}