{"id":73812,"date":"2025-05-04T08:15:20","date_gmt":"2025-05-04T08:15:20","guid":{"rendered":"https:\/\/www.europesays.com\/fr\/73812\/"},"modified":"2025-05-04T08:15:20","modified_gmt":"2025-05-04T08:15:20","slug":"bayrou-soppose-a-retailleau-en-defendant-le-terme-islamophobie","status":"publish","type":"post","link":"https:\/\/www.europesays.com\/fr\/73812\/","title":{"rendered":"Bayrou s\u2019oppose \u00e0 Retailleau en d\u00e9fendant le terme \u00ab\u00a0islamophobie\u00a0\u00bb"},"content":{"rendered":"<p>Un mot fissure le gouvernement, mais aussi l\u2019ensemble de la classe politique. Fran\u00e7ois Bayrou a donc tenu \u00e0 rappeler \u00e0 ses ministres qu\u2019elle \u00e9tait sa position. Le Premier ministre a ainsi d\u00e9fendu dans le <a href=\"https:\/\/www.lejdd.fr\/politique\/exclusif-budget-dette-impots-francois-bayrou-veut-un-referendum-157685\" rel=\"nofollow noopener\" target=\"_blank\" class=\"color-ultramarine c-link\">JDD<\/a> son emploi du terme \u00ab\u00a0islamophobe\u00a0\u00bb, apr\u00e8s <a href=\"https:\/\/www.20minutes.fr\/faits_divers\/4151552-20250502-meurtre-mosquee-gard-suspect-envie-obsessionnelle-tuer-affirme-procureure\" target=\"_blank\" class=\"color-ultramarine c-link\" rel=\"noopener\">le meurtre d\u2019un musulman dans une mosqu\u00e9e<\/a> la semaine derni\u00e8re.<\/p>\n<p>\u00ab\u00a0Il faut avoir le courage de dire les choses telles qu\u2019elles sont\u00a0\u00bb, mart\u00e8le le locataire de Matignon dans cette interview parue samedi soir sur le site du journal.<\/p>\n<p>\u00ab\u00a0Pourquoi refuser les mots justes\u00a0?\u00a0\u00bb<\/p>\n<p>\u00ab\u00a0Refuser un mot parce qu\u2019on ne veut pas regarder la r\u00e9alit\u00e9 en face, c\u2019est une attitude que j\u2019ai d\u00e9j\u00e0 rencontr\u00e9e dans ma vie politique. Ici, les faits sont clairs\u00a0: un gar\u00e7on de 22 ans, assassin\u00e9 dans une mosqu\u00e9e pendant qu\u2019il priait. Et son agresseur filme sa mort en prof\u00e9rant des insultes contre Allah. Alors je pose la question\u00a0: si ce n\u2019est pas de la haine dirig\u00e9e contre l\u2019islam, qu\u2019est-ce que c\u2019est\u00a0? Pourquoi refuser les mots justes\u00a0?\u00a0\u00bb, ajoute-t-il. \u00ab\u00a0Je vois la d\u00e9testation des musulmans et de l\u2019Islam, la d\u00e9testation des Juifs et du juda\u00efsme. Et la d\u00e9testation des chr\u00e9tiens. Avec des crimes dans les trois cas\u00a0\u00bb, pr\u00e9cise-t-il.<\/p>\n<\/p>\n<p>Ce terme n\u2019est pratiquement pas utilis\u00e9 par la droite, qui le conteste. \u00ab\u00a0Il y a une connotation id\u00e9ologique du terme \u00ab\u00a0islamophobie\u00a0\u00bb\u00a0tr\u00e8s marqu\u00e9e vis-\u00e0-vis des Fr\u00e8res musulmans, qui fait que dans notre minist\u00e8re, on prend la pr\u00e9caution de ne pas l\u2019utiliser\u00a0\u00bb, avait expliqu\u00e9 le ministre de l\u2019Int\u00e9rieur <a href=\"https:\/\/www.20minutes.fr\/dossier\/bruno_retailleau\" target=\"_blank\" class=\"color-ultramarine c-link\" rel=\"noopener\">Bruno Retailleau<\/a> apr\u00e8s le meurtre d\u2019Aboubakar Ciss\u00e9 dans le Gard.<\/p>\n<p>Une grande partie de la gauche l\u2019utilise mais ce n\u2019\u00e9tait pas le cas il y a encore quelques ann\u00e9es. \u00ab\u00a0Certes, \u00ab\u00a0islamophobe\u00a0\u00bb est un mot que nous n\u2019aimons pas. Certes, nous pr\u00e9f\u00e9rons combattre la \u00ab\u00a0haine des musulmans\u00a0\u00bb. Mais la question pos\u00e9e aujourd\u2019hui n\u2019est pas du tout celle du droit ou non de critiquer une religion\u00a0\u00bb, \u00e9crivait ainsi <a href=\"https:\/\/www.20minutes.fr\/politique\/jean-luc-melenchon\/\" target=\"_blank\" class=\"color-ultramarine c-link\" rel=\"noopener\">Jean-Luc M\u00e9lenchon<\/a> en\u00a02019. A l\u2019\u00e9poque, la gauche se d\u00e9chirait sur la n\u00e9cessit\u00e9 de participer ou non \u00e0 une marche \u00ab\u00a0contre l\u2019islamophobie\u00a0\u00bb organis\u00e9e par le Collectif contre l\u2019islamophobie en France, dissous depuis car accus\u00e9 de liens avec les Fr\u00e8res musulmans.<\/p>\n<p>Les Insoumis utilisent maintenant tr\u00e8s largement ce mot. \u00ab\u00a0Que ceux qui essaient de noyer le sujet sur fond d\u2019acrobatie s\u00e9mantique se r\u00e9veillent\u00a0\u00bb, a fustig\u00e9 dans la semaine l\u2019eurod\u00e9put\u00e9e <a href=\"https:\/\/www.20minutes.fr\/politique\/rima-hassan\/\" target=\"_blank\" class=\"color-ultramarine c-link\" rel=\"noopener\">Rima Hassan<\/a>.<\/p>\n<p>Fabien Roussel pr\u00e9f\u00e8re un autre terme<\/p>\n<p>En\u00a02021, le d\u00e9put\u00e9 socialiste J\u00e9r\u00f4me Guedj expliquait r\u00e9cuser ce terme qu\u2019il consid\u00e9rait comme un \u00ab\u00a0concept \u00e9minemment politique et pernicieux\u00a0\u00bb. \u00ab\u00a0La bataille politique commence toujours par la bataille des mots. Ce mot leur permet d\u2019englober subrepticement mais m\u00e9thodiquement la contestation des lois la\u00efques\u00a0\u00bb, disait-il alors.<\/p>\n<p><a href=\"https:\/\/www.20minutes.fr\/politique\/\" target=\"_blank\" class=\"c-link c-btn c-btn--primary\" rel=\"noopener\">Notre dossier Politique<\/a><\/p>\n<p>Son usage n\u2019est toujours pas r\u00e9pandu partout \u00e0 gauche. Le patron du Parti communiste fran\u00e7ais Fabien Roussel lui pr\u00e9f\u00e8re ainsi le terme \u00ab\u00a0haine anti-musulmans\u00a0\u00bb.<\/p>\n","protected":false},"excerpt":{"rendered":"Un mot fissure le gouvernement, mais aussi l\u2019ensemble de la classe politique. Fran\u00e7ois Bayrou a donc tenu \u00e0&hellip;\n","protected":false},"author":2,"featured_media":73813,"comment_status":"","ping_status":"","sticky":false,"template":"","format":"standard","meta":{"footnotes":""},"categories":[4],"tags":[47,11,1013,1011,27,431,5318,3081,1023,8335,12,2703,4484,316,25,133],"class_list":{"0":"post-73812","1":"post","2":"type-post","3":"status-publish","4":"format-standard","5":"has-post-thumbnail","7":"category-france","8":"tag-actualite","9":"tag-actualites","10":"tag-bruno-retailleau","11":"tag-fr","12":"tag-france","13":"tag-francois-bayrou","14":"tag-islam","15":"tag-jean-luc-melenchon","16":"tag-la-france-insoumise-lfi","17":"tag-les-republicains-lr","18":"tag-news","19":"tag-parti-communiste-francais-pcf","20":"tag-parti-socialiste-ps","21":"tag-politique","22":"tag-republique-francaise","23":"tag-video"},"share_on_mastodon":{"url":"https:\/\/pubeurope.com\/@fr\/114448572313453065","error":""},"_links":{"self":[{"href":"https:\/\/www.europesays.com\/fr\/wp-json\/wp\/v2\/posts\/73812","targetHints":{"allow":["GET"]}}],"collection":[{"href":"https:\/\/www.europesays.com\/fr\/wp-json\/wp\/v2\/posts"}],"about":[{"href":"https:\/\/www.europesays.com\/fr\/wp-json\/wp\/v2\/types\/post"}],"author":[{"embeddable":true,"href":"https:\/\/www.europesays.com\/fr\/wp-json\/wp\/v2\/users\/2"}],"replies":[{"embeddable":true,"href":"https:\/\/www.europesays.com\/fr\/wp-json\/wp\/v2\/comments?post=73812"}],"version-history":[{"count":0,"href":"https:\/\/www.europesays.com\/fr\/wp-json\/wp\/v2\/posts\/73812\/revisions"}],"wp:featuredmedia":[{"embeddable":true,"href":"https:\/\/www.europesays.com\/fr\/wp-json\/wp\/v2\/media\/73813"}],"wp:attachment":[{"href":"https:\/\/www.europesays.com\/fr\/wp-json\/wp\/v2\/media?parent=73812"}],"wp:term":[{"taxonomy":"category","embeddable":true,"href":"https:\/\/www.europesays.com\/fr\/wp-json\/wp\/v2\/categories?post=73812"},{"taxonomy":"post_tag","embeddable":true,"href":"https:\/\/www.europesays.com\/fr\/wp-json\/wp\/v2\/tags?post=73812"}],"curies":[{"name":"wp","href":"https:\/\/api.w.org\/{rel}","templated":true}]}}