{"id":73818,"date":"2025-05-04T08:18:10","date_gmt":"2025-05-04T08:18:10","guid":{"rendered":"https:\/\/www.europesays.com\/fr\/73818\/"},"modified":"2025-05-04T08:18:10","modified_gmt":"2025-05-04T08:18:10","slug":"bernauer-mathematiquement-il-faut-y-croire-ligue-1-j32-saint-etienne-monaco-1-3","status":"publish","type":"post","link":"https:\/\/www.europesays.com\/fr\/73818\/","title":{"rendered":"Bernauer : \u00ab\u202f\u202fMath\u00e9matiquement, il faut y croire\u00a0\u00bb &#8211; Ligue 1 &#8211; J32 &#8211; Saint-\u00c9tienne-Monaco (1-3)"},"content":{"rendered":"<p>Touch\u00e9 mais pas coul\u00e9.<\/p>\n<p><a target=\"_blank\" href=\"https:\/\/www.sofoot.com\/articles\/las-monaco-bat-saint-etienne-et-reprend-la-deuxieme-place-de-la-ligue-1\" rel=\"nofollow noopener\">Malgr\u00e9 un magnifique but de l\u2019\u00e9galisation \u00e0 l\u2019heure de jeu face \u00e0 l\u2019AS Monaco inscrit par Zuriko Davitashvili<\/a>, l\u2019AS Saint-\u00c9tienne a de nouveau chut\u00e9 \u00e0 domicile face \u00e0 Monaco (1-3). Une d\u00e9faite qui laisse toujours les Verts 17e en position de premier rel\u00e9gable, \u00e0 deux journ\u00e9es de la fin. Mais malgr\u00e9 cette situation tendue, le d\u00e9fenseur Maxime Bernaeur veut toujours y croire comme il le confiait \u00e0 DAZN en marge de la rencontre : \u00ab\u00a0On s\u2019est mis dans le dur tout seul, quand on perd 1-0 au bout de 2 minutes contre une belle \u00e9quipe comme Monaco\u2026 Pfff, \u00e7a fait chier parce qu\u2019on a toujours ces petits trucs qui font que\u2026 Moi le premier sur le 3e but, je m\u2019en veux, car je peux mieux faire. On savait que ce serait gal\u00e8re, on avait fait le plus dur en revenant et en \u00e9galisant. Et derri\u00e8re, on refait des erreurs et c\u2019est trop souvent comme \u00e7a cette saison. Il reste 2 matches, on se r\u00e9p\u00e8te, mais tant que c\u2019est faisable math\u00e9matiquement, il faut y croire.\u00bb<\/p>\n<p>Avec un Reims quasiment sauv\u00e9 et un T\u00e9f\u00e9c\u00e9 qui n\u2019a plus rien \u00e0 jouer au programme, l\u2019ASSE a effectivement encore une chance de rester en Ligue 1.<\/p>\n<p>\t\t\t\t\t\t\t\t\t\t<a class=\"lien-connexe\" href=\"https:\/\/www.sofoot.com\/articles\/las-monaco-bat-saint-etienne-et-reprend-la-deuxieme-place-de-la-ligue-1\" rel=\"nofollow noopener\" target=\"_blank\">Monaco \u00e9teint le Chaudron et redevient dauphin du PSG<\/a>\t\t\t\t\t<\/p>\n","protected":false},"excerpt":{"rendered":"Touch\u00e9 mais pas coul\u00e9. Malgr\u00e9 un magnifique but de l\u2019\u00e9galisation \u00e0 l\u2019heure de jeu face \u00e0 l\u2019AS Monaco&hellip;\n","protected":false},"author":2,"featured_media":73819,"comment_status":"","ping_status":"","sticky":false,"template":"","format":"standard","meta":{"footnotes":""},"categories":[9653],"tags":[1111,47,11,61,2430,69,65,64,1777,674,63,1011,27,68,66,12,62,70,25,4001,67],"class_list":{"0":"post-73818","1":"post","2":"type-post","3":"status-publish","4":"format-standard","5":"has-post-thumbnail","7":"category-saint-etienne","8":"tag-actu","9":"tag-actualite","10":"tag-actualites","11":"tag-actus-football","12":"tag-auvergne-rhone-alpes","13":"tag-bundesliga","14":"tag-championnats-europeens","15":"tag-equipe-de-france","16":"tag-eu","17":"tag-europe","18":"tag-football","19":"tag-fr","20":"tag-france","21":"tag-ligua","22":"tag-ligue-1","23":"tag-news","24":"tag-news-foot","25":"tag-premier-league","26":"tag-republique-francaise","27":"tag-saint-etienne","28":"tag-serie-a"},"share_on_mastodon":{"url":"https:\/\/pubeurope.com\/@fr\/114448584084770211","error":""},"_links":{"self":[{"href":"https:\/\/www.europesays.com\/fr\/wp-json\/wp\/v2\/posts\/73818","targetHints":{"allow":["GET"]}}],"collection":[{"href":"https:\/\/www.europesays.com\/fr\/wp-json\/wp\/v2\/posts"}],"about":[{"href":"https:\/\/www.europesays.com\/fr\/wp-json\/wp\/v2\/types\/post"}],"author":[{"embeddable":true,"href":"https:\/\/www.europesays.com\/fr\/wp-json\/wp\/v2\/users\/2"}],"replies":[{"embeddable":true,"href":"https:\/\/www.europesays.com\/fr\/wp-json\/wp\/v2\/comments?post=73818"}],"version-history":[{"count":0,"href":"https:\/\/www.europesays.com\/fr\/wp-json\/wp\/v2\/posts\/73818\/revisions"}],"wp:featuredmedia":[{"embeddable":true,"href":"https:\/\/www.europesays.com\/fr\/wp-json\/wp\/v2\/media\/73819"}],"wp:attachment":[{"href":"https:\/\/www.europesays.com\/fr\/wp-json\/wp\/v2\/media?parent=73818"}],"wp:term":[{"taxonomy":"category","embeddable":true,"href":"https:\/\/www.europesays.com\/fr\/wp-json\/wp\/v2\/categories?post=73818"},{"taxonomy":"post_tag","embeddable":true,"href":"https:\/\/www.europesays.com\/fr\/wp-json\/wp\/v2\/tags?post=73818"}],"curies":[{"name":"wp","href":"https:\/\/api.w.org\/{rel}","templated":true}]}}