{"id":73820,"date":"2025-05-04T08:20:43","date_gmt":"2025-05-04T08:20:43","guid":{"rendered":"https:\/\/www.europesays.com\/fr\/73820\/"},"modified":"2025-05-04T08:20:43","modified_gmt":"2025-05-04T08:20:43","slug":"voici-a-quoi-sattendre-mardi","status":"publish","type":"post","link":"https:\/\/www.europesays.com\/fr\/73820\/","title":{"rendered":"voici \u00e0 quoi s&rsquo;attendre mardi"},"content":{"rendered":"<p>            Par<br \/>\n        <strong><br \/>\n            <a href=\"https:\/\/actu.fr\/auteur\/pierre-emile-bouchy-actu-fr\" title=\"Consulter tous les articles de Paul-Emile Bouchy\" rel=\"nofollow noopener\" target=\"_blank\">Paul-Emile Bouchy<\/a><br \/>\n        <\/strong><\/p>\n<p>        Publi\u00e9 le<\/p>\n<p>            18 nov. 2024 \u00e0 14h03        <\/p>\n<p>\u00c0 l\u2019appel des syndicats agricoles, <a href=\"https:\/\/actu.fr\/societe\/agriculteurs-en-colere-blocages-des-routes-feux-de-la-colere-a-quoi-s-attendre-pres-de-chez-vous-ce-lundi_61876308.html\" rel=\"nofollow noopener\" target=\"_blank\">les agriculteurs se mobilisent partout en France<\/a> pour notamment montrer leur opposition \u00e0 <a href=\"https:\/\/actu.fr\/societe\/mercosur-c-est-quoi-ce-traite-de-libre-echange-au-coeur-de-la-colere-des-agriculteurs_61876440.html\" rel=\"nofollow noopener\" target=\"_blank\">l\u2019accord de libre-\u00e9change entre l\u2019Union europ\u00e9enne (UE) et Mercosur<\/a>, alliance \u00e9conomique regroupant plusieurs pays d\u2019Am\u00e9rique du Sud.<\/p>\n<p class=\" wall-content\">En Meurthe-et-Moselle, des actions ont lieu ce weekend avec <a href=\"https:\/\/actu.fr\/societe\/lorraine-pourquoi-les-panneaux-de-plusieurs-communes-sont-baches-ce-lundi-matin_61876672.html\" rel=\"nofollow noopener\" target=\"_blank\">des panneaux de communes b\u00e2ch\u00e9s<\/a> et des bonhommes de paille, avant <strong>une manifestation pr\u00e9vue mardi 19 novembre<\/strong> \u00e0 <strong>Nancy<\/strong>.<\/p>\n<p>Les agriculteurs devant la pr\u00e9fecture de Meurthe-et-Moselle<\/p>\n<p class=\" wall-content\">Pour faire entendre leur col\u00e8re, les agriculteurs se rendront <strong>mardi devant la pr\u00e9fecture de Meurthe-et-Moselle<\/strong>. Contrairement \u00e0 <a href=\"https:\/\/actu.fr\/grand-est\/nancy_54395\/manifestation-des-agriculteurs-ce-mercredi-a-nancy-le-point-sur-les-perturbations-en-direct_61707586.html\" rel=\"nofollow noopener\" target=\"_blank\">la manifestation d\u00e9but octobre<\/a> o\u00f9 du fumier avait notamment vers\u00e9 devant des b\u00e2timents administratifs, le mouvement sera <strong>plus calme<\/strong>.<\/p>\n<p class=\" wall-content\">\u00ab\u00a0Il n\u2019y aura <strong>pas de cort\u00e8ge<\/strong> dans les rues avec des tracteurs. Avec une centaine d\u2019agriculteurs, on va <strong>se rassembler \u00e0 partir de 13h30 devant la pr\u00e9fecture<\/strong> rue Sainte-Catherine pour manifester\u00a0\u00bb, explique J\u00e9r\u00e9my Jenneson, pr\u00e9sident de la F\u00e9d\u00e9ration d\u00e9partementale des syndicats d\u2019exploitants agricoles (FDSEA).<\/p>\n<p class=\" wall-content\">Durant ce rassemblement, <strong>les agriculteurs b\u00e2cheront les grilles et tagueront leurs messages<\/strong> destin\u00e9s au gouvernement. <strong>Un bonhomme de paille<\/strong> sera \u00e9galement \u00e9rig\u00e9. Ils seront ensuite re\u00e7us par la pr\u00e9f\u00e8te, Fran\u00e7oise Souliman.<\/p>\n<p>Vid\u00e9os : en ce moment sur ActuPas de feux ou de blocages pr\u00e9vus<\/p>\n<p class=\" wall-content\">Si des <strong>\u00ab\u00a0feux de la col\u00e8re\u00a0\u00bb<\/strong> auront lieu sur plusieurs ronds-points ce soir en France et notamment en <a href=\"https:\/\/actu.fr\/societe\/colere-des-agriculteurs-en-moselle-voici-les-actions-enflammees-prevues-lundi_61871368.html\" rel=\"nofollow noopener\" target=\"_blank\">Moselle<\/a>, <strong>cela ne sera pas le cas en Meurthe-et-Moselle<\/strong> : \u00ab\u00a0On a install\u00e9 plus de 20 bonhommes de paille pr\u00e8s d\u2019axes routiers importants du d\u00e9partement. On ne va pas les bruler, car notre objectif est aussi de communiquer en faisant cela\u00a0\u00bb.<\/p>\n<p class=\" wall-content\">Si pour le moment aucun blocage n\u2019est pr\u00e9vu, la venue des agriculteurs pourrait causer des <strong>perturbations sur l\u2019A33 et l\u2019A330 en direction de Nancy \u00e0 partir de Ville-en-Vernois<\/strong>.<\/p>\n<p class=\" wall-content\">La pr\u00e9fecture de Meurthe-et-Moselle pr\u00e9conise de \u00ab\u00a0planifier ses d\u00e9placements en cons\u00e9quence\u00a0\u00bb et \u00ab\u00a0d\u2019adapter son itin\u00e9raire pour \u00e9viter les zones concern\u00e9es\u00a0\u00bb.<\/p>\n<p class=\" wall-content\">Suivez toute l\u2019actualit\u00e9 de vos villes et m\u00e9dias favoris en vous inscrivant \u00e0 <a href=\"https:\/\/moncompte.actu.fr\" title=\"D\u00e9couvez Mon Actu\" rel=\"nofollow noopener\" data-trk=\"{&quot;cta&quot;:{&quot;action&quot;:&quot;https:\\\/\\\/moncompte.actu.fr&quot;,&quot;category&quot;:&quot;mon compte&quot;,&quot;from&quot;:&quot;article footer&quot;,&quot;name&quot;:&quot;Mon actu&quot;,&quot;type&quot;:&quot;cta&quot;}}\" target=\"_blank\">Mon Actu<\/a>.<\/p>\n<ul class=\"ac-article-tag wall-content\">\n<li><a href=\"https:\/\/actu.fr\/tag\/agriculture\" data-trk=\"{&quot;cta&quot;:{&quot;action&quot;:&quot;Agriculture&quot;,&quot;category&quot;:&quot;tag&quot;,&quot;from&quot;:&quot;article footer&quot;,&quot;name&quot;:&quot;Agriculture&quot;,&quot;type&quot;:&quot;cta&quot;}}\" rel=\"nofollow noopener\" target=\"_blank\">#Agriculture<\/a><\/li>\n<li><a href=\"https:\/\/actu.fr\/tag\/manifestations\" data-trk=\"{&quot;cta&quot;:{&quot;action&quot;:&quot;Manifestations&quot;,&quot;category&quot;:&quot;tag&quot;,&quot;from&quot;:&quot;article footer&quot;,&quot;name&quot;:&quot;Manifestations&quot;,&quot;type&quot;:&quot;cta&quot;}}\" rel=\"nofollow noopener\" target=\"_blank\">#Manifestations<\/a><\/li>\n<\/ul>\n","protected":false},"excerpt":{"rendered":"Par Paul-Emile Bouchy Publi\u00e9 le 18 nov. 2024 \u00e0 14h03 \u00c0 l\u2019appel des syndicats agricoles, les agriculteurs se&hellip;\n","protected":false},"author":2,"featured_media":73821,"comment_status":"","ping_status":"","sticky":false,"template":"","format":"standard","meta":{"footnotes":""},"categories":[9635],"tags":[1111,11,327,1777,674,1011,27,775,1272,1702,12,25,104],"class_list":{"0":"post-73820","1":"post","2":"type-post","3":"status-publish","4":"format-standard","5":"has-post-thumbnail","7":"category-nancy","8":"tag-actu","9":"tag-actualites","10":"tag-agriculture","11":"tag-eu","12":"tag-europe","13":"tag-fr","14":"tag-france","15":"tag-grand-est","16":"tag-manifestations","17":"tag-nancy","18":"tag-news","19":"tag-republique-francaise","20":"tag-societe"},"share_on_mastodon":{"url":"https:\/\/pubeurope.com\/@fr\/114448591973099295","error":""},"_links":{"self":[{"href":"https:\/\/www.europesays.com\/fr\/wp-json\/wp\/v2\/posts\/73820","targetHints":{"allow":["GET"]}}],"collection":[{"href":"https:\/\/www.europesays.com\/fr\/wp-json\/wp\/v2\/posts"}],"about":[{"href":"https:\/\/www.europesays.com\/fr\/wp-json\/wp\/v2\/types\/post"}],"author":[{"embeddable":true,"href":"https:\/\/www.europesays.com\/fr\/wp-json\/wp\/v2\/users\/2"}],"replies":[{"embeddable":true,"href":"https:\/\/www.europesays.com\/fr\/wp-json\/wp\/v2\/comments?post=73820"}],"version-history":[{"count":0,"href":"https:\/\/www.europesays.com\/fr\/wp-json\/wp\/v2\/posts\/73820\/revisions"}],"wp:featuredmedia":[{"embeddable":true,"href":"https:\/\/www.europesays.com\/fr\/wp-json\/wp\/v2\/media\/73821"}],"wp:attachment":[{"href":"https:\/\/www.europesays.com\/fr\/wp-json\/wp\/v2\/media?parent=73820"}],"wp:term":[{"taxonomy":"category","embeddable":true,"href":"https:\/\/www.europesays.com\/fr\/wp-json\/wp\/v2\/categories?post=73820"},{"taxonomy":"post_tag","embeddable":true,"href":"https:\/\/www.europesays.com\/fr\/wp-json\/wp\/v2\/tags?post=73820"}],"curies":[{"name":"wp","href":"https:\/\/api.w.org\/{rel}","templated":true}]}}