{"id":738219,"date":"2026-02-16T11:01:13","date_gmt":"2026-02-16T11:01:13","guid":{"rendered":"https:\/\/www.europesays.com\/fr\/738219\/"},"modified":"2026-02-16T11:01:13","modified_gmt":"2026-02-16T11:01:13","slug":"asl-airlines-france-connecte-lille-a-djerba","status":"publish","type":"post","link":"https:\/\/www.europesays.com\/fr\/738219\/","title":{"rendered":"ASL Airlines France connecte Lille \u00e0 Djerba !"},"content":{"rendered":"<p>\t\t\t\t\t \u2022\tDimanche : d\u00e9part de Lille \u00e0 16h35 &#8211; arriv\u00e9e \u00e0 Djerba \u00e0 18h35<br \/>\n\t\t\t\t\t <br \/>\n\t\t\t\t\t \u2022\tDimanche : d\u00e9part de Djerba \u00e0 19h35 &#8211; arriv\u00e9e \u00e0 Lille \u00e0 23h40 <\/p>\n<p>Avec l\u2019ouverture, au programme \u00e9t\u00e9 2026, de cette nouvelle ligne Lille-Djerba, 50 vols hebdomadaires vers l\u2019Alg\u00e9rie et une liaison vers le Maroc, ASL Airlines France est pr\u00e9sente dans les trois pays du Maghreb au d\u00e9part des deux a\u00e9roports parisiens et des r\u00e9gions fran\u00e7aises.&#13;\t\t\t\t\t <\/p>\n<p><b>La Tunisie <\/b>&#13;\t\t\t\t\t <br \/>Au d\u00e9part de Lille : Djerba&#13;\t\t\t\t\t <\/p>\n<p><b>Le Maroc <\/b>&#13;\t\t\t\t\t <br \/>Au d\u00e9part de Paris &#8211; Charles de Gaulle : Oujda&#13;\t\t\t\t\t <\/p>\n<p><b>L\u2019Alg\u00e9rie <\/b>&#13;\t\t\t\t\t <br \/>Au d\u00e9part de Paris &#8211; Charles de Gaulle : Alger ; B\u00e9ja\u00efa ; Annaba &#13;\t\t\t\t\t <\/p>\n<p>Au d\u00e9part de Paris \u2013 Orly : Alger &#13;\t\t\t\t\t <\/p>\n<p>Au d\u00e9part de Lyon : Alger &#13;\t\t\t\t\t <\/p>\n<p>Au d\u00e9part de Lille : Alger ; Oran ; Tlemcen ; B\u00e9ja\u00efa ; S\u00e9tif &#13;\t\t\t\t\t <\/p>\n<p>Au d\u00e9part de Mulhouse : Alger ; Constantine ; Oran &#13;\t\t\t\t\t <\/p>\n<p>Au d\u00e9part de Perpignan : Oran &#13;\t\t\t\t\t <\/p>\n<p>Au d\u00e9part de Saint-Etienne : B\u00e9ja\u00efa&#13;\t\t\t\t\t <\/p>\n<p>Au d\u00e9part de Clermont-Ferrand : Alger\n\t\t\t\t <\/p>\n","protected":false},"excerpt":{"rendered":"\u2022 Dimanche : d\u00e9part de Lille \u00e0 16h35 &#8211; arriv\u00e9e \u00e0 Djerba \u00e0 18h35 \u2022 Dimanche : d\u00e9part&hellip;\n","protected":false},"author":2,"featured_media":738220,"comment_status":"","ping_status":"","sticky":false,"template":"","format":"standard","meta":{"footnotes":"","_share_on_mastodon":"0"},"categories":[2815],"tags":[1111,11,32793,53773,1777,674,1011,27,811,1307,12,25],"class_list":["post-738219","post","type-post","status-publish","format-standard","has-post-thumbnail","category-lille","tag-actu","tag-actualites","tag-asl-airlines","tag-djerba","tag-eu","tag-europe","tag-fr","tag-france","tag-hauts-de-france","tag-lille","tag-news","tag-republique-francaise"],"share_on_mastodon":{"url":"https:\/\/pubeurope.com\/@fr\/116079970530372330","error":""},"_links":{"self":[{"href":"https:\/\/www.europesays.com\/fr\/wp-json\/wp\/v2\/posts\/738219","targetHints":{"allow":["GET"]}}],"collection":[{"href":"https:\/\/www.europesays.com\/fr\/wp-json\/wp\/v2\/posts"}],"about":[{"href":"https:\/\/www.europesays.com\/fr\/wp-json\/wp\/v2\/types\/post"}],"author":[{"embeddable":true,"href":"https:\/\/www.europesays.com\/fr\/wp-json\/wp\/v2\/users\/2"}],"replies":[{"embeddable":true,"href":"https:\/\/www.europesays.com\/fr\/wp-json\/wp\/v2\/comments?post=738219"}],"version-history":[{"count":0,"href":"https:\/\/www.europesays.com\/fr\/wp-json\/wp\/v2\/posts\/738219\/revisions"}],"wp:featuredmedia":[{"embeddable":true,"href":"https:\/\/www.europesays.com\/fr\/wp-json\/wp\/v2\/media\/738220"}],"wp:attachment":[{"href":"https:\/\/www.europesays.com\/fr\/wp-json\/wp\/v2\/media?parent=738219"}],"wp:term":[{"taxonomy":"category","embeddable":true,"href":"https:\/\/www.europesays.com\/fr\/wp-json\/wp\/v2\/categories?post=738219"},{"taxonomy":"post_tag","embeddable":true,"href":"https:\/\/www.europesays.com\/fr\/wp-json\/wp\/v2\/tags?post=738219"}],"curies":[{"name":"wp","href":"https:\/\/api.w.org\/{rel}","templated":true}]}}