{"id":73827,"date":"2025-05-04T08:25:07","date_gmt":"2025-05-04T08:25:07","guid":{"rendered":"https:\/\/www.europesays.com\/fr\/73827\/"},"modified":"2025-05-04T08:25:07","modified_gmt":"2025-05-04T08:25:07","slug":"des-personnes-blessees-apres-laccident-dun-camion-frigorifique-pres-de-rouen","status":"publish","type":"post","link":"https:\/\/www.europesays.com\/fr\/73827\/","title":{"rendered":"Des personnes bless\u00e9es apr\u00e8s l&rsquo;accident d&rsquo;un camion frigorifique pr\u00e8s de Rouen"},"content":{"rendered":"<p>            Par<br \/>\n        <strong><br \/>\n            <a href=\"https:\/\/actu.fr\/auteur\/yann-rivallan\" title=\"Consulter tous les articles de Yann Rivallan\" target=\"_blank\" rel=\"noopener\">Yann Rivallan<\/a><br \/>\n        <\/strong><\/p>\n<p>        Publi\u00e9 le<\/p>\n<p>            4 mai 2025 \u00e0 9h32        <\/p>\n<p>Les pompiers sont intervenus t\u00f4t, dimanche 4\u00a0mai 2025 pour porter secours \u00e0 trois personnes. <strong>Sur l\u2019A28<\/strong>, dans le sens Rouen vers Abbeville, <strong>un camion frigorifique<\/strong> avec trois personnes \u00e0 son bord a \u00e9t\u00e9 accident\u00e9 vers 6h du matin, \u00e0 hauteur de la commune de <a href=\"https:\/\/actu.fr\/normandie\/quincampoix_76517\" target=\"_blank\" rel=\"noopener\">Quincampoix<\/a>.<\/p>\n<p>Une victime d\u00e9sincarc\u00e9r\u00e9e<\/p>\n<p class=\" wall-content\">D\u2019apr\u00e8s le rapport des pompiers, le v\u00e9hicule est le seul \u00e0 \u00eatre impliqu\u00e9. Les trois occupants ont tous \u00e9t\u00e9 <strong>\u00ab\u2009l\u00e9g\u00e8rement bless\u00e9s\u2009\u00bb<\/strong>, pr\u00e9cisent les secours. L\u2019une des victimes \u00e9tait bloqu\u00e9e et a d\u00fb \u00eatre d\u00e9sincarc\u00e9r\u00e9e du camion.<\/p>\n<p class=\" wall-content\">Deux des victimes ont finalement \u00e9t\u00e9 transport\u00e9es au CHU de Rouen. Le temps de l\u2019intervention, <strong>la voie de droite a \u00e9t\u00e9 neutralis\u00e9e<\/strong> par des agents de la Dirno. Cinq engins et seize sapeurs-pompiers \u00e9taient sur place.<\/p>\n<p class=\" wall-content\">Suivez toute l\u2019actualit\u00e9 de vos villes et m\u00e9dias favoris en vous inscrivant \u00e0 <a href=\"https:\/\/moncompte.actu.fr\" title=\"D\u00e9couvez Mon Actu\" rel=\"nofollow noopener\" data-trk=\"{&quot;cta&quot;:{&quot;action&quot;:&quot;https:\\\/\\\/moncompte.actu.fr&quot;,&quot;category&quot;:&quot;mon compte&quot;,&quot;from&quot;:&quot;article footer&quot;,&quot;name&quot;:&quot;Mon actu&quot;,&quot;type&quot;:&quot;cta&quot;}}\" target=\"_blank\">Mon Actu<\/a>.<\/p>\n","protected":false},"excerpt":{"rendered":"Par Yann Rivallan Publi\u00e9 le 4 mai 2025 \u00e0 9h32 Les pompiers sont intervenus t\u00f4t, dimanche 4\u00a0mai 2025&hellip;\n","protected":false},"author":2,"featured_media":73828,"comment_status":"","ping_status":"","sticky":false,"template":"","format":"standard","meta":{"footnotes":""},"categories":[9587],"tags":[119,1111,11,9611,1777,674,118,1011,27,12,5161,1311,25,9590],"class_list":{"0":"post-73827","1":"post","2":"type-post","3":"status-publish","4":"format-standard","5":"has-post-thumbnail","7":"category-rouen","8":"tag-accident","9":"tag-actu","10":"tag-actualites","11":"tag-autoroute-28-a28","12":"tag-eu","13":"tag-europe","14":"tag-faits-divers","15":"tag-fr","16":"tag-france","17":"tag-news","18":"tag-normandie","19":"tag-pompiers","20":"tag-republique-francaise","21":"tag-rouen"},"share_on_mastodon":{"url":"https:\/\/pubeurope.com\/@fr\/114448611572696462","error":""},"_links":{"self":[{"href":"https:\/\/www.europesays.com\/fr\/wp-json\/wp\/v2\/posts\/73827","targetHints":{"allow":["GET"]}}],"collection":[{"href":"https:\/\/www.europesays.com\/fr\/wp-json\/wp\/v2\/posts"}],"about":[{"href":"https:\/\/www.europesays.com\/fr\/wp-json\/wp\/v2\/types\/post"}],"author":[{"embeddable":true,"href":"https:\/\/www.europesays.com\/fr\/wp-json\/wp\/v2\/users\/2"}],"replies":[{"embeddable":true,"href":"https:\/\/www.europesays.com\/fr\/wp-json\/wp\/v2\/comments?post=73827"}],"version-history":[{"count":0,"href":"https:\/\/www.europesays.com\/fr\/wp-json\/wp\/v2\/posts\/73827\/revisions"}],"wp:featuredmedia":[{"embeddable":true,"href":"https:\/\/www.europesays.com\/fr\/wp-json\/wp\/v2\/media\/73828"}],"wp:attachment":[{"href":"https:\/\/www.europesays.com\/fr\/wp-json\/wp\/v2\/media?parent=73827"}],"wp:term":[{"taxonomy":"category","embeddable":true,"href":"https:\/\/www.europesays.com\/fr\/wp-json\/wp\/v2\/categories?post=73827"},{"taxonomy":"post_tag","embeddable":true,"href":"https:\/\/www.europesays.com\/fr\/wp-json\/wp\/v2\/tags?post=73827"}],"curies":[{"name":"wp","href":"https:\/\/api.w.org\/{rel}","templated":true}]}}