{"id":73836,"date":"2025-05-04T08:33:37","date_gmt":"2025-05-04T08:33:37","guid":{"rendered":"https:\/\/www.europesays.com\/fr\/73836\/"},"modified":"2025-05-04T08:33:37","modified_gmt":"2025-05-04T08:33:37","slug":"des-temperatures-tres-au-dessus-de-la-normale-attendues","status":"publish","type":"post","link":"https:\/\/www.europesays.com\/fr\/73836\/","title":{"rendered":"des temp\u00e9ratures tr\u00e8s au-dessus de la normale attendues"},"content":{"rendered":"<p>            Par<br \/>\n        <strong><br \/>\n            <a href=\"https:\/\/actu.fr\/auteur\/ivan-capecchi\" title=\"Consulter tous les articles de Ivan CAPECCHI\" rel=\"nofollow noopener\" target=\"_blank\">Ivan CAPECCHI<\/a><br \/>\n        <\/strong><\/p>\n<p>        Publi\u00e9 le<\/p>\n<p>            29 avr. 2025 \u00e0 10h50        <\/p>\n<p>Une <a href=\"https:\/\/actu.fr\/tag\/vague-de-chaleur\" rel=\"nofollow noopener\" target=\"_blank\">vague de chaleur<\/a> est attendue ces prochains jours en France, dont \u00e0 <strong>Strasbourg (Bas-Rhin)<\/strong>.<\/p>\n<p class=\" wall-content\">On fait le point sur les pr\u00e9visions avec Christophe Mertz, m\u00e9t\u00e9orologue chez <a href=\"https:\/\/atmo-risk.fr\/\" rel=\"nofollow noopener\" target=\"_blank\">Atmo-Risk<\/a>.<\/p>\n<p>Jusqu\u2019\u00e0 28 degr\u00e9s attendus \u00e0 Strasbourg<\/p>\n<p class=\" wall-content\">D\u2019apr\u00e8s M. Mertz, \u00ab <strong>les temp\u00e9ratures vont augmenter un peu chaque jour <\/strong>\u00bb.<\/p>\n<p class=\" wall-content\">Ainsi, si elles graviteront autour des 25 degr\u00e9s pour les maximales \u00e0 Strasbourg entre ce mardi apr\u00e8s-midi et ce mercredi apr\u00e8s-midi, <strong>elles devraient atteindre 27 degr\u00e9s, voire 28 degr\u00e9s, jeudi et vendredi apr\u00e8s-midi<\/strong>.<\/p>\n<p class=\" wall-content\">Dans tous les cas, il s\u2019agira du \u00ab\u00a0premier coup de chaud estival pour ce <a href=\"https:\/\/actu.fr\/loisirs-culture\/les-plus-balades-a-faire-dans-le-bas-rhin-pendant-le-printemps_62384981.html\" rel=\"nofollow noopener\" target=\"_blank\">printemps<\/a> \u00bb, et \u00ab\u00a0on pourra sortir le barbecue <a href=\"https:\/\/actu.fr\/societe\/le-1er-mai-c-est-la-fete-du-travail-mais-au-fait-pourquoi-cette-journee-est-elle-feriee_60979346.html\" rel=\"nofollow noopener\" target=\"_blank\">pour le 1er-Mai<\/a> \u00bb, se r\u00e9jouit M. Mertz. Pour couronner le tout, \u00ab\u00a0<strong>un grand beau temps <\/strong>\u00bb est attendu cette semaine.<\/p>\n<p>Vid\u00e9os : en ce moment sur Actu\u00ab\u00a0On sera largement au-dessus des normales de saison\u00a0\u00bb<\/p>\n<p class=\" wall-content\">On sera par ailleurs \u00ab\u00a0<strong>largement au-dessus des normales de saison <\/strong>\u00bb, la normale pour un d\u00e9but mai \u00e0 Strasbourg se situant plut\u00f4t autour de 18 degr\u00e9s.<\/p>\n<p class=\" wall-content\">\u00ab\u00a0Le 1er mai 1955, il faisait 28 degr\u00e9s \u00e0 Strasbourg. Le 1er mai 1973, 27,8 degr\u00e9s. <strong>Le record date du 1er mai 2005, o\u00f9 on a enregistr\u00e9 29,8 degr\u00e9s \u00e0 Strasbourg <\/strong>\u00bb, indique le sp\u00e9cialiste.<\/p>\n<p>Chute des temp\u00e9ratures dimanche<\/p>\n<p class=\" wall-content\">Les temp\u00e9ratures devraient <strong>commencer \u00e0 baisser \u00e0 partir du week-end prochain<\/strong>.<\/p>\n<p class=\" wall-content\">\u00ab\u00a0On aura des temp\u00e9ratures qui vont <strong>repasser en dessous des 25 degr\u00e9s samedi<\/strong> et il y aura peut-\u00eatre un peu <strong>d\u2019instabilit\u00e9<\/strong>, autrement dit peut-\u00eatre <strong>une averse orageuse en soir\u00e9e <\/strong>\u00bb, anticipe Christophe Mertz.<\/p>\n<p class=\" wall-content\">\u00ab\u00a0\u00c7a<strong> baissera encore plus dimanche<\/strong>. Dimanche apr\u00e8s-midi, on sera peut-\u00eatre entre 16 et 18 degr\u00e9s, voire un peu moins. On pourrait <strong>perdre une dizaine de degr\u00e9s entre vendredi et dimanche <\/strong>\u00bb, ajoute ce dernier.<\/p>\n<p class=\" wall-content\">Suivez toute l\u2019actualit\u00e9 de vos villes et m\u00e9dias favoris en vous inscrivant \u00e0 <a href=\"https:\/\/moncompte.actu.fr\" title=\"D\u00e9couvez Mon Actu\" rel=\"nofollow noopener\" data-trk=\"{&quot;cta&quot;:{&quot;action&quot;:&quot;https:\\\/\\\/moncompte.actu.fr&quot;,&quot;category&quot;:&quot;mon compte&quot;,&quot;from&quot;:&quot;article footer&quot;,&quot;name&quot;:&quot;Mon actu&quot;,&quot;type&quot;:&quot;cta&quot;}}\" target=\"_blank\">Mon Actu<\/a>.<\/p>\n<ul class=\"ac-article-tag wall-content\">\n<li><a href=\"https:\/\/actu.fr\/tag\/meteo-france\" data-trk=\"{&quot;cta&quot;:{&quot;action&quot;:&quot;M\\u00e9t\\u00e9o France&quot;,&quot;category&quot;:&quot;tag&quot;,&quot;from&quot;:&quot;article footer&quot;,&quot;name&quot;:&quot;M\\u00e9t\\u00e9o France&quot;,&quot;type&quot;:&quot;cta&quot;}}\" rel=\"nofollow noopener\" target=\"_blank\">#M\u00e9t\u00e9o France<\/a><\/li>\n<li><a href=\"https:\/\/actu.fr\/tag\/vague-de-chaleur\" data-trk=\"{&quot;cta&quot;:{&quot;action&quot;:&quot;Vague de chaleur&quot;,&quot;category&quot;:&quot;tag&quot;,&quot;from&quot;:&quot;article footer&quot;,&quot;name&quot;:&quot;Vague de chaleur&quot;,&quot;type&quot;:&quot;cta&quot;}}\" rel=\"nofollow noopener\" target=\"_blank\">#Vague de chaleur<\/a><\/li>\n<\/ul>\n","protected":false},"excerpt":{"rendered":"Par Ivan CAPECCHI Publi\u00e9 le 29 avr. 2025 \u00e0 10h50 Une vague de chaleur est attendue ces prochains&hellip;\n","protected":false},"author":2,"featured_media":73837,"comment_status":"","ping_status":"","sticky":false,"template":"","format":"standard","meta":{"footnotes":""},"categories":[2820],"tags":[1111,11,1777,674,1011,27,775,2487,2357,12,25,640,15637],"class_list":{"0":"post-73836","1":"post","2":"type-post","3":"status-publish","4":"format-standard","5":"has-post-thumbnail","7":"category-strasbourg","8":"tag-actu","9":"tag-actualites","10":"tag-eu","11":"tag-europe","12":"tag-fr","13":"tag-france","14":"tag-grand-est","15":"tag-meteo","16":"tag-meteo-france","17":"tag-news","18":"tag-republique-francaise","19":"tag-strasbourg","20":"tag-vague-de-chaleur"},"share_on_mastodon":{"url":"https:\/\/pubeurope.com\/@fr\/114448643050078233","error":""},"_links":{"self":[{"href":"https:\/\/www.europesays.com\/fr\/wp-json\/wp\/v2\/posts\/73836","targetHints":{"allow":["GET"]}}],"collection":[{"href":"https:\/\/www.europesays.com\/fr\/wp-json\/wp\/v2\/posts"}],"about":[{"href":"https:\/\/www.europesays.com\/fr\/wp-json\/wp\/v2\/types\/post"}],"author":[{"embeddable":true,"href":"https:\/\/www.europesays.com\/fr\/wp-json\/wp\/v2\/users\/2"}],"replies":[{"embeddable":true,"href":"https:\/\/www.europesays.com\/fr\/wp-json\/wp\/v2\/comments?post=73836"}],"version-history":[{"count":0,"href":"https:\/\/www.europesays.com\/fr\/wp-json\/wp\/v2\/posts\/73836\/revisions"}],"wp:featuredmedia":[{"embeddable":true,"href":"https:\/\/www.europesays.com\/fr\/wp-json\/wp\/v2\/media\/73837"}],"wp:attachment":[{"href":"https:\/\/www.europesays.com\/fr\/wp-json\/wp\/v2\/media?parent=73836"}],"wp:term":[{"taxonomy":"category","embeddable":true,"href":"https:\/\/www.europesays.com\/fr\/wp-json\/wp\/v2\/categories?post=73836"},{"taxonomy":"post_tag","embeddable":true,"href":"https:\/\/www.europesays.com\/fr\/wp-json\/wp\/v2\/tags?post=73836"}],"curies":[{"name":"wp","href":"https:\/\/api.w.org\/{rel}","templated":true}]}}