{"id":73842,"date":"2025-05-04T08:36:23","date_gmt":"2025-05-04T08:36:23","guid":{"rendered":"https:\/\/www.europesays.com\/fr\/73842\/"},"modified":"2025-05-04T08:36:23","modified_gmt":"2025-05-04T08:36:23","slug":"80-ans-de-nice-matin-andre-baudin-le-journaliste-sauve-par-lelection-de-francois-mitterrand","status":"publish","type":"post","link":"https:\/\/www.europesays.com\/fr\/73842\/","title":{"rendered":"80 ans de \u00ab\u00a0Nice-Matin\u00a0\u00bb: Andr\u00e9 Baudin, le journaliste sauv\u00e9 par l&rsquo;\u00e9lection de Fran\u00e7ois Mitterrand"},"content":{"rendered":"<p>\u00ab\u00a0Pour me licencier, Bavastro est mont\u00e9 jusqu\u2019au ministre. Manque de pot, le ministre a \u00e9t\u00e9 vir\u00e9 avant moi\u2026\u00a0\u00bb<\/p>\n<p>Plus de quarante ans apr\u00e8s, Andr\u00e9 Baudin en rigole encore. D\u2019anecdotes en coups de th\u00e9\u00e2tre, le r\u00e9cit de ses ann\u00e9es \u00e0 Nice-Matin ressemble \u00e0 un vieux Tom et Jerry. Un \u00e9pisode dans lequel le patron historique du journal \u2013 Michel Bavastro \u2013 endosserait le r\u00f4le du chat, et le journaliste celui de la souris.<\/p>\n<p>\u00ab\u00a0Mais pardon, il vaut mieux commencer par le commencement\u2026\u00a0\u00bb L\u2019octog\u00e9naire \u00e9carte les bras, le regard espi\u00e8gle sous ses cheveux de neige. Il \u00e9voque son p\u00e8re Albert, ancien militaire, R\u00e9sistant, reporter au Patriote jusqu\u2019en 1967, qu\u2019il ne souhaitait \u00ab\u00a0pas du tout\u00a0\u00bb imiter.<\/p>\n<p>\u00ab\u00a0J\u2019avais fait une \u00e9cole de tourisme, pr\u00e9cise le Ni\u00e7ois. Au milieu des ann\u00e9es soixante, par le biais du cyclisme, j\u2019ai fait la connaissance de Louis Nuc\u00e9ra\u00a0\u00bb. Le futur \u00e9crivain (1) devient son ami et l\u2019entra\u00eene sur des reportages. \u00ab\u00a0Mine de rien, il m\u2019a fil\u00e9 le virus\u2005!\u00a0\u00bb<\/p>\n<p>\u00ab\u00a0J\u2019ai \u00e9t\u00e9 embauch\u00e9 pour faire la guerre \u00e0 Nice-Matin\u00a0\u00bb<\/p>\n<p>Le jeune homme attend sa chance. Elle lui sourit en 1966. \u00ab\u00a0Gaston Defferre, maire de Marseille et patron du journal Le Proven\u00e7al, avait d\u00e9cid\u00e9 de d\u00e9fier Bavastro sur ses terres. J\u2019ai \u00e9t\u00e9 embauch\u00e9 \u00e0 Nice pour faire la guerre \u00e0 Nice-Matin\u2005! L\u2019exp\u00e9rience n\u2019a dur\u00e9 qu\u2019un an, mais cela m\u2019a permis de rebondir au Proven\u00e7al \u00e0 Avignon, puis d\u2019\u00eatre recrut\u00e9 \u00e0 Nice-Matin en 1969. Le premier papier qu\u2019on m\u2019a confi\u00e9, c\u2019\u00e9tait sur la mort du g\u00e9n\u00e9ral de Gaulle.\u2005\u00bb<\/p>\n<p>Au vu de ses convictions naissantes, le d\u00e9tail est piquant. \u00ab\u00a0C\u2019\u00e9tait une p\u00e9riode de grands bouleversements sociaux, r\u00e9sume-t-il. Je me cherchais encore, \u00e0 cette \u00e9poque, et je ne sais pas si j\u2019aurais bascul\u00e9 aussi clairement \u00e0 gauche sans Michel Bavastro. C\u2019est gr\u00e2ce \u00e0 lui que je suis devenu communiste\u2005!\u00a0\u00bb<\/p>\n<p>Andr\u00e9 Baudin laisse planer sa phrase quelques instants, comme pour en exhaler toutes les saveurs. \u00ab\u00a0Oui, reprend-il en hochant la t\u00eate, c\u2019est l\u2019exemple de cette gestion patriarcale, intransigeante, qui m\u2019a pouss\u00e9 \u00e0 m\u2019engager. Au d\u00e9but des ann\u00e9es soixante-dix, j\u2019ai cr\u00e9\u00e9 une section syndicale SNJ-CGT, puis une cellule PCF. Imm\u00e9diatement, \u00e7a a \u00e9t\u00e9 la guerre\u2005!\u00a0\u00bb<\/p>\n<p>Les combats, parfois violents, durent une dizaine d\u2019ann\u00e9es. \u00ab\u00a0On l\u2019a un peu oubli\u00e9, mais l\u2019histoire de Nice-Matin, \u00e0 ce moment-l\u00e0, \u00e9tait rythm\u00e9e par les conflits sociaux. Journalistes, employ\u00e9s administratifs et ouvriers du Livre se relayaient pour exiger un meilleur traitement. La situation du journal \u00e9tait florissante\u2005; il nous paraissait normal de revendiquer les fruits de notre propre travail.\u00a0\u00bb<\/p>\n<p>En 1981, <a href=\"https:\/\/www.nicematin.com\/histoire\/80-ans-de-nice-matin-ce-jour-ou-sylvain-tassi-a-vu-rouge-981293\" target=\"_blank\" rel=\"noopener\">avec son camarade Sylvain Tassi<\/a>, le journaliste \u00ab\u00a0frise la correctionnelle\u00a0\u00bb.<\/p>\n<p>\u00ab\u00a0Michel Bavastro a profit\u00e9 d\u2019un tract r\u00e9dig\u00e9 \u00e0 Paris, qu\u2019il jugeait diffamatoire, pour demander notre licenciement. Malheureusement, comme nous \u00e9tions d\u00e9l\u00e9gu\u00e9s syndicaux, il lui fallait le feu vert du Comit\u00e9 d\u2019entreprise. \u00c0 sa grande surprise, il ne l\u2019a pas obtenu\u2005! La CGC [Conf\u00e9d\u00e9ration g\u00e9n\u00e9rale des cadres, Ndlr], au sein de laquelle je comptais un v\u00e9ritable ami, Patrick Andrieu, a refus\u00e9 de prendre part au vote, jugeant qu\u2019il \u00e9tait contraire \u00e0 la d\u00e9ontologie syndicale de se prononcer pour le licenciement d\u2019un repr\u00e9sentant du personnel. Bavastro a tent\u00e9 de passer en force en activant toutes les voies de recours. Jusqu\u2019au ministre du Travail\u2026 qui a perdu son emploi avant moi\u2005! Entre le d\u00e9but et la fin de ce conflit, il y a eu l\u2019\u00e9lection de Fran\u00e7ois Mitterrand le 10 mai 1981.Apr\u00e8s cela, celui que nous surnommions \u2018\u2019le Cobra\u2019\u2019 n\u2019avait plus aucune chance d\u2019obtenir satisfaction.\u00a0\u00bb<\/p>\n<p>Une p\u00e9riode difficile<\/p>\n<p>Baudin d\u00e9cide pourtant, l\u2019ann\u00e9e suivante, de plier bagage. \u00ab\u00a0Un ami souhaitait me confier la direction d\u2019une station \u00e0 Martigues, Radio Maritima, n\u00e9e de la lib\u00e9ralisation des ondes. Cette aventure me tentait \u00e9norm\u00e9ment. J\u2019ai demand\u00e9 \u00e0 b\u00e9n\u00e9ficier de la clause de conscience (2) en expliquant que je n\u2019avais pas sign\u00e9 pour travailler dans un journal d\u2019opposition\u2005! J\u2019ignore si ce motif a fait sourire Michel Bavastro\u2026 Le fait est qu\u2019il n\u2019a pas cherch\u00e9 \u00e0 me retenir. Il me l\u2019avait dit\u2005: \u2018\u2018Moins je vous vois, mieux je me porte\u2019\u2019.\u00a0\u00bb<\/p>\n<p>Les deux ann\u00e9es suivantes sont d\u00e9cevantes. \u00ab\u00a0Je me suis heurt\u00e9 au maire communiste de Martigues, Paul Lombard, qui confondait information et propagande, soupire-t-il. En 1985, je suis retourn\u00e9 \u00e0 la presse \u00e9crite via Var-Matin R\u00e9publique, le concurrent de Nice-Matin dans le Var. \u00c7a a \u00e9t\u00e9 une p\u00e9riode difficile, car j\u2019ai eu l\u2019impression de r\u00e9gresser. Puis j\u2019ai repris le collier, jusqu\u2019\u00e0 devenir chef du service des sports.\u00a0\u00bb<\/p>\n<p>Nouveau coup de tonnerre en 1998\u2005: Michel Bavastro vend ses parts au Groupe Lagard\u00e8re. Ce dernier devient le nouveau propri\u00e9taire de Nice-Matin.<\/p>\n<p>\u00ab\u00a0La d\u00e9cision de fusionner les deux quotidiens varois a \u00e9t\u00e9 prise, glisse Andr\u00e9 Baudin. La responsabilit\u00e9 de ce nouveau journal unifi\u00e9 a \u00e9t\u00e9 confi\u00e9e \u00e0 Patrick Andrieu, l\u2019homme qui s\u2019\u00e9tait expos\u00e9 aux foudres du \u2018\u2018Vieux\u2019\u2019 pour me d\u00e9fendre. J\u2019ai accept\u00e9 de l\u2019aider quelques mois, en tant qu\u2019assistant de direction, puis j\u2019ai fait valoir mes droits \u00e0 la pr\u00e9retraite\u2026 \u00e0 56 ans\u2005!\u00a0\u00bb<\/p>\n<p>Pendant le quart de si\u00e8cle qui suit, le journaliste r\u00e9dige plusieurs ouvrages (3) tout en suivant du coin de l\u2019\u0153il la carri\u00e8re de sa fille Julie, aujourd\u2019hui reporter pour notre titre. \u00ab\u00a0Trois g\u00e9n\u00e9rations dans le m\u00e9tier, \u00e7a commence \u00e0 compter, conclut-il. A croire qu\u2019on a \u00e7a dans le sang\u2005!\u00a0\u00bb<\/p>\n<p>1. Prix Interalli\u00e9 en 1981 pour son roman Chemin de la Lanterne (\u00e9ditions Grasset), grand prix de l\u2019Acad\u00e9mie fran\u00e7aise en 1993, il est d\u00e9c\u00e9d\u00e9 en 2000.<\/p>\n<p>2. Cette clause permet \u00e0 un journaliste salari\u00e9 de quitter son emploi de sa propre initiative et sans pr\u00e9avis, tout en b\u00e9n\u00e9ficiant d\u2019indemnit\u00e9s l\u00e9gales.<\/p>\n<p>3. Notamment des essais sur le cyclisme confront\u00e9 au dopage (L\u2019\u00c9pop\u00e9e incertaine), sur le football (Le Mondial Bleu), sur Bernard Tapie (Le S\u00e9isme marseillais et Le Syndrome Tapie), sur ses coups de c\u0153ur (Venise) et un t\u00e9moignage historique (Massoud).<\/p>\n<p>              <img ci-src=\"https:\/\/www.nicematin.com\/histoire\/Image+Andr%C3%A9+Baudin+%28%C3%A0+droite%29+et+Georges+Bertolino+ancien+Gd+reporter+Nice+matin+-kVHPj5Ou.jpg?ci_seal=cb57efc514\" alt=\"\"\/><br \/>\n        Andr\u00e9 Baudin (\u00e0 droite) avec son \u00ab\u00a0fr\u00e8re d\u2019armes\u00a0\u00bb Georges Bertolino, futur grand reporter \u00e0 \u00ab\u00a0Nice-Matin\u00a0\u00bb. Photo DR <strong>Photo DR.<\/strong> <\/p>\n<p>              <img ci-src=\"https:\/\/www.nicematin.com\/histoire\/Image+Andr%C3%A9+Baudin+en+1981-Qh1BmTVV.jpg?ci_seal=f2a28b07cc\" alt=\"\"\/><br \/>\n        Un extrait d\u2019un article publi\u00e9 dans \u00ab\u00a0Le Patriote\u00a0\u00bb au d\u00e9but des ann\u00e9es quatre-vingt. <strong>Photo DR.<\/strong> <\/p>\n","protected":false},"excerpt":{"rendered":"\u00ab\u00a0Pour me licencier, Bavastro est mont\u00e9 jusqu\u2019au ministre. Manque de pot, le ministre a \u00e9t\u00e9 vir\u00e9 avant moi\u2026\u00a0\u00bb&hellip;\n","protected":false},"author":2,"featured_media":73843,"comment_status":"","ping_status":"","sticky":false,"template":"","format":"standard","meta":{"footnotes":""},"categories":[2819],"tags":[1111,11,1777,674,1011,27,802,937,500,12,2401,316,882,25,240],"class_list":{"0":"post-73842","1":"post","2":"type-post","3":"status-publish","4":"format-standard","5":"has-post-thumbnail","7":"category-nice","8":"tag-actu","9":"tag-actualites","10":"tag-eu","11":"tag-europe","12":"tag-fr","13":"tag-france","14":"tag-greves-et-mouvements-sociaux","15":"tag-histoire","16":"tag-medias","17":"tag-news","18":"tag-nice","19":"tag-politique","20":"tag-provence-alpes-cote-dazur","21":"tag-republique-francaise","22":"tag-temoignage"},"share_on_mastodon":{"url":"https:\/\/pubeurope.com\/@fr\/114448654990558806","error":""},"_links":{"self":[{"href":"https:\/\/www.europesays.com\/fr\/wp-json\/wp\/v2\/posts\/73842","targetHints":{"allow":["GET"]}}],"collection":[{"href":"https:\/\/www.europesays.com\/fr\/wp-json\/wp\/v2\/posts"}],"about":[{"href":"https:\/\/www.europesays.com\/fr\/wp-json\/wp\/v2\/types\/post"}],"author":[{"embeddable":true,"href":"https:\/\/www.europesays.com\/fr\/wp-json\/wp\/v2\/users\/2"}],"replies":[{"embeddable":true,"href":"https:\/\/www.europesays.com\/fr\/wp-json\/wp\/v2\/comments?post=73842"}],"version-history":[{"count":0,"href":"https:\/\/www.europesays.com\/fr\/wp-json\/wp\/v2\/posts\/73842\/revisions"}],"wp:featuredmedia":[{"embeddable":true,"href":"https:\/\/www.europesays.com\/fr\/wp-json\/wp\/v2\/media\/73843"}],"wp:attachment":[{"href":"https:\/\/www.europesays.com\/fr\/wp-json\/wp\/v2\/media?parent=73842"}],"wp:term":[{"taxonomy":"category","embeddable":true,"href":"https:\/\/www.europesays.com\/fr\/wp-json\/wp\/v2\/categories?post=73842"},{"taxonomy":"post_tag","embeddable":true,"href":"https:\/\/www.europesays.com\/fr\/wp-json\/wp\/v2\/tags?post=73842"}],"curies":[{"name":"wp","href":"https:\/\/api.w.org\/{rel}","templated":true}]}}