{"id":73844,"date":"2025-05-04T08:37:38","date_gmt":"2025-05-04T08:37:38","guid":{"rendered":"https:\/\/www.europesays.com\/fr\/73844\/"},"modified":"2025-05-04T08:37:38","modified_gmt":"2025-05-04T08:37:38","slug":"cette-radio-pourrait-disparaitre-du-paysage-mediatique-cet-ete","status":"publish","type":"post","link":"https:\/\/www.europesays.com\/fr\/73844\/","title":{"rendered":"cette radio pourrait dispara\u00eetre du paysage m\u00e9diatique cet \u00e9t\u00e9"},"content":{"rendered":"<p>            Par<br \/>\n        <strong><br \/>\n            <a href=\"https:\/\/actu.fr\/auteur\/clemence-pays02-actu-fr\" title=\"Consulter tous les articles de Cl\u00e9mence Pays\" rel=\"nofollow noopener\" target=\"_blank\">Cl\u00e9mence Pays<\/a><br \/>\n        <\/strong><\/p>\n<p>        Publi\u00e9 le<\/p>\n<p>            30 avr. 2025 \u00e0 16h24        <\/p>\n<p>Jet FM tire la sonnette d\u2019alarme. Implant\u00e9e dans le <strong>quartier de Bellevue<\/strong> \u00e0 <a href=\"https:\/\/actu.fr\/nantes\/\" rel=\"nofollow noopener\" target=\"_blank\">Nantes<\/a> et <a href=\"https:\/\/actu.fr\/pays-de-la-loire\/saint-herblain_44162\" rel=\"nofollow noopener\" target=\"_blank\">Saint-Herblain<\/a>, la <strong>radio associative locale<\/strong> tire la sonnette d\u2019alarme.<\/p>\n<p class=\" wall-content\">Celle-ci <strong>pourrait \u00ab\u2009cesser toutes ses activit\u00e9s d\u2019ici trois mois\u2009\u00bb,<\/strong> a-t-elle annonc\u00e9 dans un communiqu\u00e9 de presse vendredi 25\u00a0avril.<\/p>\n<p>Coupes budg\u00e9taires et difficult\u00e9s financi\u00e8res<\/p>\n<p class=\" wall-content\">La raison de cette \u00ab\u2009alerte rouge\u2009\u00bb\u2009? L\u2019association se trouve en <strong>\u00ab\u2009grandes difficult\u00e9s financi\u00e8res\u2009\u00bb.<\/strong><\/p>\n<blockquote class=\"ac-article-quote wall-content\">\n<p>Son \u00e9conomie, d\u00e9j\u00e0 fragile, a \u00e9t\u00e9 heurt\u00e9e de plein fouet par les r\u00e9centes coupes budg\u00e9taires, notamment celle de la R\u00e9gion Pays-de-la-Loire. L\u2019\u00e9quipe salari\u00e9e, compos\u00e9e de 7 personnes il y a un an, est d\u00e9j\u00e0 pass\u00e9e \u00e0 4 salari\u00e9s, bient\u00f4t 3.\n<\/p>\n<p>    <strong>Jet FM<\/strong><br \/>\n        Radio associative ind\u00e9pendante    <\/p><\/blockquote>\n<p class=\" wall-content\">Fond\u00e9e<strong> en 1986,<\/strong> la radio \u2013 qui \u00e9met 24\u2009h\/24 en <a href=\"https:\/\/actu.fr\/pays-de-la-loire\/loire-atlantique_44\" rel=\"nofollow noopener\" target=\"_blank\">Loire-Atlantique<\/a> (91.2) et en DAB +\u00a0\u2013 a d\u00e9cid\u00e9 de <strong>repenser son mod\u00e8le<\/strong> afin de poursuivre ses activit\u00e9s avec des moyens r\u00e9duits, comme l\u2019impose le contexte actuel.<\/p>\n<p>Vid\u00e9os : en ce moment sur Actu<\/p>\n<p class=\" wall-content\">Pour l\u2019aider \u00e0 redresser la barre, Jet FM lance une<strong> campagne exceptionnelle de dons,<\/strong> jusqu\u2019au 30\u00a0mai.<\/p>\n<p class=\" wall-content\">\u00ab\u2009Intitul\u00e9e Sauvons Les Oreilles, elle ambitionne de <strong>collecter 5\u2009000\u00a0euros<\/strong> aupr\u00e8s des auditeurs et sympathisants pour aider la radio \u00e0 franchir ce cap difficile et \u00e0 se stabiliser \u00e0 la rentr\u00e9e\u2009\u00bb, d\u00e9voile le m\u00e9dia.<\/p>\n<p class=\" wall-content\">En <strong>contrepartie,<\/strong> les donateurs pourront \u00ab\u2009recevoir un bisou sonore\u2009\u00bb, ou participer \u00e0 la vie de la radio en programmant un morceau de musique \u00e0 l\u2019antenne ou en participant \u00e0 une \u00e9mission de radio.<\/p>\n<p class=\" wall-content\">Des <strong>soir\u00e9es de soutien<\/strong> en m\u00e9tropole nantaise seront \u00e9galement organis\u00e9es.<\/p>\n<p>Une radio \u00ab\u2009loin des standards commerciaux\u2009\u00bb<\/p>\n<p class=\" wall-content\">Jet FM a su se d\u00e9marquer du paysage m\u00e9diatique \u00e0 travers sa <strong>programmation \u00e9clectique,<\/strong> tant du point de vue musical que dans les \u00e9missions propos\u00e9es. D\u00e9bats, reportages, documentaires, cr\u00e9ations radiophoniques, musiques inclassables\u2026 Le tout <strong>sans publicit\u00e9.<\/strong> Bref, une programmation \u00ab\u2009loin des standards commerciaux\u2009\u00bb.<\/p>\n<p class=\" wall-content\">Install\u00e9e au sein du <strong>centre socioculturel de Bellevue,<\/strong> c\u2019est aussi un m\u00e9dia qui interagit directement avec les habitants du quartier, tant\u00f4t invit\u00e9s en studio, tant\u00f4t b\u00e9n\u00e9voles.<\/p>\n<blockquote class=\"ac-article-quote wall-content\">\n<p>Jet FM t\u00e9moigne ainsi de l\u2019effervescence locale et porte des voix trop souvent absentes de l\u2019espace m\u00e9diatique.<\/p>\n<p>    <strong>Jet FM<\/strong><br \/>\n        Radio associative ind\u00e9pendante    <\/p><\/blockquote>\n<p class=\" wall-content\">Le m\u00e9dia a \u00e9galement pris l\u2019habitude de se rendre directement \u00e0 la rencontre de diff\u00e9rents publics\u2009: scolaires, personnes en milieu carc\u00e9ral, en situation de handicap, en pr\u00e9carit\u00e9 sociale\u2026 Une activit\u00e9 d\u00e9velopp\u00e9e en parall\u00e8le avec le Sonolab, <strong>p\u00f4le d\u2019action culturelle et d\u2019\u00e9ducation aux m\u00e9dias.<\/strong><\/p>\n<p class=\" wall-content\">Jet FM soutient \u00e9galement la fili\u00e8re locale et nationale de la <strong>cr\u00e9ation sonore<\/strong> \u00e0 travers des \u00e9missions d\u00e9di\u00e9es, mais aussi son p\u00f4le ressources pour les cr\u00e9ateurs sonores.<\/p>\n<p>Pour en savoir plus, rendez-vous sur <a href=\"https:\/\/www.jetfm.fr\/sauvons-les-oreilles-soutenez-jet\/\" rel=\"nofollow noopener\" target=\"_blank\">la page Sauvons les oreilles<\/a>. Si vous souhaitez soutenir Jet FM, rendez-vous sur <a href=\"https:\/\/www.helloasso.com\/associations\/association-jet\/collectes\/sauvons-les-oreilles-soutenons-jet\" rel=\"nofollow noopener\" target=\"_blank\">la page Hello Asso<\/a> pour faire un don.<\/p>\n<p class=\" wall-content\">Suivez toute l\u2019actualit\u00e9 de vos villes et m\u00e9dias favoris en vous inscrivant \u00e0 <a href=\"https:\/\/moncompte.actu.fr\" title=\"D\u00e9couvez Mon Actu\" rel=\"nofollow noopener\" data-trk=\"{&quot;cta&quot;:{&quot;action&quot;:&quot;https:\\\/\\\/moncompte.actu.fr&quot;,&quot;category&quot;:&quot;mon compte&quot;,&quot;from&quot;:&quot;article footer&quot;,&quot;name&quot;:&quot;Mon actu&quot;,&quot;type&quot;:&quot;cta&quot;}}\" target=\"_blank\">Mon Actu<\/a>.<\/p>\n","protected":false},"excerpt":{"rendered":"Par Cl\u00e9mence Pays Publi\u00e9 le 30 avr. 2025 \u00e0 16h24 Jet FM tire la sonnette d\u2019alarme. Implant\u00e9e dans&hellip;\n","protected":false},"author":2,"featured_media":73845,"comment_status":"","ping_status":"","sticky":false,"template":"","format":"standard","meta":{"footnotes":""},"categories":[2818],"tags":[1111,11,1777,674,1011,27,500,766,12,2636,1825,25,104],"class_list":{"0":"post-73844","1":"post","2":"type-post","3":"status-publish","4":"format-standard","5":"has-post-thumbnail","7":"category-nantes","8":"tag-actu","9":"tag-actualites","10":"tag-eu","11":"tag-europe","12":"tag-fr","13":"tag-france","14":"tag-medias","15":"tag-nantes","16":"tag-news","17":"tag-pays-de-la-loire","18":"tag-radio","19":"tag-republique-francaise","20":"tag-societe"},"share_on_mastodon":{"url":"https:\/\/pubeurope.com\/@fr\/114448658847358364","error":""},"_links":{"self":[{"href":"https:\/\/www.europesays.com\/fr\/wp-json\/wp\/v2\/posts\/73844","targetHints":{"allow":["GET"]}}],"collection":[{"href":"https:\/\/www.europesays.com\/fr\/wp-json\/wp\/v2\/posts"}],"about":[{"href":"https:\/\/www.europesays.com\/fr\/wp-json\/wp\/v2\/types\/post"}],"author":[{"embeddable":true,"href":"https:\/\/www.europesays.com\/fr\/wp-json\/wp\/v2\/users\/2"}],"replies":[{"embeddable":true,"href":"https:\/\/www.europesays.com\/fr\/wp-json\/wp\/v2\/comments?post=73844"}],"version-history":[{"count":0,"href":"https:\/\/www.europesays.com\/fr\/wp-json\/wp\/v2\/posts\/73844\/revisions"}],"wp:featuredmedia":[{"embeddable":true,"href":"https:\/\/www.europesays.com\/fr\/wp-json\/wp\/v2\/media\/73845"}],"wp:attachment":[{"href":"https:\/\/www.europesays.com\/fr\/wp-json\/wp\/v2\/media?parent=73844"}],"wp:term":[{"taxonomy":"category","embeddable":true,"href":"https:\/\/www.europesays.com\/fr\/wp-json\/wp\/v2\/categories?post=73844"},{"taxonomy":"post_tag","embeddable":true,"href":"https:\/\/www.europesays.com\/fr\/wp-json\/wp\/v2\/tags?post=73844"}],"curies":[{"name":"wp","href":"https:\/\/api.w.org\/{rel}","templated":true}]}}