{"id":73856,"date":"2025-05-04T08:43:07","date_gmt":"2025-05-04T08:43:07","guid":{"rendered":"https:\/\/www.europesays.com\/fr\/73856\/"},"modified":"2025-05-04T08:43:07","modified_gmt":"2025-05-04T08:43:07","slug":"jaime-jouer-avec-les-mots","status":"publish","type":"post","link":"https:\/\/www.europesays.com\/fr\/73856\/","title":{"rendered":"J&rsquo;aime jouer avec les mots"},"content":{"rendered":"<p>            Par<br \/>\n        <strong><br \/>\n            <a href=\"https:\/\/actu.fr\/auteur\/amandine-vachez\" title=\"Consulter tous les articles de Amandine Vachez\" target=\"_blank\" rel=\"noopener\">Amandine Vachez<\/a><br \/>\n        <\/strong><\/p>\n<p>        Publi\u00e9 le<\/p>\n<p>            4 mai 2025 \u00e0 10h30        <\/p>\n<p>C\u2019est une ann\u00e9e qui s\u2019annonce riche en \u00e9motions pour<b> Okmio, autrice, compositrice et interpr\u00e8te<\/b> de ses propres chansons. Nous avons, peu avant la sortie officielle de son premier titre, rencontr\u00e9 cette artiste originaire de la <b>m\u00e9tropole de Lille <\/b>(Nord), qui a d\u00e9cid\u00e9 il y a peu de se consacrer enti\u00e8rement \u00e0 la <a href=\"https:\/\/actu.fr\/tag\/musique\" target=\"_blank\" rel=\"noopener\">musique<\/a>.\u00a0<\/p>\n<p>\u00ab\u00a0J\u2019ai appris toute seule\u00a0\u00bb<\/p>\n<p class=\" wall-content\">Okmio (\u00ab\u00a0toujours entre deux \u00ab\u00a0o\u00a0\u00bb \/ \u00ab\u00a0eaux\u00a0\u00bb) \u00e9crit depuis qu\u2019elle a 12 ans. Elle adore les jolis mots, les belles compositions comme celles de Verlaine, Rimbaud ou encore Baudelaire. C\u00f4t\u00e9 musique, elle a \u00e9cout\u00e9 toute petite des<b> chanteurs \u00e0 texte, comme Cabrel, Brel, Renaud ou encore Zazie.<\/b> \u00ab\u00a0Si j\u2019avais \u00e9cout\u00e9 les profs, je n\u2019aurais jamais \u00e9crit\u00a0\u00bb, confie-t-elle, avec un petit sourire. L\u2019orthographe n\u2019est pas son point fort. Mais quand on \u00e9coute ses textes, on d\u00e9c\u00e8le rapidement qu\u2019elle a le sens de la formule.<\/p>\n<p class=\" wall-content\">Longtemps, Okmio a \u00e9t\u00e9 animatrice aupr\u00e8s des enfants. Elle a, dans ce cadre, <b>appris \u00e0 jouer de la guitare en autodidacte<\/b>, \u00ab\u00a0pour l\u2019animation. J\u2019ai appris toute seule, c\u2019\u00e9tait pas facile, mais j\u2019avais la hargne, je me disais que \u00e7a pouvait matcher avec mes textes. J\u2019aime jouer avec les mots, \u00e9crire est hyper important pour moi.\u00a0\u00bb<\/p>\n<p class=\" wall-content\">Ce qui l\u2019est aussi : faire passer l\u2019\u00e9motion, par la sinc\u00e9rit\u00e9, la g\u00e9n\u00e9rosit\u00e9, comme les auteurs, compositeurs et interpr\u00e8tes de la nouvelle chanson fran\u00e7aise qu\u2019elle affectionne, Vianney et Hoshi. \u00ab\u00a0Sur sc\u00e8ne, je partage mes \u00e9motions, et je me laisse embarquer.\u00a0\u00bb<\/p>\n<p>La musique \u00ab\u00a0c\u2019est moi, c\u2019est ce qui me fait vivre\u00a0\u00bb<\/p>\n<p class=\" wall-content\">Okmio, que l\u2019on reconna\u00eet \u00e0 son style, avec sa casquette \u00e0 l\u2019envers et sa guitare s\u00e8che qu\u2019elle ne semble presque jamais quitter, a pass\u00e9 de nombreux castings. D\u00e8s tr\u00e8s jeune dans le Nord, mais une mauvaise exp\u00e9rience l\u2019a \u00e9loign\u00e9e de la musique. Jusqu\u2019en 2020, pendant la crise Covid. J\u2019ai repris<b> la guitare, la musique et les textes\u2026 <\/b>J\u2019ai r\u00e9alis\u00e9 que c\u2019est moi, que c\u2019est ce qui me fait vivre.\u00a0\u00bb Elle compose alors le titre \u00ab\u00a0Zigzag\u00a0\u00bb, qui \u00ab\u00a0fonctionne particuli\u00e8rement en live.\u00a0\u00bb<\/p>\n<p class=\" wall-content\"><a href=\"https:\/\/www.instagram.com\/p\/CcN2fz1KS2M\/embed\" title=\"Ouvrir le lien sur Instagram\" target=\"_blank\" rel=\"noopener\">Visualiser le contenu sur Instagram<\/a><\/p>\n<p class=\" wall-content\">Elle retourne donc \u00e0 l\u2019aff\u00fbt<b>\u00a0des castings un peu partout en France<\/b> et r\u00e9ussit cette fois-ci \u00e0 convaincre, avec ses compositions. Quand elle en parle, l\u2019\u00e9motion est encore tr\u00e8s forte.<\/p>\n<p class=\" wall-content\">Depuis 2023, elle est sur la route, dans son camion avec son chien. Elle participe \u00e0 des concours, qui lui ont parfois permis de jouer sur des grandes sc\u00e8nes, et devant des gens de la profession. \u00ab\u00a0Tout \u00e7a m\u2019a fait grandir, et savoir \u00e0 quel point j\u2019aime \u00e7a. Si je ne tente pas maintenant, je ne tenterai jamais\u00a0\u00bb, dit-elle.<\/p>\n<blockquote class=\"ac-article-quote wall-content\">\n<p>J\u2019ai eu la chance de faire un concert sur une grande sc\u00e8ne \u00e0 Calais [un concert Contact FM en 2023, NDLR]. Depuis, je ne r\u00eave que de \u00e7a.<\/p>\n<p>Okmio.<\/p><\/blockquote>\n<p class=\" wall-content\"><a href=\"https:\/\/www.instagram.com\/p\/DBZFq0wAeQN\/embed\" title=\"Ouvrir le lien sur Instagram\" target=\"_blank\" rel=\"noopener\">Visualiser le contenu sur Instagram<\/a><\/p>\n<p>Un titre \u00e0 venir<\/p>\n<p class=\" wall-content\">Depuis qu\u2019elle a d\u00e9cid\u00e9 de se consacrer enti\u00e8rement \u00e0 la musique, elle compose et se perfectionne. Au culot, elle a m\u00eame obtenu une place dans une prestigieuse r\u00e9sidence d\u2019\u00e9criture, \u00ab\u00a0Voix du Sud\u00a0\u00bb \u00e0 Astaffort, cr\u00e9\u00e9e par Francis Cabrel. \u00ab\u00a0Ils m\u2019ont accueillie, j\u2019en revenais pas !\u00a0\u00bb Au milieu des pointures de la musique, elle ne se sent au d\u00e9but pas \u00e0 sa place. Puis vient le moment d\u2019\u00e9crire. Pour elle c\u2019est \u00ab\u00a0facile\u00a0\u00bb, presque intuitif. Elle a d\u00e9sormais h\u00e2te de participer \u00e0 la prochaine session, pr\u00e9vue en juin.<\/p>\n<p class=\" wall-content\"><a href=\"https:\/\/www.instagram.com\/p\/DIyMllps6VT\/embed\" title=\"Ouvrir le lien sur Instagram\" target=\"_blank\" rel=\"noopener\">Visualiser le contenu sur Instagram<\/a><\/p>\n<p class=\" wall-content\">Mais si Okmio aime \u00e9crire, composer, et pr\u00e9senter ses titres sur sc\u00e8ne, ce qu\u2019elle pr\u00e9f\u00e8re, c\u2019est <b>chanter dans la rue<\/b>. \u00ab\u00a0Les gens s\u2019arr\u00eatent vraiment pour t\u2019\u00e9couter, parce qu\u2019ils aiment, tout simplement.\u00a0\u00bb Le contact est facile aussi, les \u00e9changes spontan\u00e9s.\u00a0<\/p>\n<p class=\" wall-content\">En attendant les prochaines dates, Okmio pr\u00e9pare la<b> sortie de son premier titre sur les plateformes. <\/b>Le rendez-vous est donn\u00e9 le 1er juin prochain. En attendant, vous pouvez \u00e9couter ses titres dans des vid\u00e9os qu\u2019elle a tourn\u00e9es en live et <a href=\"https:\/\/www.instagram.com\/okmio.musique\/\" target=\"_blank\" rel=\"noopener\">qu\u2019elle partage sur Instagram<\/a>.<\/p>\n<p class=\" wall-content\">Suivez toute l\u2019actualit\u00e9 de vos villes et m\u00e9dias favoris en vous inscrivant \u00e0 <a href=\"https:\/\/moncompte.actu.fr\" title=\"D\u00e9couvez Mon Actu\" rel=\"nofollow noopener\" data-trk=\"{&quot;cta&quot;:{&quot;action&quot;:&quot;https:\\\/\\\/moncompte.actu.fr&quot;,&quot;category&quot;:&quot;mon compte&quot;,&quot;from&quot;:&quot;article footer&quot;,&quot;name&quot;:&quot;Mon actu&quot;,&quot;type&quot;:&quot;cta&quot;}}\" target=\"_blank\">Mon Actu<\/a>.<\/p>\n<p>                    <script async src=\"\/\/www.instagram.com\/embed.js\"><\/script><\/p>\n","protected":false},"excerpt":{"rendered":"Par Amandine Vachez Publi\u00e9 le 4 mai 2025 \u00e0 10h30 C\u2019est une ann\u00e9e qui s\u2019annonce riche en \u00e9motions&hellip;\n","protected":false},"author":2,"featured_media":73857,"comment_status":"","ping_status":"","sticky":false,"template":"","format":"standard","meta":{"footnotes":""},"categories":[2815],"tags":[1111,11,1777,674,1011,27,811,1307,1652,873,12,9026,25],"class_list":{"0":"post-73856","1":"post","2":"type-post","3":"status-publish","4":"format-standard","5":"has-post-thumbnail","7":"category-lille","8":"tag-actu","9":"tag-actualites","10":"tag-eu","11":"tag-europe","12":"tag-fr","13":"tag-france","14":"tag-hauts-de-france","15":"tag-lille","16":"tag-loisirs-culture","17":"tag-musique","18":"tag-news","19":"tag-portrait","20":"tag-republique-francaise"},"share_on_mastodon":{"url":"https:\/\/pubeurope.com\/@fr\/114448682411605575","error":""},"_links":{"self":[{"href":"https:\/\/www.europesays.com\/fr\/wp-json\/wp\/v2\/posts\/73856","targetHints":{"allow":["GET"]}}],"collection":[{"href":"https:\/\/www.europesays.com\/fr\/wp-json\/wp\/v2\/posts"}],"about":[{"href":"https:\/\/www.europesays.com\/fr\/wp-json\/wp\/v2\/types\/post"}],"author":[{"embeddable":true,"href":"https:\/\/www.europesays.com\/fr\/wp-json\/wp\/v2\/users\/2"}],"replies":[{"embeddable":true,"href":"https:\/\/www.europesays.com\/fr\/wp-json\/wp\/v2\/comments?post=73856"}],"version-history":[{"count":0,"href":"https:\/\/www.europesays.com\/fr\/wp-json\/wp\/v2\/posts\/73856\/revisions"}],"wp:featuredmedia":[{"embeddable":true,"href":"https:\/\/www.europesays.com\/fr\/wp-json\/wp\/v2\/media\/73857"}],"wp:attachment":[{"href":"https:\/\/www.europesays.com\/fr\/wp-json\/wp\/v2\/media?parent=73856"}],"wp:term":[{"taxonomy":"category","embeddable":true,"href":"https:\/\/www.europesays.com\/fr\/wp-json\/wp\/v2\/categories?post=73856"},{"taxonomy":"post_tag","embeddable":true,"href":"https:\/\/www.europesays.com\/fr\/wp-json\/wp\/v2\/tags?post=73856"}],"curies":[{"name":"wp","href":"https:\/\/api.w.org\/{rel}","templated":true}]}}