{"id":73858,"date":"2025-05-04T08:44:11","date_gmt":"2025-05-04T08:44:11","guid":{"rendered":"https:\/\/www.europesays.com\/fr\/73858\/"},"modified":"2025-05-04T08:44:11","modified_gmt":"2025-05-04T08:44:11","slug":"om-a-quelle-heure-et-sur-quelle-chaine-voir-le-match","status":"publish","type":"post","link":"https:\/\/www.europesays.com\/fr\/73858\/","title":{"rendered":"OM : \u00e0 quelle heure et sur quelle cha\u00eene voir le match ?"},"content":{"rendered":"<p>Il y a des rendez-vous qui ne se ratent pas et celui de ce dimanche soir <a href=\"https:\/\/www.laprovence.com\/article\/om\/1135046382553215\/om-a-lille-les-olympiens-peuvent-faire-le-break-dans-la-course-a-la-ligue-des-champions\" target=\"_blank\" rel=\"noopener\">est un immanquable<\/a>. L&rsquo;OM se d\u00e9place \u00e0 Lille pour la rencontre la plus importante de sa saison alors que le sprint final pour la qualification directe \u00e0 la Ligue des champions n&rsquo;a jamais \u00e9t\u00e9 aussi serr\u00e9.<\/p>\n<p>C&rsquo;est simple, quatre longueurs s\u00e9parent Monaco (58), deuxi\u00e8me, de Lyon (54), au septi\u00e8me probablement synonyme d&rsquo;acc\u00e8s \u00e0 une Ligue Conf\u00e9rence qui ne fait envie \u00e0 aucun des six pr\u00e9tendants (en cas de victoire du PSG en finale de coupe de France contre Reims). En cas de victoire \u00e0 Lille (6e, 56 pts), <a href=\"https:\/\/www.laprovence.com\/article\/om\/4575645940604414\/direct-laprovence-direct-om-suivez-la-conference-de-presse-de-roberto-de-zerbi-et-geoffrey-kondogbia-avant-le-deplacement-a-lille\" target=\"_blank\" rel=\"noopener\">l&rsquo;OM<\/a> (3e, 58 pts) reprend sa place de dauphin. En cas d&rsquo;\u00e9chec, il se retrouve au pied du podium sur la place du barragiste&#8230;<\/p>\n<p>Le match \u00e0 ne pas manquer de ce week-end sera diffus\u00e9 ce dimanche soir sur DAZN, coup d&rsquo;envoi \u00e0 20h45 au stade Pierre-Mauroy du Losc.<\/p>\n<p>Ne manquez pas notre direct comment\u00e9 avec <a href=\"https:\/\/www.laprovence.com\/article\/om\/1137612500116915\/om-dans-quel-schema-tactique-les-olympiens-evolueront-a-lille\" target=\"_blank\" rel=\"noopener\">toutes les informations<\/a> et les analyses en direct de ce Lille-OM, \u00e0 partir de 19h sur laprovence.com<\/p>\n","protected":false},"excerpt":{"rendered":"Il y a des rendez-vous qui ne se ratent pas et celui de ce dimanche soir est un&hellip;\n","protected":false},"author":2,"featured_media":73859,"comment_status":"","ping_status":"","sticky":false,"template":"","format":"standard","meta":{"footnotes":""},"categories":[2815],"tags":[17,1111,11,3839,1777,674,1011,27,811,3838,1307,12,149,3837,25,3356],"class_list":{"0":"post-73858","1":"post","2":"type-post","3":"status-publish","4":"format-standard","5":"has-post-thumbnail","7":"category-lille","8":"tag-17","9":"tag-actu","10":"tag-actualites","11":"tag-chaine","12":"tag-eu","13":"tag-europe","14":"tag-fr","15":"tag-france","16":"tag-hauts-de-france","17":"tag-heure","18":"tag-lille","19":"tag-news","20":"tag-om","21":"tag-quelle","22":"tag-republique-francaise","23":"tag-sur"},"share_on_mastodon":{"url":"https:\/\/pubeurope.com\/@fr\/114448686357461612","error":""},"_links":{"self":[{"href":"https:\/\/www.europesays.com\/fr\/wp-json\/wp\/v2\/posts\/73858","targetHints":{"allow":["GET"]}}],"collection":[{"href":"https:\/\/www.europesays.com\/fr\/wp-json\/wp\/v2\/posts"}],"about":[{"href":"https:\/\/www.europesays.com\/fr\/wp-json\/wp\/v2\/types\/post"}],"author":[{"embeddable":true,"href":"https:\/\/www.europesays.com\/fr\/wp-json\/wp\/v2\/users\/2"}],"replies":[{"embeddable":true,"href":"https:\/\/www.europesays.com\/fr\/wp-json\/wp\/v2\/comments?post=73858"}],"version-history":[{"count":0,"href":"https:\/\/www.europesays.com\/fr\/wp-json\/wp\/v2\/posts\/73858\/revisions"}],"wp:featuredmedia":[{"embeddable":true,"href":"https:\/\/www.europesays.com\/fr\/wp-json\/wp\/v2\/media\/73859"}],"wp:attachment":[{"href":"https:\/\/www.europesays.com\/fr\/wp-json\/wp\/v2\/media?parent=73858"}],"wp:term":[{"taxonomy":"category","embeddable":true,"href":"https:\/\/www.europesays.com\/fr\/wp-json\/wp\/v2\/categories?post=73858"},{"taxonomy":"post_tag","embeddable":true,"href":"https:\/\/www.europesays.com\/fr\/wp-json\/wp\/v2\/tags?post=73858"}],"curies":[{"name":"wp","href":"https:\/\/api.w.org\/{rel}","templated":true}]}}