{"id":73862,"date":"2025-05-04T08:46:08","date_gmt":"2025-05-04T08:46:08","guid":{"rendered":"https:\/\/www.europesays.com\/fr\/73862\/"},"modified":"2025-05-04T08:46:08","modified_gmt":"2025-05-04T08:46:08","slug":"marseille-3-mai-2025-une-journee-pour-le-droit-au-logement","status":"publish","type":"post","link":"https:\/\/www.europesays.com\/fr\/73862\/","title":{"rendered":"Marseille, 3 mai 2025 : Une journ\u00e9e pour le droit au logement"},"content":{"rendered":"<p>En tant que repr\u00e9sentant national de la Conf\u00e9d\u00e9ration Nationale du Logement (CNL), j\u2019ai eu l\u2019honneur de participer \u00e0 cette journ\u00e9e m\u00e9morable, m\u00ealant mobilisation de terrain et d\u00e9bats d\u2019id\u00e9es. R\u00e9cit de cette journ\u00e9e, entre la rue d\u2019Aubagne et les locaux de la f\u00e9d\u00e9ration des Bouches-du-Rh\u00f4ne du PCF.<\/p>\n<p>            La d\u00e9l\u00e9gation de la Gauche Europ\u00e9enne devant la Rue d&rsquo;Aubagne avec la maire Sophie Camard                             \u00a9\u00a0Julien Sueres<\/p>\n<p>        Agrandir l\u2019image : Illustration 1<\/p>\n<p>Matin\u00e9e : Une d\u00e9ambulation poignante dans la rue d\u2019Aubagne<\/p>\n<p>La journ\u00e9e a d\u00e9but\u00e9 par une marche exploratoire dans le quartier de la rue d\u2019Aubagne, guid\u00e9e par Sophie Camard, maire des 1er et 7e arrondissements de Marseille. Ce lieu, marqu\u00e9 par l\u2019effondrement tragique de deux immeubles en 2018 qui a co\u00fbt\u00e9 la vie \u00e0 huit personnes, reste un symbole du mal-logement. Sophie Camard nous a conduits \u00e0 travers les ruelles, racontant l\u2019horreur des habitats insalubres o\u00f9 des familles vivaient dans des conditions indignes. Mais au-del\u00e0 du drame, elle a mis en lumi\u00e8re la formidable solidarit\u00e9 de la communaut\u00e9 : voisins, associations et collectifs se sont mobilis\u00e9s pour soutenir les victimes et exiger des changements.<\/p>\n<p>            Un hommage est rendu aux martyrs de la rue d&rsquo;Aubagne                             \u00a9\u00a0Julien Sueres<\/p>\n<p>        Agrandir l\u2019image : Illustration 2<\/p>\n<p>Sophie Camard a \u00e9galement partag\u00e9 les avanc\u00e9es significatives dans la reconstruction du quartier. Elle a d\u00e9taill\u00e9 les montages administratifs et financiers publics mis en \u0153uvre pour r\u00e9habiliter les logements, un v\u00e9ritable \u00ab \u00e9lectrochoc \u00bb pour Marseille. Ces innovations, combinant fonds publics et volont\u00e9 politique, montrent qu\u2019une autre approche du logement est possible, loin de la sp\u00e9culation immobili\u00e8re.<\/p>\n<p>            Le lieu d&rsquo;un ancien immeuble qui a fait plusieurs morts lors des effondrements                             \u00a9\u00a0Julien Sueres<\/p>\n<p>        Agrandir l\u2019image : Illustration 3<\/p>\n<p>            Les autorit\u00e9s et la populations ont d\u00e9cid\u00e9 qu&rsquo;il ne pourrait pas y avoir de nouveaux logements sur cet endroit. Un centre de ressources sera construit \u00e0 la place.                             \u00a9\u00a0Julien Sueres<\/p>\n<p>        Agrandir l\u2019image : Illustration 4<\/p>\n<p>Apr\u00e8s-midi : Des d\u00e9bats pour dresser un \u00e9tat des lieux et proposer des solutions<\/p>\n<p>L\u2019apr\u00e8s-midi, nous nous sommes r\u00e9unis dans les locaux de la f\u00e9d\u00e9ration des Bouches-du-Rh\u00f4ne du PCF pour deux tables rondes riches en \u00e9changes, r\u00e9unissant des acteurs politiques, syndicaux et associatifs de France et d\u2019Europe.<\/p>\n<p>Table ronde 1 : Le mal-logement et l\u2019ub\u00e9risation en France et en Europe<\/p>\n<p>Anim\u00e9e par H\u00e9l\u00e8ne Bidard, dirigeante nationale du PCF, la premi\u00e8re discussion a dress\u00e9 un \u00e9tat des lieux accablant. Sophie Camard est revenue sur la gestion de l\u2019apr\u00e8s-effondrement de la rue d\u2019Aubagne, soulignant les d\u00e9fis mais aussi les progr\u00e8s r\u00e9alis\u00e9s localement. Marianne Margat\u00e9, s\u00e9natrice PCF de Seine-et-Marne, a partag\u00e9 ses travaux au S\u00e9nat sur les syndicats de copropri\u00e9t\u00e9, pointant les failles dans la gestion des immeubles collectifs. Simon de Beer, du Parti du Travail de Belgique (PTB), a expos\u00e9 les luttes pour le logement \u00e0 Forest, pr\u00e8s de Bruxelles, o\u00f9 la sp\u00e9culation immobili\u00e8re chasse les classes populaires. Christophe Casanova, journaliste \u00e0 La Marseillaise, a \u00e9voqu\u00e9 la campagne #Balancetontaudis, qui donne la parole aux locataires victimes de logements insalubres. Enfin, Ismael Gonzales, coordinateur de la campagne du PGE, a rappel\u00e9 l\u2019ampleur europ\u00e9enne de la crise, exacerb\u00e9e par les locations \u00e0 court terme comme Airbnb et la financiarisation du march\u00e9 immobilier.<\/p>\n<p>            Les intervenants au premiers d\u00e9bats aux c\u00f4t\u00e9s d&rsquo;H\u00e9l\u00e8ne Bidard, acceuilles ar Na\u00efma Senanedj, responsable du PCF 13.                             \u00a9\u00a0Julien Sueres<\/p>\n<p>        Agrandir l\u2019image : Illustration 5<\/p>\n<p>Table ronde 2 : Des alternatives pour le logement en France et en Europe<\/p>\n<p>Le second d\u00e9bat, anim\u00e9 par Sylvie Vinceneux, responsable de la commission logement du PCF, a port\u00e9 sur les solutions concr\u00e8tes. En tant que repr\u00e9sentant de la CNL, j\u2019ai pris la parole pour dresser un bilan alarmant de la situation des locataires en France. Les augmentations de loyers, conjugu\u00e9es \u00e0 une explosion des expulsions, plongent des milliers de m\u00e9nages dans la pr\u00e9carit\u00e9. J\u2019ai rappel\u00e9 le succ\u00e8s de la p\u00e9tition de la CNL en 2024, qui a recueilli 35 000 signatures pour exiger un gel des loyers et la construction massive de HLM (<a href=\"https:\/\/www.change.org\/p\/pour-le-gel-des-loyers-et-la-construction-massive-de-logements-sociaux-neufs\" target=\"_blank\" rel=\"noopener noreferrer nofollow\">Vous pouvez la signer ici<\/a>).<\/p>\n<p>Mais surtout, j\u2019ai insist\u00e9 sur la n\u00e9cessit\u00e9 d\u2019une grande campagne transpartisane, intersyndicale et associative pour faire du droit au logement une priorit\u00e9 constitutionnelle. La proposition phare de la CNL, la <strong>S\u00e9curit\u00e9 Sociale du Logement (SSL)<\/strong>, a \u00e9t\u00e9 au c\u0153ur de mon intervention. Inspir\u00e9e de dispositifs comme la garantie VISALE, la SSL vise \u00e0 cr\u00e9er une sixi\u00e8me branche de la S\u00e9curit\u00e9 sociale d\u00e9di\u00e9e au logement. Une caisse de pr\u00e9vention des impay\u00e9s, financ\u00e9e par la mutualisation des d\u00e9p\u00f4ts de garantie, une cotisation sur les loyers, une contribution sur les cr\u00e9dits immobiliers, le budget VISALE et, \u00e0 terme, une r\u00e9forme de la Participation des employeurs \u00e0 l\u2019effort de construction (1 % des entreprises de plus de 20 salari\u00e9s), permettrait de s\u00e9curiser les parcours r\u00e9sidentiels des locataires, qu\u2019ils soient du secteur public ou priv\u00e9, tout en garantissant les loyers des bailleurs. Les \u00e9conomies r\u00e9alis\u00e9es sur l\u2019h\u00e9bergement d\u2019urgence pourraient \u00e9galement alimenter cette caisse. Coupl\u00e9e \u00e0 l\u2019encadrement des loyers, au \u00ab permis de louer \u00bb et \u00e0 un service public de l\u2019habitat renforc\u00e9, la SSL pourrait transformer le logement en un droit effectif, \u00e0 l\u2019image de la protection sociale en sant\u00e9 ou en retraite.<\/p>\n<p>            Les intervenants de la 2\u00e8me table ronde autour de Sylvie Vinceneux.                             \u00a9\u00a0Julien Sueres<\/p>\n<p>        Agrandir l\u2019image : Illustration 6<\/p>\n<p>D\u2019autres intervenant\u00b7e\u00b7s ont enrichi le d\u00e9bat. Patricia Tejas, de la CGT, a pr\u00e9sent\u00e9 les travaux r\u00e9cents de la conf\u00e9d\u00e9ration sur le logement, notamment sur la protection des salari\u00e9\u00b7e\u00b7s face \u00e0 la crise. Romane Massip, secr\u00e9taire du Mouvement Jeunes Communistes de France (MJCF 13), a abord\u00e9 les difficult\u00e9s des jeunes, entre logement \u00e9tudiant pr\u00e9caire et acc\u00e8s limit\u00e9 pour les jeunes travailleurs. Enfin, Christoph Haill, du Parti communiste autrichien (PKOE), a d\u00e9crit la situation en Autriche, o\u00f9 les loyers explosent malgr\u00e9 un pass\u00e9 de politiques publiques robustes, et a d\u00e9fendu des propositions marxistes pour un logement abordable.<\/p>\n<p>            De nombreux militants locaux sont venus participer aux d\u00e9bats.                             \u00a9\u00a0Julien Sueres<\/p>\n<p>        Agrandir l\u2019image : Illustration 7<\/p>\n<p>Une mobilisation ancr\u00e9e dans un mouvement europ\u00e9en<\/p>\n<p>Cette initiative s\u2019inscrit dans une s\u00e9rie d\u2019actions port\u00e9es par le PGE en 2025, comme l\u2019\u00e9v\u00e9nement de Madrid en f\u00e9vrier ou celui pr\u00e9vu \u00e0 Ath\u00e8nes le 23 mai. Elle refl\u00e8te les revendications du PGE : stopper la marchandisation du logement, r\u00e9guler les locations \u00e0 court terme, interdire les expulsions sans relogement, investir dans des logements publics et durables, et lutter contre les discriminations dans l\u2019acc\u00e8s au logement. \u00c0 Marseille, o\u00f9 45 000 demandes de logements sociaux sont en attente et 40 000 logements sont insalubres, ces revendications r\u00e9sonnent avec force.<\/p>\n<p>Et apr\u00e8s ? Continuer la lutte<\/p>\n<p>Cette journ\u00e9e a montr\u00e9 que la lutte pour le droit au logement est plus que jamais n\u00e9cessaire. En tant que repr\u00e9sentant de la CNL, je repars avec la conviction que nous devons amplifier nos mobilisations. Rejoindre les groupes locaux, soutenir les politiques de contr\u00f4le des loyers, faire pression sur les \u00e9lus et partager les histoires des locataires sont autant de moyens d\u2019agir. Le PGE invite tous les citoyens \u00e0 partager leurs t\u00e9moignages via <a href=\"https:\/\/www.european-left.org\/housing-campaign\/\" target=\"_blank\" rel=\"noopener noreferrer nofollow\">un QR code pour visibiliser la crise et exiger des changements<\/a>.<\/p>\n<p>Ensemble, faisons du logement un droit humain inali\u00e9nable. La lutte continue, \u00e0 Marseille, en France et en Europe, pour une soci\u00e9t\u00e9 plus juste et solidaire.<\/p>\n<p>            Une partie des militants ont men\u00e9 une actions sur les boites \u00e0 cl\u00e9s AirBnB.                             \u00a9\u00a0Julien Sueres<\/p>\n<p>        Agrandir l\u2019image : Illustration 8<\/p>\n","protected":false},"excerpt":{"rendered":"En tant que repr\u00e9sentant national de la Conf\u00e9d\u00e9ration Nationale du Logement (CNL), j\u2019ai eu l\u2019honneur de participer \u00e0&hellip;\n","protected":false},"author":2,"featured_media":73863,"comment_status":"","ping_status":"","sticky":false,"template":"","format":"standard","meta":{"footnotes":""},"categories":[2814],"tags":[1111,11,1777,674,17800,1011,27,1908,884,12,882,25],"class_list":{"0":"post-73862","1":"post","2":"type-post","3":"status-publish","4":"format-standard","5":"has-post-thumbnail","7":"category-marseille","8":"tag-actu","9":"tag-actualites","10":"tag-eu","11":"tag-europe","12":"tag-european-left","13":"tag-fr","14":"tag-france","15":"tag-logement","16":"tag-marseille","17":"tag-news","18":"tag-provence-alpes-cote-dazur","19":"tag-republique-francaise"},"share_on_mastodon":{"url":"https:\/\/pubeurope.com\/@fr\/114448694181058405","error":""},"_links":{"self":[{"href":"https:\/\/www.europesays.com\/fr\/wp-json\/wp\/v2\/posts\/73862","targetHints":{"allow":["GET"]}}],"collection":[{"href":"https:\/\/www.europesays.com\/fr\/wp-json\/wp\/v2\/posts"}],"about":[{"href":"https:\/\/www.europesays.com\/fr\/wp-json\/wp\/v2\/types\/post"}],"author":[{"embeddable":true,"href":"https:\/\/www.europesays.com\/fr\/wp-json\/wp\/v2\/users\/2"}],"replies":[{"embeddable":true,"href":"https:\/\/www.europesays.com\/fr\/wp-json\/wp\/v2\/comments?post=73862"}],"version-history":[{"count":0,"href":"https:\/\/www.europesays.com\/fr\/wp-json\/wp\/v2\/posts\/73862\/revisions"}],"wp:featuredmedia":[{"embeddable":true,"href":"https:\/\/www.europesays.com\/fr\/wp-json\/wp\/v2\/media\/73863"}],"wp:attachment":[{"href":"https:\/\/www.europesays.com\/fr\/wp-json\/wp\/v2\/media?parent=73862"}],"wp:term":[{"taxonomy":"category","embeddable":true,"href":"https:\/\/www.europesays.com\/fr\/wp-json\/wp\/v2\/categories?post=73862"},{"taxonomy":"post_tag","embeddable":true,"href":"https:\/\/www.europesays.com\/fr\/wp-json\/wp\/v2\/tags?post=73862"}],"curies":[{"name":"wp","href":"https:\/\/api.w.org\/{rel}","templated":true}]}}