{"id":73866,"date":"2025-05-04T08:48:13","date_gmt":"2025-05-04T08:48:13","guid":{"rendered":"https:\/\/www.europesays.com\/fr\/73866\/"},"modified":"2025-05-04T08:48:13","modified_gmt":"2025-05-04T08:48:13","slug":"apres-limpressionnant-orage-aucun-sinistre-majeur-a-deplorer","status":"publish","type":"post","link":"https:\/\/www.europesays.com\/fr\/73866\/","title":{"rendered":"Apr\u00e8s l&rsquo;impressionnant orage, aucun sinistre majeur \u00e0 d\u00e9plorer"},"content":{"rendered":"<p>                            <img loading=\"lazy\" width=\"1200\" height=\"675\" class=\"attachment-article size-article wp-post-image lazyload\" alt=\"\" decoding=\"async\" src=\"https:\/\/www.europesays.com\/fr\/wp-content\/uploads\/2025\/05\/579FBA9D-FEC5-42F6-B37E-0BF10B0E660C.jpg\"  data- data-eio-rwidth=\"1200\" data-eio-rheight=\"675\"\/><\/p>\n<p>La gr\u00eale a commenc\u00e9 \u00e0 tomber autour de 17h30 \u00e0 Lyon. Photos DR<\/p>\n<p class=\"content\" style=\"font-size:1.2em;font-weight:700\">Un orage bref mais intense a recouvert plusieurs quartiers lyonnais de gr\u00eale samedi en fin de journ\u00e9e. Si les images ont impressionn\u00e9, aucun sinistre majeur n\u2019a \u00e9t\u00e9 constat\u00e9.<\/p>\n<p><a href=\"https:\/\/www.lyoncapitale.fr\/actualite\/c-est-quoi-cette-dinguerie-la-grele-s-abat-sur-lyon\" target=\"_blank\" rel=\"noreferrer noopener\">La sc\u00e8ne a surpris de nombreux Lyonnais<\/a> : en quelques minutes, un tapis blanc de gr\u00eale s\u2019est form\u00e9 sur les chauss\u00e9es et trottoirs de la ville, notamment dans les 3e et 6e arrondissements. L\u2019\u00e9pisode, survenu vers 17h30 dans le sillage d\u2019un violent orage, s\u2019est accompagn\u00e9 de pr\u00e9cipitations soudaines et de vents soutenus, dans un contexte de vigilance jaune lanc\u00e9e par <strong>M\u00e9t\u00e9o-France<\/strong>.<\/p>\n<p>Malgr\u00e9 des images spectaculaires relay\u00e9es sur les r\u00e9seaux sociaux, les sapeurs-pompiers du Rh\u00f4ne n\u2019ont signal\u00e9 \u00ab aucune intervention notable \u00bb li\u00e9e \u00e0 cet \u00e9pisode m\u00e9t\u00e9o, selon <a href=\"https:\/\/c.leprogres.fr\/environnement\/2025\/05\/03\/intemperies-a-lyon-la-ville-recouverte-par-la-grele\" target=\"_blank\" rel=\"noreferrer noopener\">Le Progr\u00e8s<\/a>. Ni bless\u00e9, ni d\u00e9g\u00e2t mat\u00e9riel majeur n\u2019a \u00e9t\u00e9 recens\u00e9 dans l\u2019agglom\u00e9ration. L\u2019alerte orage reste n\u00e9anmoins en vigueur ce dimanche, en raison du maintien d\u2019une instabilit\u00e9 atmosph\u00e9rique sur la r\u00e9gion.<\/p>\n","protected":false},"excerpt":{"rendered":"La gr\u00eale a commenc\u00e9 \u00e0 tomber autour de 17h30 \u00e0 Lyon. Photos DR Un orage bref mais intense&hellip;\n","protected":false},"author":2,"featured_media":73867,"comment_status":"","ping_status":"","sticky":false,"template":"","format":"standard","meta":{"footnotes":""},"categories":[1889],"tags":[1111,11,2430,1777,674,1011,27,17701,2428,2487,12,4594,25,2429],"class_list":{"0":"post-73866","1":"post","2":"type-post","3":"status-publish","4":"format-standard","5":"has-post-thumbnail","7":"category-lyon","8":"tag-actu","9":"tag-actualites","10":"tag-auvergne-rhone-alpes","11":"tag-eu","12":"tag-europe","13":"tag-fr","14":"tag-france","15":"tag-grele","16":"tag-lyon","17":"tag-meteo","18":"tag-news","19":"tag-orages","20":"tag-republique-francaise","21":"tag-rhone"},"share_on_mastodon":{"url":"https:\/\/pubeurope.com\/@fr\/114448702075213858","error":""},"_links":{"self":[{"href":"https:\/\/www.europesays.com\/fr\/wp-json\/wp\/v2\/posts\/73866","targetHints":{"allow":["GET"]}}],"collection":[{"href":"https:\/\/www.europesays.com\/fr\/wp-json\/wp\/v2\/posts"}],"about":[{"href":"https:\/\/www.europesays.com\/fr\/wp-json\/wp\/v2\/types\/post"}],"author":[{"embeddable":true,"href":"https:\/\/www.europesays.com\/fr\/wp-json\/wp\/v2\/users\/2"}],"replies":[{"embeddable":true,"href":"https:\/\/www.europesays.com\/fr\/wp-json\/wp\/v2\/comments?post=73866"}],"version-history":[{"count":0,"href":"https:\/\/www.europesays.com\/fr\/wp-json\/wp\/v2\/posts\/73866\/revisions"}],"wp:featuredmedia":[{"embeddable":true,"href":"https:\/\/www.europesays.com\/fr\/wp-json\/wp\/v2\/media\/73867"}],"wp:attachment":[{"href":"https:\/\/www.europesays.com\/fr\/wp-json\/wp\/v2\/media?parent=73866"}],"wp:term":[{"taxonomy":"category","embeddable":true,"href":"https:\/\/www.europesays.com\/fr\/wp-json\/wp\/v2\/categories?post=73866"},{"taxonomy":"post_tag","embeddable":true,"href":"https:\/\/www.europesays.com\/fr\/wp-json\/wp\/v2\/tags?post=73866"}],"curies":[{"name":"wp","href":"https:\/\/api.w.org\/{rel}","templated":true}]}}