{"id":73878,"date":"2025-05-04T08:56:09","date_gmt":"2025-05-04T08:56:09","guid":{"rendered":"https:\/\/www.europesays.com\/fr\/73878\/"},"modified":"2025-05-04T08:56:09","modified_gmt":"2025-05-04T08:56:09","slug":"point-de-vue-ukraine-un-deni-de-defaite","status":"publish","type":"post","link":"https:\/\/www.europesays.com\/fr\/73878\/","title":{"rendered":"POINT DE VUE. \u00ab\u00a0Ukraine\u00a0: un d\u00e9ni de d\u00e9faite\u00a0?\u00a0\u00bb"},"content":{"rendered":"<p>\u00ab\u00a0\u00c0 l\u2019heure o\u00f9 ces lignes sont \u00e9crites, une p\u00e9nible \u00e9vidence s\u2019impose\u00a0: l\u2019Ukraine est en passe de perdre la guerre. C\u2019est une r\u00e9alit\u00e9 dure \u00e0 admettre pour l\u2019auteur de ces lignes\u00a0: les Ukrainiens se sont battus \u2013 et continuent de se battre \u2013 avec un extraordinaire courage et aussi une grande ing\u00e9niosit\u00e9. \u00c0 ce titre, la victoire de l\u2019agresseur russe rev\u00eat une dimension profond\u00e9ment immorale\u00a0; mais la guerre est une question de rapports de force.<\/p>\n<p>Il convient donc de voir les choses en face, et c\u2019est pr\u00e9cis\u00e9ment ce qui nous est si difficile. Se reconstitue ici ce \u00ab\u00a0d\u00e9ni de guerre\u00a0\u00bb qui caract\u00e9rise l\u2019Europe occidentale depuis l\u2019avant-guerre\u00a0: apr\u00e8s avoir refus\u00e9 de croire \u00e0 l\u2019attaque russe du d\u00e9but 2022, avoir esp\u00e9r\u00e9 en une guerre courte \u00e0 la lumi\u00e8re des pourparlers de paix initiaux, nous \u00eatre montr\u00e9s stup\u00e9faits par les atrocit\u00e9s de Boutcha (alors que le ciblage des populations civiles est le propre du temps de guerre depuis l\u2019av\u00e8nement de la guerre moderne au d\u00e9but du XXe\u00a0si\u00e8cle), apr\u00e8s avoir tabl\u00e9 sur une r\u00e9ussite de la contre-offensive ukrainienne du printemps-\u00e9t\u00e9 2023, c\u2019est \u00e0 pr\u00e9sent le d\u00e9ni de d\u00e9faite qui s\u2019impose.<\/p>\n<p>Pourquoi\u00a0? On peut comprendre que la d\u00e9faite de l\u2019Ukraine \u00e9tant aussi la n\u00f4tre, nous nous refusions \u00e0 en admettre la r\u00e9alit\u00e9\u00a0; on peut comprendre \u00e9galement que tout discours un tant soit peu r\u00e9aliste puisse passer pour une forme de d\u00e9faitisme. Mais dans ce d\u00e9ni se glisse aussi une large part d\u2019ignorance de la logique profonde d\u2019une guerre de positions, dont il n\u2019y a finalement que tr\u00e8s peu d\u2019exemples dans notre contemporain. Deux seulement, \u00e0 dire vrai\u00a0: la Grande Guerre entre la fin 1914 et l\u2019\u00e9t\u00e9 1918, et la guerre Iran-Irak des ann\u00e9es 1980.<\/p>\n<p>\u00ab\u00a0Un ennemi nous d\u00e9signe\u00a0\u00bb<\/p>\n<p>Dans une guerre de ce type en effet, la d\u00e9faite de l\u2019un des deux camps peut rester longtemps invisible, les deux forces en pr\u00e9sence s\u2019assi\u00e9geant r\u00e9ciproquement en procurant un avantage \u00e0 la d\u00e9fensive sur l\u2019offensive qui rend presque illusoire toute perc\u00e9e d\u00e9cisive susceptible d\u2019entra\u00eener l\u2019effondrement adverse. Ainsi, d\u00e9but octobre\u00a01918, qui e\u00fbt dit que l\u2019arm\u00e9e allemande \u00e9tait vaincue, alors que les buts de guerre allemands avaient \u00e9t\u00e9 atteints \u00e0 l\u2019Est, que la Belgique \u00e9tait enti\u00e8rement occup\u00e9e (ainsi que de larges fractions du territoire fran\u00e7ais), et alors que les combattants allemands \u00ab\u00a0tenaient\u00a0\u00bb en infligeant de lourdes pertes aux arm\u00e9es alli\u00e9es\u00a0? Et pourtant, cette m\u00eame arm\u00e9e allemande \u00e9tait indiscutablement d\u00e9faite depuis juillet-ao\u00fbt\u00a01918\u2026<\/p>\n<p>Il en est un peu de m\u00eame en Ukraine aujourd\u2019hui. Depuis d\u00e9cembre\u00a02023, celle-ci a perdu plus de 4\u00a0000\u00a0km2, dont pr\u00e8s d\u2019un millier au premier trimestre 2025. Avec la fin de tout vrai soutien des \u00c9tats-Unis (pour ne pas dire davantage\u2026), que ne peuvent compenser les Europ\u00e9ens, plus rien ne s\u00e9pare l\u2019Ukraine d\u2019une perte d\u00e9finitive des territoires occup\u00e9s par la Russie (soit plus de 18\u00a0% de son territoire)\u00a0; elle pourrait devoir accepter, sous contrainte am\u00e9ricaine, d\u2019autres dispositions de limitation de souverainet\u00e9 que nous ignorons encore \u00e0 ce stade.<\/p>\n<p>Certes, on pourra r\u00e9pliquer que la d\u00e9faite ukrainienne ne signifie pas, sym\u00e9triquement, une victoire v\u00e9ritable de la Russie, tant le bilan strat\u00e9gique de la guerre para\u00eet \u00e9lev\u00e9 pour cette derni\u00e8re. Mais ceci ne pourra \u00eatre \u00e9valu\u00e9 qu\u2019\u00e0 plus long terme\u00a0; pour l\u2019instant, c\u2019est bien \u00e0 la d\u00e9faite ukrainienne que nos soci\u00e9t\u00e9s sont confront\u00e9es. Et sans doute leur refus de l\u2019envisager les pr\u00e9pare-t-elle mal \u00e0 la suite, tellement mena\u00e7ante\u00a0: car un ennemi, d\u00e9sormais, nous d\u00e9signe.\u00a0\u00bb<\/p>\n<p>(*) Historien. Les \u00e9ditions Armand Colin viennent de r\u00e9\u00e9diter son essai \u00ab\u00a0Les armes et la chair\u00a0: trois objets de mort en 1914-1918\u00a0\u00bb.<\/p>\n<p>\u00a0<\/p>\n","protected":false},"excerpt":{"rendered":"\u00ab\u00a0\u00c0 l\u2019heure o\u00f9 ces lignes sont \u00e9crites, une p\u00e9nible \u00e9vidence s\u2019impose\u00a0: l\u2019Ukraine est en passe de perdre la&hellip;\n","protected":false},"author":2,"featured_media":73879,"comment_status":"","ping_status":"","sticky":false,"template":"","format":"standard","meta":{"footnotes":""},"categories":[1590],"tags":[11,8484,13728,1777,674,12,4937,220,13373],"class_list":{"0":"post-73878","1":"post","2":"type-post","3":"status-publish","4":"format-standard","5":"has-post-thumbnail","7":"category-ukraine","8":"tag-actualites","9":"tag-defaite","10":"tag-deni","11":"tag-eu","12":"tag-europe","13":"tag-news","14":"tag-saint-brieuc","15":"tag-ukraine","16":"tag-vue"},"share_on_mastodon":{"url":"https:\/\/pubeurope.com\/@fr\/114448733839594537","error":""},"_links":{"self":[{"href":"https:\/\/www.europesays.com\/fr\/wp-json\/wp\/v2\/posts\/73878","targetHints":{"allow":["GET"]}}],"collection":[{"href":"https:\/\/www.europesays.com\/fr\/wp-json\/wp\/v2\/posts"}],"about":[{"href":"https:\/\/www.europesays.com\/fr\/wp-json\/wp\/v2\/types\/post"}],"author":[{"embeddable":true,"href":"https:\/\/www.europesays.com\/fr\/wp-json\/wp\/v2\/users\/2"}],"replies":[{"embeddable":true,"href":"https:\/\/www.europesays.com\/fr\/wp-json\/wp\/v2\/comments?post=73878"}],"version-history":[{"count":0,"href":"https:\/\/www.europesays.com\/fr\/wp-json\/wp\/v2\/posts\/73878\/revisions"}],"wp:featuredmedia":[{"embeddable":true,"href":"https:\/\/www.europesays.com\/fr\/wp-json\/wp\/v2\/media\/73879"}],"wp:attachment":[{"href":"https:\/\/www.europesays.com\/fr\/wp-json\/wp\/v2\/media?parent=73878"}],"wp:term":[{"taxonomy":"category","embeddable":true,"href":"https:\/\/www.europesays.com\/fr\/wp-json\/wp\/v2\/categories?post=73878"},{"taxonomy":"post_tag","embeddable":true,"href":"https:\/\/www.europesays.com\/fr\/wp-json\/wp\/v2\/tags?post=73878"}],"curies":[{"name":"wp","href":"https:\/\/api.w.org\/{rel}","templated":true}]}}