{"id":7389,"date":"2025-04-07T08:37:32","date_gmt":"2025-04-07T08:37:32","guid":{"rendered":"https:\/\/www.europesays.com\/fr\/7389\/"},"modified":"2025-04-07T08:37:32","modified_gmt":"2025-04-07T08:37:32","slug":"la-circulation-sur-cette-ligne-de-metro-tres-frequentee-en-partie-interrompue-durant-une-semaine","status":"publish","type":"post","link":"https:\/\/www.europesays.com\/fr\/7389\/","title":{"rendered":"la circulation sur cette ligne de m\u00e9tro tr\u00e8s fr\u00e9quent\u00e9e en partie interrompue durant une semaine"},"content":{"rendered":"<p>            Par<br \/>\n        <strong><br \/>\n            <a href=\"https:\/\/actu.fr\/auteur\/redaction-paris\" title=\"Consulter tous les articles de R\u00e9daction Paris\" target=\"_blank\" rel=\"noopener\">R\u00e9daction Paris<\/a><br \/>\n        <\/strong><\/p>\n<p>        Publi\u00e9 le<\/p>\n<p>            5 avr. 2025 \u00e0 7h12        <\/p>\n<p>La <a href=\"https:\/\/actu.fr\/societe\/journee-chaotique-sur-la-ligne-5-du-metro-le-trafic-partiellement-interrompu-en-seine-saint-denis_62391276.html\" target=\"_blank\" rel=\"noopener\">ligne 5 du m\u00e9tro<\/a>, fait partie des plus fr\u00e9quent\u00e9es sur le r\u00e9seau de la <a href=\"https:\/\/actu.fr\/tag\/ratp\" target=\"_blank\" rel=\"noopener\">RATP<\/a>. La R\u00e9gie des <a href=\"https:\/\/actu.fr\/tag\/transport\" target=\"_blank\" rel=\"noopener\">transports<\/a> va profiter des <a href=\"https:\/\/actu.fr\/societe\/vacances-scolaires-2024-2025-le-calendrier-a-paris-et-en-ile-de-france_60509534.html\" target=\"_blank\" rel=\"noopener\">vacances de P\u00e2ques<\/a> pour proc\u00e9der \u00e0 des <a href=\"https:\/\/actu.fr\/tag\/travaux\" target=\"_blank\" rel=\"noopener\">travaux<\/a> n\u00e9cessitant son arr\u00eat partiel \u00e0 Paris. <strong>Le trafic sera interrompu entre les stations Bastille et Porte d\u2019Italie<\/strong>, du mardi 15 au mercredi 23 avril 2025 inclus. La station Bastille sera donc le terminus provisoire de la ligne 5 durant cette p\u00e9riode.\u00a0<\/p>\n<p>Ce qui attend les usagers de la ligne 5<\/p>\n<p class=\" wall-content\">La RATP explique devoir proc\u00e9der \u00e0 des travaux de modernisation et d\u2019entretien des infrastructures sur la ligne : \u00ab\u00a0ces interventions sont essentielles pour garantir la s\u00e9curit\u00e9 des, voyageurs, pr\u00e9server la durabilit\u00e9 des structures\u00a0\u00bb.<\/p>\n<p class=\" wall-content\">Ces travaux vont n\u00e9cessiter la mise en place de certains \u00ab\u00a0am\u00e9nagements temporaires\u00a0\u00bb \u00e0 proximit\u00e9 de la station Quai de la Rap\u00e9e : \u00ab\u00a0ces travaux sp\u00e9cifiques n\u00e9cessiteront l\u2019installation d\u2019une zone de grutage sur la Place Mazas du 10 au 28 avril 2025. Une cl\u00f4ture sera install\u00e9e autour de la zone concern\u00e9e afin de s\u00e9curiser l\u2019espace public\u00a0\u00bb.<\/p>\n<p class=\" wall-content\">Alors qu\u2019une neutralisation temporaire du trottoir sera effectu\u00e9, la RATP prend soin de pr\u00e9ciser que l\u2019installation \u00ab\u00a0n\u2019affectera pas les arbres qui se trouvent dans la zone de grutage et n\u2019impliquera pas une modification de la circulation pour les v\u00e9hicules\u00a0\u00bb.\u00a0<\/p>\n<p class=\" wall-content\">Pour les voyageurs, un bus de substitution desservira les stations impact\u00e9e par la fermeture. \u00ab\u00a0Toutes les lignes en correspondance resteront ouvertes\u00a0\u00bb indique la RATP.\u00a0<\/p>\n<p>Vid\u00e9os : en ce moment sur Actu<\/p>\n<p class=\" wall-content\">\n<p class=\" wall-content\">Parall\u00e8lement \u00e0 la fermeture du tron\u00e7on Bastille-Place d\u2019Italie, la restructuration du p\u00f4le d\u2019\u00e9changes de la <a href=\"https:\/\/actu.fr\/tag\/gare-d-austerlitz-2\" target=\"_blank\" rel=\"noopener\">gare d\u2019Austerlitz<\/a> se poursuit et impacte la station \u00e9ponyme. Ainsi, les couloirs de correspondance entre les lignes\u00a0 et\u00a0 du m\u00e9tro, le RER C ou la gare SNCF demeurent ferm\u00e9s jusqu\u2019en 2027 au plus tard. La ligne 10 du m\u00e9tro\u00a0 reste accessible directement depuis les acc\u00e8s habituels situ\u00e9s Boulevard de l\u2019H\u00f4pital. Le <a href=\"https:\/\/actu.fr\/tag\/rer-c\" target=\"_blank\" rel=\"noopener\">RER C<\/a>\u00a0 et les grandes lignes sont accessibles depuis la gare <a href=\"https:\/\/actu.fr\/tag\/sncf\" target=\"_blank\" rel=\"noopener\">SNCF<\/a>.<\/p>\n<p class=\" wall-content\">Suivez toute l\u2019actualit\u00e9 de vos villes et m\u00e9dias favoris en vous inscrivant \u00e0 <a href=\"https:\/\/moncompte.actu.fr\" title=\"D\u00e9couvez Mon Actu\" rel=\"nofollow noopener\" data-trk=\"{&quot;cta&quot;:{&quot;action&quot;:&quot;https:\\\/\\\/moncompte.actu.fr&quot;,&quot;category&quot;:&quot;mon compte&quot;,&quot;from&quot;:&quot;article footer&quot;,&quot;name&quot;:&quot;Mon actu&quot;,&quot;type&quot;:&quot;cta&quot;}}\" target=\"_blank\">Mon Actu<\/a>.<\/p>\n","protected":false},"excerpt":{"rendered":"Par R\u00e9daction Paris Publi\u00e9 le 5 avr. 2025 \u00e0 7h12 La ligne 5 du m\u00e9tro, fait partie des&hellip;\n","protected":false},"author":2,"featured_media":7390,"comment_status":"","ping_status":"","sticky":false,"template":"","format":"standard","meta":{"footnotes":""},"categories":[1888],"tags":[1111,1928,11,1927,1777,674,1011,27,4047,12,1926,626,1925,625,25,104,2086],"class_list":{"0":"post-7389","1":"post","2":"type-post","3":"status-publish","4":"format-standard","5":"has-post-thumbnail","7":"category-paris","8":"tag-actu","9":"tag-actu-paris","10":"tag-actualites","11":"tag-actualites-paris","12":"tag-eu","13":"tag-europe","14":"tag-fr","15":"tag-france","16":"tag-metro","17":"tag-news","18":"tag-news-paris","19":"tag-paris","20":"tag-paris-news","21":"tag-ratp","22":"tag-republique-francaise","23":"tag-societe","24":"tag-travaux"},"share_on_mastodon":{"url":"https:\/\/pubeurope.com\/@fr\/114295776615296107","error":""},"_links":{"self":[{"href":"https:\/\/www.europesays.com\/fr\/wp-json\/wp\/v2\/posts\/7389","targetHints":{"allow":["GET"]}}],"collection":[{"href":"https:\/\/www.europesays.com\/fr\/wp-json\/wp\/v2\/posts"}],"about":[{"href":"https:\/\/www.europesays.com\/fr\/wp-json\/wp\/v2\/types\/post"}],"author":[{"embeddable":true,"href":"https:\/\/www.europesays.com\/fr\/wp-json\/wp\/v2\/users\/2"}],"replies":[{"embeddable":true,"href":"https:\/\/www.europesays.com\/fr\/wp-json\/wp\/v2\/comments?post=7389"}],"version-history":[{"count":0,"href":"https:\/\/www.europesays.com\/fr\/wp-json\/wp\/v2\/posts\/7389\/revisions"}],"wp:featuredmedia":[{"embeddable":true,"href":"https:\/\/www.europesays.com\/fr\/wp-json\/wp\/v2\/media\/7390"}],"wp:attachment":[{"href":"https:\/\/www.europesays.com\/fr\/wp-json\/wp\/v2\/media?parent=7389"}],"wp:term":[{"taxonomy":"category","embeddable":true,"href":"https:\/\/www.europesays.com\/fr\/wp-json\/wp\/v2\/categories?post=7389"},{"taxonomy":"post_tag","embeddable":true,"href":"https:\/\/www.europesays.com\/fr\/wp-json\/wp\/v2\/tags?post=7389"}],"curies":[{"name":"wp","href":"https:\/\/api.w.org\/{rel}","templated":true}]}}