{"id":73900,"date":"2025-05-04T09:08:08","date_gmt":"2025-05-04T09:08:08","guid":{"rendered":"https:\/\/www.europesays.com\/fr\/73900\/"},"modified":"2025-05-04T09:08:08","modified_gmt":"2025-05-04T09:08:08","slug":"atp-madrid-james-trotman-coach-de-draper-avant-madrid-jack-sest-entraine-trois-jours-avec-sinner-il-y-a-pire-comme-partenaire","status":"publish","type":"post","link":"https:\/\/www.europesays.com\/fr\/73900\/","title":{"rendered":"ATP &#8211; Madrid > James Trotman, coach de Draper : \u00ab\u00a0Avant Madrid, Jack s&rsquo;est entra\u00een\u00e9 trois jours avec Sinner, il y a pire comme partenaire\u00a0\u00bb"},"content":{"rendered":"<p>L\u2019entraineur de la nouvelle sensa\u00adtion du tour a expliqu\u00e9 \u00e0 nos confr\u00e8res de <strong><a href=\"https:\/\/www.lequipe.fr\/Tennis\/Article\/-jack-a-vraiment-l-air-dangereux-sur-terre-james-trotman-entraineur-de-draper-est-elogieux-sur-le-jeu-de-son-poulain\/1558886\" data-wpel-link=\"external\" target=\"_blank\" rel=\"nofollow external noopener\">l\u2019Equipe <\/a><\/strong>l\u2019\u00e9vo\u00adlu\u00adtion du jeu de son poulain qui est pass\u00e9 de la 40\u00e8me place mondiale \u00e0 la 5\u00e8me en 11\u00a0mois.\u00a0<\/p>\n<p>Pour James, tout est une ques\u00adtion de travail mais aussi d\u2019\u00e9tat d\u2019esprit.<\/p>\n<p>\u00ab\u202f<strong>Quand il a remport\u00e9 son premier titre, sur le gazon de Stuttgart, l\u2019\u00e9t\u00e9 dernier, \u00e7a a \u00e9t\u00e9 grand pour sa croyance en son tennis.\u00a0Battre Alcaraz la semaine d\u2019apr\u00e8s au Queen\u2019s a aussi eu un impact sur sa confiance. Les qualit\u00e9s tennis\u00adtiques, \u00e7a compte, bien s\u00fbr, mais l\u2019\u00e9tat d\u2019es\u00adprit, \u00e7a, c\u2019est tr\u00e8s puis\u00adsant\u202f\u00bb<\/strong> explique James.<\/p>\n<p>Concernant Madrid, il y a eu beau\u00adcoup de choses qui ont \u00e9t\u00e9 mises en place et aussi un vai choix au niveau de son calen\u00addrier\u00a0: \u00ab\u202f<strong>On a peau\u00adfiner la pr\u00e9pa\u00adra\u00adtion et plut\u00f4t que d\u2019aller sur un ATP 500 \u00e0 Barcelone ou Munich. On a pr\u00e9f\u00e9r\u00e9 s\u2019en\u00adtrainer. Il a pu taper la balle pendant trois jours \u00e0 Monaco avec Jannik Sinner juste avant d\u2019ar\u00adriver \u00e0 Madrid. Il y a pire, comme partenaire.<\/strong><\/p>\n<p class=\"post-published-date\" style=\"color: silver; font-size: 75%; text-align: left;\">Publi\u00e9 le dimanche 4 mai 2025 \u00e0 08:45<\/p>\n","protected":false},"excerpt":{"rendered":"L\u2019entraineur de la nouvelle sensa\u00adtion du tour a expliqu\u00e9 \u00e0 nos confr\u00e8res de l\u2019Equipe l\u2019\u00e9vo\u00adlu\u00adtion du jeu de&hellip;\n","protected":false},"author":2,"featured_media":73901,"comment_status":"","ping_status":"","sticky":false,"template":"","format":"standard","meta":{"footnotes":""},"categories":[1415],"tags":[1744,4388,1011,27,2127,60,1467],"class_list":{"0":"post-73900","1":"post","2":"type-post","3":"status-publish","4":"format-standard","5":"has-post-thumbnail","7":"category-tennis","8":"tag-alcaraz","9":"tag-draper","10":"tag-fr","11":"tag-france","12":"tag-sinner","13":"tag-sports","14":"tag-tennis"},"share_on_mastodon":{"url":"https:\/\/pubeurope.com\/@fr\/114448780653579857","error":""},"_links":{"self":[{"href":"https:\/\/www.europesays.com\/fr\/wp-json\/wp\/v2\/posts\/73900","targetHints":{"allow":["GET"]}}],"collection":[{"href":"https:\/\/www.europesays.com\/fr\/wp-json\/wp\/v2\/posts"}],"about":[{"href":"https:\/\/www.europesays.com\/fr\/wp-json\/wp\/v2\/types\/post"}],"author":[{"embeddable":true,"href":"https:\/\/www.europesays.com\/fr\/wp-json\/wp\/v2\/users\/2"}],"replies":[{"embeddable":true,"href":"https:\/\/www.europesays.com\/fr\/wp-json\/wp\/v2\/comments?post=73900"}],"version-history":[{"count":0,"href":"https:\/\/www.europesays.com\/fr\/wp-json\/wp\/v2\/posts\/73900\/revisions"}],"wp:featuredmedia":[{"embeddable":true,"href":"https:\/\/www.europesays.com\/fr\/wp-json\/wp\/v2\/media\/73901"}],"wp:attachment":[{"href":"https:\/\/www.europesays.com\/fr\/wp-json\/wp\/v2\/media?parent=73900"}],"wp:term":[{"taxonomy":"category","embeddable":true,"href":"https:\/\/www.europesays.com\/fr\/wp-json\/wp\/v2\/categories?post=73900"},{"taxonomy":"post_tag","embeddable":true,"href":"https:\/\/www.europesays.com\/fr\/wp-json\/wp\/v2\/tags?post=73900"}],"curies":[{"name":"wp","href":"https:\/\/api.w.org\/{rel}","templated":true}]}}