{"id":73908,"date":"2025-05-04T09:14:09","date_gmt":"2025-05-04T09:14:09","guid":{"rendered":"https:\/\/www.europesays.com\/fr\/73908\/"},"modified":"2025-05-04T09:14:09","modified_gmt":"2025-05-04T09:14:09","slug":"ces-actrices-et-ces-femmes-obsedees-par-la-minceur","status":"publish","type":"post","link":"https:\/\/www.europesays.com\/fr\/73908\/","title":{"rendered":"ces actrices (et ces femmes) obs\u00e9d\u00e9es par la minceur"},"content":{"rendered":"<p><strong>ENQU\u00caTE<\/strong> &#8211; Clap de faim \u00e0 Hollywood&#8230; Sous l\u2019influence entre autres d\u2019Ozempic, les Demi Moore, Nicole Kidman et autres Angelina Jolie ont r\u00e9cemment montr\u00e9 sur le tapis rouge des corps tr\u00e8s \u00e9maci\u00e9s, trahissant une fascination pour la maigreur.<\/p>\n<p class=\"fig-paragraph\">Depuis quelques jours, Demi Moore fait la une du Time 100, le num\u00e9ro sp\u00e9cial du magazine am\u00e9ricain s\u00e9lectionnant chaque ann\u00e9e les cent personnes les plus influentes au monde. Dans ces pages, le sc\u00e9nariste Ryan Murphy \u00e9crit \u00e0 propos de l\u2019actrice\u00a0: \u00ab\u00a0Elle a r\u00e9volutionn\u00e9 notre fa\u00e7on de parler de la grossesse et de la maternit\u00e9 (ces couvertures scandaleuses de Vanity Fair \u00e0 l\u2019\u00e9poque\u00a0!)\u00a0; des femmes et de la situation \u00e9conomique \u00e0 Hollywood (avec Striptease et GI Jane, elle a exig\u00e9 et obtenu la parit\u00e9 financi\u00e8re avec les hommes)\u00a0; de la beaut\u00e9 et du vieillissement (Charlie\u2019s Angels\u00a0: Les Anges se d\u00e9cha\u00eenent) et maintenant son r\u00f4le dans The Substance&#8230;\u00a0\u00bb<\/p>\n<p class=\"fig-paragraph\">Un r\u00f4le d\u2019ancienne star hollywoodienne reconvertie en animatrice d\u2019\u00e9mission d\u2019a\u00e9robic licenci\u00e9e le jour de ses 50\u00a0ans. Le paradoxe \u00e9tant que la r\u00e9alisatrice Coralie Fargeat d\u00e9nonce dans cette satire fantastique l\u2019obsession de Hollywood pour les femmes \u00ab\u00a0vieillissantes\u00a0\u00bb, tout en filmant l\u2019une de ses \u00ab\u00a0victimes\u00a0\u00bb\u2026<\/p>\n<p class=\"fig-premium-paywall__infos\">\n        Cet article est r\u00e9serv\u00e9 aux abonn\u00e9s.        Il vous reste 88% \u00e0 d\u00e9couvrir.\n    <\/p>\n<p>                <img  data- alt=\"Le Figaro\" class=\"fig-img--complete fig-img\"\/><\/p>\n<p class=\"fig-premium-paywall__title\">Je m&rsquo;informe, je m&rsquo;inspire, je m&rsquo;abonne.<\/p>\n<p class=\"fig-premium-paywall__subtitle\">D\u00e9couvrez notre offre de bienvenue.<\/p>\n<p class=\"fig-premium-paywall__connect\">\n                D\u00e9j\u00e0 abonn\u00e9\u00a0?                <a class=\"fig-premium-paywall__connect-link\" href=\"https:\/\/connect.lefigaro.fr\/login?client=horizon_web&amp;type=main&amp;redirect_uri=https%3A%2F%2Fwww.lefigaro.fr%2Fstyle%2Fplus-de-50-ans-moins-de-50-kg-ces-actrices-et-ces-femmes-obsedees-par-la-minceur-20250504\" data-js-gtm=\"{&quot;customCategorie&quot;: &quot;conversion&quot;, &quot;customAction&quot;: &quot;before_Landing_Connexion_paywall_auto&quot;, &quot;customLabel&quot;: &quot;bGVmaWdhcm8uZnJfXzFmMDI0ZTcwLTdjMWUtNjM3OC04YWNhLTg5ZTY0YzFjMTBkZl9fQXJ0aWNsZQ==_Plus de 50 ans, moins de 50 kg\u00a0: ces actrices (et ces femmes) obs\u00e9d\u00e9es par la minceur_323&quot;, &quot;customIDSPE&quot;: &quot;bGVmaWdhcm8uZnJfXzFmMDI0ZTcwLTdjMWUtNjM3OC04YWNhLTg5ZTY0YzFjMTBkZl9fQXJ0aWNsZQ==&quot;, &quot;event&quot;: &quot;customEventSPE&quot;}\" rel=\"nofollow noopener\" target=\"_blank\"><br \/>\n                    Connectez-vous<br \/>\n                <\/a>\n            <\/p>\n","protected":false},"excerpt":{"rendered":"ENQU\u00caTE &#8211; Clap de faim \u00e0 Hollywood&#8230; Sous l\u2019influence entre autres d\u2019Ozempic, les Demi Moore, Nicole Kidman et&hellip;\n","protected":false},"author":2,"featured_media":73909,"comment_status":"","ping_status":"","sticky":false,"template":"","format":"standard","meta":{"footnotes":""},"categories":[1359],"tags":[13312,58,59,992,1011,27,5363,973,1969],"class_list":{"0":"post-73908","1":"post","2":"type-post","3":"status-publish","4":"format-standard","5":"has-post-thumbnail","7":"category-people","8":"tag-demi-moore","9":"tag-divertissement","10":"tag-entertainment","11":"tag-fashion-week","12":"tag-fr","13":"tag-france","14":"tag-haute-couture","15":"tag-people","16":"tag-style"},"share_on_mastodon":{"url":"https:\/\/pubeurope.com\/@fr\/114448804248518007","error":""},"_links":{"self":[{"href":"https:\/\/www.europesays.com\/fr\/wp-json\/wp\/v2\/posts\/73908","targetHints":{"allow":["GET"]}}],"collection":[{"href":"https:\/\/www.europesays.com\/fr\/wp-json\/wp\/v2\/posts"}],"about":[{"href":"https:\/\/www.europesays.com\/fr\/wp-json\/wp\/v2\/types\/post"}],"author":[{"embeddable":true,"href":"https:\/\/www.europesays.com\/fr\/wp-json\/wp\/v2\/users\/2"}],"replies":[{"embeddable":true,"href":"https:\/\/www.europesays.com\/fr\/wp-json\/wp\/v2\/comments?post=73908"}],"version-history":[{"count":0,"href":"https:\/\/www.europesays.com\/fr\/wp-json\/wp\/v2\/posts\/73908\/revisions"}],"wp:featuredmedia":[{"embeddable":true,"href":"https:\/\/www.europesays.com\/fr\/wp-json\/wp\/v2\/media\/73909"}],"wp:attachment":[{"href":"https:\/\/www.europesays.com\/fr\/wp-json\/wp\/v2\/media?parent=73908"}],"wp:term":[{"taxonomy":"category","embeddable":true,"href":"https:\/\/www.europesays.com\/fr\/wp-json\/wp\/v2\/categories?post=73908"},{"taxonomy":"post_tag","embeddable":true,"href":"https:\/\/www.europesays.com\/fr\/wp-json\/wp\/v2\/tags?post=73908"}],"curies":[{"name":"wp","href":"https:\/\/api.w.org\/{rel}","templated":true}]}}