{"id":73918,"date":"2025-05-04T09:21:08","date_gmt":"2025-05-04T09:21:08","guid":{"rendered":"https:\/\/www.europesays.com\/fr\/73918\/"},"modified":"2025-05-04T09:21:08","modified_gmt":"2025-05-04T09:21:08","slug":"lentree-etonnante-de-bruno-surace-a-riyad-sur-la-corrida-de-francis-cabrel","status":"publish","type":"post","link":"https:\/\/www.europesays.com\/fr\/73918\/","title":{"rendered":"l\u2019entr\u00e9e \u00e9tonnante de Bruno Surace \u00e0 Riyad sur La Corrida de Francis Cabrel"},"content":{"rendered":"<p><strong>LE SCAN SPORT &#8211; <\/strong>Le boxeur fran\u00e7ais a choisi un classique du c\u00e9l\u00e8bre chanteur pour monter sur le ring face \u00e0 Jaime Munguia en Arabie saoudite.<\/p>\n<p class=\"fig-paragraph\">Francis Cabrel \u00e0 Ryad. Il fallait y penser, Bruno Surace l\u2019a fait. Le Fran\u00e7ais, oppos\u00e9 au Mexicain Jaime Munguia dans la nuit de samedi \u00e0 dimanche pour\u00a0<a href=\"http:\/\/www.lefigaro.fr\/sports\/boxe\/boxe-le-francais-bruno-surace-cree-la-surprise-en-battant-le-mexicain-munguia-20241215\" data-fig-type=\"NewsFlash\" data-gtm-custom-categorie=\"navigation\" data-gtm-custom-action=\"crossclick\" data-gtm-custom-label=\"Contextuel\" data-gtm-event=\"customEventSPE\" data-fig-domain=\"LEFIGARO\" target=\"_blank\" rel=\"noopener\">la revanche du combat \u00e9pique<\/a>\u00a0de d\u00e9cembre dernier, est entr\u00e9 dans The Venue Riyadh Season sur les paroles de La Corrida, le tube des ann\u00e9es 90 sign\u00e9 par l\u2019artiste du Lot-et-Garonne.<\/p>\n<p class=\"fig-paragraph\">Un choix plut\u00f4t original pour le Tricolore m\u00e9connu du grand public avant son exploit en fin d\u2019ann\u00e9e 2024 lorsqu\u2019il avait terrass\u00e9 le Mexicain devant son public sur une droite \u00e0 la pointe du menton au sixi\u00e8me round. Le boxeur de 26 ans, supporter de l\u2019Olympique de Marseille, n\u2019est pourtant pas de la m\u00eame g\u00e9n\u00e9ration que Francis Cabrel qui s\u2019\u00e9tait plac\u00e9 dans le haut du classement des ventes du Top 50 avec la chanson issue de l\u2019album Samedi soir sur la terre.<\/p>\n<p>Corrida, une ode au courage dans une ar\u00e8ne<\/p>\n<p class=\"fig-paragraph\">La Corrida raconte l\u2019histoire d\u2019un taureau qui entre dans l\u2019ar\u00e8ne d\u2019une corrida, pr\u00eat \u00e0 affronter son matador. En 1994, l\u2019auteur donnait la voix \u00e0 l\u2019animal confront\u00e9 \u00e0 sa mort tragique. Une critique ouverte sur la corrida mais aussi une ode au courage des combattants qui a inspir\u00e9 \u00abBrunello\u00bb, valeureux\u00a0<a href=\"http:\/\/www.lefigaro.fr\/sports\/boxe\/boxe-desillusion-pour-le-valeureux-bruno-surace-battu-dans-sa-revanche-face-a-jaime-munguia-20250504\" data-fig-type=\"NewsFlash\" data-gtm-custom-categorie=\"navigation\" data-gtm-custom-action=\"crossclick\" data-gtm-custom-label=\"Contextuel\" data-gtm-event=\"customEventSPE\" data-fig-domain=\"LEFIGARO\" target=\"_blank\" rel=\"noopener\">mais finalement battu aux points par son rival mexicain<\/a>.<\/p>\n","protected":false},"excerpt":{"rendered":"LE SCAN SPORT &#8211; Le boxeur fran\u00e7ais a choisi un classique du c\u00e9l\u00e8bre chanteur pour monter sur le&hellip;\n","protected":false},"author":2,"featured_media":73919,"comment_status":"","ping_status":"","sticky":false,"template":"","format":"standard","meta":{"footnotes":""},"categories":[9],"tags":[13740,1011,27,13743,4977,955,1980,60,13741,13742],"class_list":{"0":"post-73918","1":"post","2":"type-post","3":"status-publish","4":"format-standard","5":"has-post-thumbnail","7":"category-sports","8":"tag-boxe","9":"tag-fr","10":"tag-france","11":"tag-ko","12":"tag-le-scan-sport","13":"tag-match","14":"tag-resultats","15":"tag-sports","16":"tag-wba","17":"tag-wbc"},"share_on_mastodon":{"url":"https:\/\/pubeurope.com\/@fr\/114448831937528362","error":""},"_links":{"self":[{"href":"https:\/\/www.europesays.com\/fr\/wp-json\/wp\/v2\/posts\/73918","targetHints":{"allow":["GET"]}}],"collection":[{"href":"https:\/\/www.europesays.com\/fr\/wp-json\/wp\/v2\/posts"}],"about":[{"href":"https:\/\/www.europesays.com\/fr\/wp-json\/wp\/v2\/types\/post"}],"author":[{"embeddable":true,"href":"https:\/\/www.europesays.com\/fr\/wp-json\/wp\/v2\/users\/2"}],"replies":[{"embeddable":true,"href":"https:\/\/www.europesays.com\/fr\/wp-json\/wp\/v2\/comments?post=73918"}],"version-history":[{"count":0,"href":"https:\/\/www.europesays.com\/fr\/wp-json\/wp\/v2\/posts\/73918\/revisions"}],"wp:featuredmedia":[{"embeddable":true,"href":"https:\/\/www.europesays.com\/fr\/wp-json\/wp\/v2\/media\/73919"}],"wp:attachment":[{"href":"https:\/\/www.europesays.com\/fr\/wp-json\/wp\/v2\/media?parent=73918"}],"wp:term":[{"taxonomy":"category","embeddable":true,"href":"https:\/\/www.europesays.com\/fr\/wp-json\/wp\/v2\/categories?post=73918"},{"taxonomy":"post_tag","embeddable":true,"href":"https:\/\/www.europesays.com\/fr\/wp-json\/wp\/v2\/tags?post=73918"}],"curies":[{"name":"wp","href":"https:\/\/api.w.org\/{rel}","templated":true}]}}