{"id":739324,"date":"2026-02-16T22:10:14","date_gmt":"2026-02-16T22:10:14","guid":{"rendered":"https:\/\/www.europesays.com\/fr\/739324\/"},"modified":"2026-02-16T22:10:14","modified_gmt":"2026-02-16T22:10:14","slug":"the-dark-knight-rises-tf1","status":"publish","type":"post","link":"https:\/\/www.europesays.com\/fr\/739324\/","title":{"rendered":"The Dark Knight Rises &#8211; TF1+"},"content":{"rendered":"<ol>\n<li><a href=\"https:\/\/news.google.com\/rss\/articles\/CBMibkFVX3lxTFBBMVcyYW5aNDRLZk5zWmJoR0VQNW1pQ1JFU3J1V2ktR2tWMXBNUDR0Zy10RFo0a0pQNWZXSnlqY0lJajJvQVBQdVM4NWpicTdRZnREcnJsbnplc2FYUkUxd1NCa3BDY3cwNUJiQlF3?oc=5\" target=\"_blank\" rel=\"nofollow noopener\">The Dark Knight Rises<\/a>&nbsp;&nbsp;TF1+<\/li>\n<li><a href=\"https:\/\/news.google.com\/rss\/articles\/CBMifkFVX3lxTE54Y1R1emVLZzd2ejFOR094UVVWM3dNM0xOVTRfcjMxYlhfb2NrX1I3MG1hcFlBMjBlQkpkYjUtTm9nTkxNTy14N3Zyak1yZ0F5SU5SMmp0TU5BZm9ibHlFWXE5eUNzUjJZOV9ES1A3VVB5cV9ocTBSZmYxTkNlUQ?oc=5\" target=\"_blank\" rel=\"nofollow noopener\">Ce soir \u00e0 la t\u00e9l\u00e9 : pour Christian Bale et Christopher Nolan, c&rsquo;est avec ce film que leur saga culte a d\u00e9but\u00e9<\/a>&nbsp;&nbsp;AlloCin\u00e9<\/li>\n<li><a href=\"https:\/\/news.google.com\/rss\/articles\/CBMifkFVX3lxTE5ERFFVRFc4WDBfU2g0cHM2RVRzRU9ZcWNTX2Vic1gxejdlVnJTT1NXQXJoaXZtLTFrMUFsRU1sZUF2eHA2aHFXWWRkaGRlQXZjb2tNZjlScHZzTGZ2a1ZBS1lXYi11SG1pZURiNFdXclg4dVkydDB1MnV4aFhKQQ?oc=5\" target=\"_blank\" rel=\"nofollow noopener\">Quiz Cin\u00e9ma : seuls les vrais fans de Batman peuvent faire 7 sur 7 !<\/a>&nbsp;&nbsp;AlloCin\u00e9<\/li>\n<li><a href=\"https:\/\/news.google.com\/rss\/articles\/CBMi4wFBVV95cUxPZ2lYaENoNlFNdHRBc3BZLVZWTXBnYTdDY3luTkYzbGFkeUhhVzFfaHF4RENfNDZiRzM2dFM5c1VUWDZ0b25FYkh1bHZKaklnSlNxVmpjb1l3cWV0MXlFNk9WdE54ZmdQX0dvckFBNVh6NElmX2VBSFFiaGY2LTl6T000c1luOHNOT0p6SVpfSy1kQndkQnFIRFNqR0t0Tl9vZ0xvQWxxWFBYaTBNclRRSDN0MjFUX0FZUzRHdVJBZzVBdnBRUHlySmJKeVVRc25xUnVNQWh0VWpPS2Nadk9LelFsWQ?oc=5\" target=\"_blank\" rel=\"nofollow noopener\">C\u2019est le meilleur film de super-h\u00e9ros de tous les temps selon moi et il est diffus\u00e9 ce soir \u00e0 la t\u00e9l\u00e9<\/a>&nbsp;&nbsp;programme-tv.net<\/li>\n<li><a href=\"https:\/\/news.google.com\/rss\/articles\/CBMiekFVX3lxTE1YQXJhZTBjVmwwTV9kNFBvcnJmcGU0OXFFbVl5LXN2WG92azRvSFUwd2NPT3djeGhzMGFHMDV5M2lkZV9hSTNxRG51cUxTVTJnTWs2Q0Z5d1hwUjBjVFRESG0weUJUWFdtU052b1ljTGI1aTIybzdDMVJR?oc=5\" target=\"_blank\" rel=\"nofollow noopener\">Critique | The Dark Knight &#8211; Le Chevalier noir : tout est chaos<\/a>&nbsp;&nbsp;MovieRama<\/li>\n<\/ol>\n","protected":false},"excerpt":{"rendered":"The Dark Knight Rises&nbsp;&nbsp;TF1+ Ce soir \u00e0 la t\u00e9l\u00e9 : pour Christian Bale et Christopher Nolan, c&rsquo;est avec&hellip;\n","protected":false},"author":2,"featured_media":739325,"comment_status":"","ping_status":"","sticky":false,"template":"","format":"standard","meta":{"footnotes":"","_share_on_mastodon":"0"},"categories":[1354],"tags":[58,59,1346,1011,27,1360,82662,82660,82661,82659,82665,82657,82663,82658,82664],"class_list":["post-739324","post","type-post","status-publish","format-standard","has-post-thumbnail","category-films","tag-divertissement","tag-entertainment","tag-films","tag-fr","tag-france","tag-movies","tag-streaming-tf1-the-dark-knight-rises-film-2012","tag-streaming-the-dark-knight-rises-film-2012","tag-streaming-the-dark-knight-rises-film-2012-tf1","tag-tf1-the-dark-knight-rises-film-2012","tag-tf1-the-dark-knight-rises-film-2012-streaming","tag-the-dark-knight-rises-film-2012","tag-the-dark-knight-rises-film-2012-streaming","tag-the-dark-knight-rises-film-2012-tf1","tag-the-dark-knight-rises-film-2012-tf1-streaming"],"share_on_mastodon":{"url":"https:\/\/pubeurope.com\/@fr\/116082601081540186","error":""},"_links":{"self":[{"href":"https:\/\/www.europesays.com\/fr\/wp-json\/wp\/v2\/posts\/739324","targetHints":{"allow":["GET"]}}],"collection":[{"href":"https:\/\/www.europesays.com\/fr\/wp-json\/wp\/v2\/posts"}],"about":[{"href":"https:\/\/www.europesays.com\/fr\/wp-json\/wp\/v2\/types\/post"}],"author":[{"embeddable":true,"href":"https:\/\/www.europesays.com\/fr\/wp-json\/wp\/v2\/users\/2"}],"replies":[{"embeddable":true,"href":"https:\/\/www.europesays.com\/fr\/wp-json\/wp\/v2\/comments?post=739324"}],"version-history":[{"count":0,"href":"https:\/\/www.europesays.com\/fr\/wp-json\/wp\/v2\/posts\/739324\/revisions"}],"wp:featuredmedia":[{"embeddable":true,"href":"https:\/\/www.europesays.com\/fr\/wp-json\/wp\/v2\/media\/739325"}],"wp:attachment":[{"href":"https:\/\/www.europesays.com\/fr\/wp-json\/wp\/v2\/media?parent=739324"}],"wp:term":[{"taxonomy":"category","embeddable":true,"href":"https:\/\/www.europesays.com\/fr\/wp-json\/wp\/v2\/categories?post=739324"},{"taxonomy":"post_tag","embeddable":true,"href":"https:\/\/www.europesays.com\/fr\/wp-json\/wp\/v2\/tags?post=739324"}],"curies":[{"name":"wp","href":"https:\/\/api.w.org\/{rel}","templated":true}]}}