{"id":73935,"date":"2025-05-04T09:31:11","date_gmt":"2025-05-04T09:31:11","guid":{"rendered":"https:\/\/www.europesays.com\/fr\/73935\/"},"modified":"2025-05-04T09:31:11","modified_gmt":"2025-05-04T09:31:11","slug":"quand-jai-appris-la-montee-de-las-nancy-lorraine-jai-pense-a-mon-papa-aldo","status":"publish","type":"post","link":"https:\/\/www.europesays.com\/fr\/73935\/","title":{"rendered":"\u00ab\u00a0Quand j\u2019ai appris la mont\u00e9e de l\u2019AS Nancy Lorraine, j\u2019ai pens\u00e9 \u00e0 mon papa Aldo\u00a0\u00bb"},"content":{"rendered":"<p>Le centre de formation de la For\u00eat de Haye porte son nom mais pas seulement, bien s\u00fbr. <a href=\"https:\/\/www.estrepublicain.fr\/sport\/2021\/03\/07\/michel-platini-l-itineraire-hors-norme-d-un-prodige-qui-a-fait-la-renommee-de-nancy\" target=\"_blank\" rel=\"noopener\">Michel Platini<\/a> est le plus grand joueur de toute l\u2019histoire de l\u2019ASNL et ce, pour tr\u00e8s longtemps encore. Avec, notamment, trois conqu\u00eates du \u00ab\u00a0Ballon d\u2019Or\u00a0\u00bb. Dans le monde entier, quand vous parlez de Nancy, votre interlocuteur encha\u00eene souvent de cette mani\u00e8re, aussi\u00a0: \u00ab\u00a0Ah oui, Nancy, la ville de Michel Platini\u00a0\u00bb. La ville, en effet, o\u00f9 l\u2019enfant de J\u0153uf, \u00e0 la fin des ann\u00e9es 1970, a lanc\u00e9 son extraordinaire carri\u00e8re de meilleur joueur de la plan\u00e8te. Ce n\u2019est pas l\u00e0 qu\u2019il est n\u00e9, pas l\u00e0 qu\u2019il vit non plus d\u00e9sormais (il habite Cassis), mais \u00ab\u00a0Platoche\u00a0\u00bb garde un lien particulier avec la cit\u00e9 ducale et le club au chardon. Au point d\u2019avoir pris le temps, au t\u00e9l\u00e9phone, de r\u00e9agir \u00e0 la remont\u00e9e de l\u2019ASNL en Ligue 2. En exclusivit\u00e9 pour \u00ab\u00a0L\u2019Est&#8230;<\/p>\n","protected":false},"excerpt":{"rendered":"Le centre de formation de la For\u00eat de Haye porte son nom mais pas seulement, bien s\u00fbr. Michel&hellip;\n","protected":false},"author":2,"featured_media":73936,"comment_status":"","ping_status":"","sticky":false,"template":"","format":"standard","meta":{"footnotes":""},"categories":[9635],"tags":[1111,11,3703,1704,1777,674,63,1011,27,775,1702,1703,12,25,517,1700],"class_list":{"0":"post-73935","1":"post","2":"type-post","3":"status-publish","4":"format-standard","5":"has-post-thumbnail","7":"category-nancy","8":"tag-actu","9":"tag-actualites","10":"tag-asnl","11":"tag-edition-nancy-et-agglomeration","12":"tag-eu","13":"tag-europe","14":"tag-football","15":"tag-fr","16":"tag-france","17":"tag-grand-est","18":"tag-nancy","19":"tag-nancy-ville-54b","20":"tag-news","21":"tag-republique-francaise","22":"tag-sport","23":"tag-sport-lorrain"},"share_on_mastodon":{"url":"https:\/\/pubeurope.com\/@fr\/114448871095739537","error":""},"_links":{"self":[{"href":"https:\/\/www.europesays.com\/fr\/wp-json\/wp\/v2\/posts\/73935","targetHints":{"allow":["GET"]}}],"collection":[{"href":"https:\/\/www.europesays.com\/fr\/wp-json\/wp\/v2\/posts"}],"about":[{"href":"https:\/\/www.europesays.com\/fr\/wp-json\/wp\/v2\/types\/post"}],"author":[{"embeddable":true,"href":"https:\/\/www.europesays.com\/fr\/wp-json\/wp\/v2\/users\/2"}],"replies":[{"embeddable":true,"href":"https:\/\/www.europesays.com\/fr\/wp-json\/wp\/v2\/comments?post=73935"}],"version-history":[{"count":0,"href":"https:\/\/www.europesays.com\/fr\/wp-json\/wp\/v2\/posts\/73935\/revisions"}],"wp:featuredmedia":[{"embeddable":true,"href":"https:\/\/www.europesays.com\/fr\/wp-json\/wp\/v2\/media\/73936"}],"wp:attachment":[{"href":"https:\/\/www.europesays.com\/fr\/wp-json\/wp\/v2\/media?parent=73935"}],"wp:term":[{"taxonomy":"category","embeddable":true,"href":"https:\/\/www.europesays.com\/fr\/wp-json\/wp\/v2\/categories?post=73935"},{"taxonomy":"post_tag","embeddable":true,"href":"https:\/\/www.europesays.com\/fr\/wp-json\/wp\/v2\/tags?post=73935"}],"curies":[{"name":"wp","href":"https:\/\/api.w.org\/{rel}","templated":true}]}}