{"id":73942,"date":"2025-05-04T09:35:10","date_gmt":"2025-05-04T09:35:10","guid":{"rendered":"https:\/\/www.europesays.com\/fr\/73942\/"},"modified":"2025-05-04T09:35:10","modified_gmt":"2025-05-04T09:35:10","slug":"le-grand-bazar-de-retour-au-centre-ville","status":"publish","type":"post","link":"https:\/\/www.europesays.com\/fr\/73942\/","title":{"rendered":"le Grand Bazar de retour au centre-ville"},"content":{"rendered":"<p>\n\t\t\t\t\tLe Grand Bazar de Montpellier revient pour son \u00e9dition printani\u00e8re du 14 au 17 mai prochain.\t\t\t\t<\/p>\n<p>\n\t\t\t\t\t\t\t\t\t\u00a9 InfOccitanie \u2013 A.F \/ Archives \u2013 Grand Bazar de Montpellier.\t\t\t\t\t\t\t\t<\/p>\n<p>Alerte aux bonnes affaires. Deux fois par an le <strong>Grand Bazar<\/strong> de <a href=\"https:\/\/infoccitanie.fr\/tag\/montpellier\/\" rel=\"nofollow noopener\" target=\"_blank\"><strong>Montpellier <\/strong><\/a>r\u00e9unis commer\u00e7ants et artisans du centre-ville afin d\u2019offrir une large s\u00e9lection de produits \u00e0 petits prix. Pour son \u00e9dition de printemps, cette grande braderie revient <strong>du 14 au 17 mai.<\/strong><\/p>\n<p>Des \u00e9tals partout dans l\u2019Ecusson<\/p>\n<p>Durant quatre jours, les Montpelli\u00e9rains vont pouvoir fl\u00e2ner dans les rues de l\u2019Ecusson et d\u00e9couvrir les plus de <strong>300 \u00e9tals <\/strong>propos\u00e9s par les commer\u00e7ants et artisans du centre-ville et du centre commercial <strong>Polygone<\/strong>. Pour en apprendre plus sur les boutiques participantes rendez-vous \u00e0 l\u2019<strong>Office de Tourisme.<\/strong> Des animations musicales sont \u00e9galement pr\u00e9vues durant cet \u00e9v\u00e9nement.<\/p>\n","protected":false},"excerpt":{"rendered":"Le Grand Bazar de Montpellier revient pour son \u00e9dition printani\u00e8re du 14 au 17 mai prochain. \u00a9 InfOccitanie&hellip;\n","protected":false},"author":2,"featured_media":73943,"comment_status":"","ping_status":"","sticky":false,"template":"","format":"standard","meta":{"footnotes":""},"categories":[9599],"tags":[1111,11,17804,1777,674,1011,27,2208,12,2680,25],"class_list":{"0":"post-73942","1":"post","2":"type-post","3":"status-publish","4":"format-standard","5":"has-post-thumbnail","7":"category-montpellier","8":"tag-actu","9":"tag-actualites","10":"tag-braderie","11":"tag-eu","12":"tag-europe","13":"tag-fr","14":"tag-france","15":"tag-montpellier","16":"tag-news","17":"tag-occitanie","18":"tag-republique-francaise"},"share_on_mastodon":{"url":"https:\/\/pubeurope.com\/@fr\/114448886855104323","error":""},"_links":{"self":[{"href":"https:\/\/www.europesays.com\/fr\/wp-json\/wp\/v2\/posts\/73942","targetHints":{"allow":["GET"]}}],"collection":[{"href":"https:\/\/www.europesays.com\/fr\/wp-json\/wp\/v2\/posts"}],"about":[{"href":"https:\/\/www.europesays.com\/fr\/wp-json\/wp\/v2\/types\/post"}],"author":[{"embeddable":true,"href":"https:\/\/www.europesays.com\/fr\/wp-json\/wp\/v2\/users\/2"}],"replies":[{"embeddable":true,"href":"https:\/\/www.europesays.com\/fr\/wp-json\/wp\/v2\/comments?post=73942"}],"version-history":[{"count":0,"href":"https:\/\/www.europesays.com\/fr\/wp-json\/wp\/v2\/posts\/73942\/revisions"}],"wp:featuredmedia":[{"embeddable":true,"href":"https:\/\/www.europesays.com\/fr\/wp-json\/wp\/v2\/media\/73943"}],"wp:attachment":[{"href":"https:\/\/www.europesays.com\/fr\/wp-json\/wp\/v2\/media?parent=73942"}],"wp:term":[{"taxonomy":"category","embeddable":true,"href":"https:\/\/www.europesays.com\/fr\/wp-json\/wp\/v2\/categories?post=73942"},{"taxonomy":"post_tag","embeddable":true,"href":"https:\/\/www.europesays.com\/fr\/wp-json\/wp\/v2\/tags?post=73942"}],"curies":[{"name":"wp","href":"https:\/\/api.w.org\/{rel}","templated":true}]}}