{"id":73944,"date":"2025-05-04T09:38:11","date_gmt":"2025-05-04T09:38:11","guid":{"rendered":"https:\/\/www.europesays.com\/fr\/73944\/"},"modified":"2025-05-04T09:38:11","modified_gmt":"2025-05-04T09:38:11","slug":"pres-de-rouen-les-pompiers-passent-la-nuit-a-eteindre-un-incendie-dans-le-batiment-dun-traiteur","status":"publish","type":"post","link":"https:\/\/www.europesays.com\/fr\/73944\/","title":{"rendered":"Pr\u00e8s de Rouen, les pompiers passent la nuit \u00e0 \u00e9teindre un incendie dans le b\u00e2timent d&rsquo;un traiteur"},"content":{"rendered":"<p>            Par<br \/>\n        <strong><br \/>\n            <a href=\"https:\/\/actu.fr\/auteur\/yann-rivallan\" title=\"Consulter tous les articles de Yann Rivallan\" rel=\"nofollow noopener\" target=\"_blank\">Yann Rivallan<\/a><br \/>\n        <\/strong><\/p>\n<p>        Publi\u00e9 le<\/p>\n<p>            4 mai 2025 \u00e0 11h20        <\/p>\n<p>L\u2019incendie a mobilis\u00e9\u00a0les pompiers <strong>pendant toute la nuit<\/strong>. Depuis 20h, samedi 3\u00a0mai 2025, les sapeurs-pompiers interviennent pour \u00e9teindre un feu dans le b\u00e2timent d\u2019un traiteur, \u00e0 <a href=\"https:\/\/actu.fr\/normandie\/malaunay_76402\" rel=\"nofollow noopener\" target=\"_blank\">Malaunay<\/a>, pr\u00e8s de <strong>Rouen<\/strong>. Il a \u00e9t\u00e9 presque enti\u00e8rement d\u00e9truit par le sinistre.<\/p>\n<p>Un b\u00e2timent enti\u00e8rement embras\u00e9<\/p>\n<p class=\" wall-content\">Dans ce vaste local de 1 000 m2 de la rue de la ville aux Geais, l\u2019incendie s\u2019est d\u00e9clench\u00e9 sans que l\u2019on n\u2019en connaisse l\u2019origine pour le moment. Sur place, les pompiers se retrouvent face \u00e0 <strong>un b\u00e2timent enti\u00e8rement embras\u00e9<\/strong> et \u00e0 la toiture perc\u00e9e.<\/p>\n<p>    <a href=\"https:\/\/www.facebook.com\/plugins\/post.php?href=https%3A%2F%2Fwww.facebook.com%2Fsdis76%2Fposts%2Fpfbid0AAs3QywCenehK2JoSmWY1Sd1qRhG5JEfYGGTm5mkdqvCLdi2hvJ4cPgM99mvd4dEl&amp;show_text=true&amp;width=350\" title=\"Ouvrie le lien\" rel=\"nofollow noopener\" target=\"_blank\">Cliquez ici pour visualiser le contenu<\/a><\/p>\n<p class=\" wall-content\">\u00ab\u2009Le risque de propagation [\u00e0 d\u2019autres b\u00e2timents proches] n\u2019est pas \u00e9cart\u00e9\u2009\u00bb, assurait alors le service d\u00e9partemental d\u2019incendie et de secours (Sdis). <strong>67\u00a0pompiers<\/strong> se relayaient avec quatre lances incendie pour endiguer les flammes.<\/p>\n<p>Sept salari\u00e9s au ch\u00f4mage technique<\/p>\n<p class=\" wall-content\">\u00c0 7h, dimanche matin, le Sdis annon\u00e7ait que le feu \u00e9tait \u00e9teint. Le b\u00e2timent a \u00e9t\u00e9 partiellement d\u00e9truit mais il est, selon nos informations, impossible d\u2019y acc\u00e9der. <strong>Aucune victime<\/strong> n\u2019est \u00e0 d\u00e9plorer, le local du traiteur \u00e9tait vide lors du d\u00e9part de feu.<\/p>\n<p class=\" wall-content\">Mais avec de tels d\u00e9g\u00e2ts, <strong>sept salari\u00e9s<\/strong> se retrouvent contraints au ch\u00f4mage technique.<\/p>\n<p>Vid\u00e9os : en ce moment sur Actu<\/p>\n<p class=\" wall-content\">Suivez toute l\u2019actualit\u00e9 de vos villes et m\u00e9dias favoris en vous inscrivant \u00e0 <a href=\"https:\/\/moncompte.actu.fr\" title=\"D\u00e9couvez Mon Actu\" rel=\"nofollow noopener\" data-trk=\"{&quot;cta&quot;:{&quot;action&quot;:&quot;https:\\\/\\\/moncompte.actu.fr&quot;,&quot;category&quot;:&quot;mon compte&quot;,&quot;from&quot;:&quot;article footer&quot;,&quot;name&quot;:&quot;Mon actu&quot;,&quot;type&quot;:&quot;cta&quot;}}\" target=\"_blank\">Mon Actu<\/a>.<\/p>\n","protected":false},"excerpt":{"rendered":"Par Yann Rivallan Publi\u00e9 le 4 mai 2025 \u00e0 11h20 L\u2019incendie a mobilis\u00e9\u00a0les pompiers pendant toute la nuit.&hellip;\n","protected":false},"author":2,"featured_media":73945,"comment_status":"","ping_status":"","sticky":false,"template":"","format":"standard","meta":{"footnotes":""},"categories":[9587],"tags":[1111,11,1777,674,118,1011,27,1310,12,5161,1311,25,9590],"class_list":{"0":"post-73944","1":"post","2":"type-post","3":"status-publish","4":"format-standard","5":"has-post-thumbnail","7":"category-rouen","8":"tag-actu","9":"tag-actualites","10":"tag-eu","11":"tag-europe","12":"tag-faits-divers","13":"tag-fr","14":"tag-france","15":"tag-incendie","16":"tag-news","17":"tag-normandie","18":"tag-pompiers","19":"tag-republique-francaise","20":"tag-rouen"},"share_on_mastodon":{"url":"https:\/\/pubeurope.com\/@fr\/114448898650529946","error":""},"_links":{"self":[{"href":"https:\/\/www.europesays.com\/fr\/wp-json\/wp\/v2\/posts\/73944","targetHints":{"allow":["GET"]}}],"collection":[{"href":"https:\/\/www.europesays.com\/fr\/wp-json\/wp\/v2\/posts"}],"about":[{"href":"https:\/\/www.europesays.com\/fr\/wp-json\/wp\/v2\/types\/post"}],"author":[{"embeddable":true,"href":"https:\/\/www.europesays.com\/fr\/wp-json\/wp\/v2\/users\/2"}],"replies":[{"embeddable":true,"href":"https:\/\/www.europesays.com\/fr\/wp-json\/wp\/v2\/comments?post=73944"}],"version-history":[{"count":0,"href":"https:\/\/www.europesays.com\/fr\/wp-json\/wp\/v2\/posts\/73944\/revisions"}],"wp:featuredmedia":[{"embeddable":true,"href":"https:\/\/www.europesays.com\/fr\/wp-json\/wp\/v2\/media\/73945"}],"wp:attachment":[{"href":"https:\/\/www.europesays.com\/fr\/wp-json\/wp\/v2\/media?parent=73944"}],"wp:term":[{"taxonomy":"category","embeddable":true,"href":"https:\/\/www.europesays.com\/fr\/wp-json\/wp\/v2\/categories?post=73944"},{"taxonomy":"post_tag","embeddable":true,"href":"https:\/\/www.europesays.com\/fr\/wp-json\/wp\/v2\/tags?post=73944"}],"curies":[{"name":"wp","href":"https:\/\/api.w.org\/{rel}","templated":true}]}}