{"id":73950,"date":"2025-05-04T09:42:15","date_gmt":"2025-05-04T09:42:15","guid":{"rendered":"https:\/\/www.europesays.com\/fr\/73950\/"},"modified":"2025-05-04T09:42:15","modified_gmt":"2025-05-04T09:42:15","slug":"rennes-deux-adolescents-blesses-par-balles-trois-interpellations-les-crs-envoyes-sur-place","status":"publish","type":"post","link":"https:\/\/www.europesays.com\/fr\/73950\/","title":{"rendered":"Rennes\u00a0: deux adolescents bless\u00e9s par balles, trois interpellations, les CRS envoy\u00e9s sur place"},"content":{"rendered":"<p class=\"paragraph text_align_left\">La <a href=\"https:\/\/www.leparisien.fr\/faits-divers\/fusillade-a-rennes-la-maire-evoque-un-conflit-de-territoires-entre-des-groupes-mafieux-pour-la-tenue-de-points-de-deal-18-04-2025-ODZKBJB7UBC7XIHGQH6I2JTKMU.php\" target=\"_self\" rel=\"nofollow noopener\">guerre de territoire<\/a> se poursuit. Deux personnes ont \u00e9t\u00e9 bless\u00e9es samedi par balles \u00e0 Rennes (Ille-et-Vilaine), dans le quartier populaire de Villejean, l\u00e0 o\u00f9 a eu lieu une fusillade le 17\u00a0avril sur fond de trafic de drogue.<\/p>\n<p class=\"paragraph text_align_left\">\u00ab\u00a0Vers 18h30, trois hommes ont tir\u00e9 sur la dalle Kennedy de Villejean. Il y a deux bless\u00e9s par balles, un en urgence absolue et le second en urgence relative. Il y a eu trois interpellations\u00a0\u00bb, a affirm\u00e9 une source proche du dossier, confirmant une information du journal <a href=\"https:\/\/www.ouest-france.fr\/faits-divers\/fusillade\/quatorze-coups-de-feu-et-deux-blesses-a-rennes-une-guerre-de-territoire-fait-rage-a-villejean-0f60ba54-2858-11f0-b7b8-37276f4d776e\" target=\"_self\" rel=\"nofollow noopener\">Ouest-France<\/a>. Contact\u00e9, le parquet de Rennes n\u2019a pas donn\u00e9 suite dans l\u2019imm\u00e9diat.<\/p>\n<p class=\"paragraph text_align_left\">D\u2019apr\u00e8s Ouest-France, quatorze coups de feu auraient \u00e9t\u00e9 tir\u00e9s samedi soir vers 19h20 sur un point de deal. L\u2019un de jeunes vis\u00e9s, \u00e2g\u00e9 de 17 ans, retrouv\u00e9 sur place, a \u00e9t\u00e9 bless\u00e9 par balle \u00e0 la cuisse et a \u00e9t\u00e9 hospitalis\u00e9 en urgence absolue. Selon <a href=\"https:\/\/www.francebleu.fr\/infos\/faits-divers-justice\/deux-adolescents-blesses-dont-un-gravement-apres-une-nouvelle-fusillade-a-rennes-3922955\" target=\"_self\" rel=\"nofollow noopener\">Ici Bretagne<\/a> (ex-France Bleu), il souffre d\u2019une fracture du f\u00e9mur et de nombreuses plaies aux jambes. Un second jeune homme, \u00e2g\u00e9 de 16 ans, s\u2019est enfui apr\u00e8s avoir re\u00e7u une balle dans le genou, et il a \u00e9t\u00e9 retrouv\u00e9 devant le fast-food Subway de la dalle Kennedy, apr\u00e8s avoir re\u00e7u une balle dans le genou.<\/p>\n<p>Six fusillades en sept mois<\/p>\n<p class=\"paragraph text_align_left\">Alors qu\u2019un tr\u00e8s important dispositif policier se mettait en place sur la dalle, les pompiers puis le Samu ont pris en charge les deux bless\u00e9s, qui ont \u00e9t\u00e9 conduits aux CHU de Pontchaillou. Un troisi\u00e8me homme, bless\u00e9 \u00e0 coups de pied et de poings, aurait aussi \u00e9t\u00e9 hospitalis\u00e9, selon le quotidien.<\/p>\n<p class=\"paragraph text_align_left\">C\u2019est pr\u00e9cis\u00e9ment dans cette sandwicherie Subway qu\u2019une fusillade <a href=\"https:\/\/www.leparisien.fr\/faits-divers\/rennes-une-fusillade-fait-au-moins-trois-blesses-dans-un-subway-17-04-2025-AILWCIQJIVD3XLASJ34MLH756Q.php\" target=\"_self\" rel=\"nofollow noopener\">avait \u00e9clat\u00e9 le 17\u00a0avril<\/a>, faisant trois bless\u00e9s par balles. Selon le site <a href=\"https:\/\/www.rennes-infos-autrement.fr\/tirs-a-villejean-un-blesse-et-trois-interpellations\/\" target=\"_self\" rel=\"nofollow noopener\">Rennes Infos Autrement<\/a>, depuis octobre\u00a02024, six fusillades ont \u00e9clat\u00e9 dans le quartier, dont trois en plein apr\u00e8s-midi.<\/p>\n<p class=\"lp-card-podcast-highlighting__title lp-f-subtitle-05\">Les disparus de Mirepoix<\/p>\n<p class=\"lp-card-podcast-highlighting__description lp-f-ui-05\">Crime story raconte chaque semaine les grandes affaires criminelles.<\/p>\n<p><a class=\"lp-card-podcast-highlighting__call-to-action\" data-page-type=\"HP\" data-block-name=\"podcast-highlight\">\u00c9couter<\/a><\/p>\n<p class=\"paragraph text_align_left\">Charles Compagnon, \u00e9lu municipal (Horizons), qui se trouvait fortuitement dans le Subway lors de la fusillade mi-avril, a r\u00e9agi aux nouveaux tirs \u00e0 Villejean\u00a0: \u00ab\u00a0Ce soir encore, le quartier de Villejean a \u00e9t\u00e9 frapp\u00e9 par la violence. Aux alentours de 18h30, la dalle Kennedy, d\u00e9j\u00e0 \u00e9prouv\u00e9e il y a quelques semaines, a \u00e9t\u00e9 le th\u00e9\u00e2tre de nouveaux \u00e9changes de tirs. Un homme a \u00e9t\u00e9 bless\u00e9 par balle. La police (\u2026) a proc\u00e9d\u00e9 \u00e0 trois interpellations\u00a0\u00bb, a \u00e9crit l\u2019\u00e9lu sur le r\u00e9seau social X.<\/p>\n<p class=\"paragraph text_align_left\">Samedi soir, les trois tireurs se sont \u00e9chapp\u00e9s \u00e0 bord d\u2019une voiture grise selon des t\u00e9moins, avant d\u2019\u00eatre rapidement interpell\u00e9s par la BAC dans la commune de Saint-Gr\u00e9goire. Selon une source \u00e0 l\u2019AFP, tous trois sont majeurs et connus des services de la police et de la justice. Ils auraient jet\u00e9 un sac dans leur courte fuite, dans lequel se trouvait un fusil d\u2019assaut.<\/p>\n<p class=\"paragraph text_align_left\">L\u2019enqu\u00eate devra d\u00e9terminer leur implication et s\u2019ils sont li\u00e9s aux quatre suspects <a href=\"https:\/\/www.leparisien.fr\/faits-divers\/fusillade-dans-un-subway-a-rennes-les-quatre-suspects-mis-en-examen-et-ecroues-22-04-2025-4RR2CAM2TRFFXABYWZPEH7SBIQ.php\" target=\"_self\" rel=\"nofollow noopener\">mis en examen et \u00e9crou\u00e9s<\/a> quelques jours apr\u00e8s la <a href=\"https:\/\/www.leparisien.fr\/faits-divers\/rennes-une-fusillade-fait-au-moins-trois-blesses-dans-un-subway-17-04-2025-AILWCIQJIVD3XLASJ34MLH756Q.php\" target=\"_self\" rel=\"nofollow noopener\">fusillade dans le Subway<\/a>, dont trois pour association de malfaiteurs et tentative de meurtre en bande organis\u00e9e. Les quatre hommes, \u00e2g\u00e9s de\u00a021 \u00e0 23\u00a0ans, sont d\u00e9j\u00e0 connus pour de multiples d\u00e9lits. Ils \u00ab\u00a0sont impliqu\u00e9s dans le trafic de produits stup\u00e9fiants organis\u00e9 par un r\u00e9seau d\u2019individus originaires de la r\u00e9gion parisienne sur la dalle Kennedy (\u00e0 Villejean, un quartier de Rennes), depuis le mois de janvier\u00a0\u00bb, avait affirm\u00e9 le 22\u00a0avril le procureur de la R\u00e9publique de Rennes Fr\u00e9d\u00e9ric Teillet.<\/p>\n<p class=\"paragraph text_align_left\">Face \u00e0 la r\u00e9p\u00e9tition des faits, une compagnie de CRS a \u00e9t\u00e9 envoy\u00e9e dans la nuit dans le quartier de Villejean. \u00ab\u00a0La CRS 82 a bien \u00e9t\u00e9 mobilis\u00e9e cette nuit\u00a0\u00bb, a indiqu\u00e9 dimanche \u00e0 l\u2019AFP la pr\u00e9fecture d\u2019Ille-et-Vilaine, confirmant une information d\u2019Ouest-France.<\/p>\n","protected":false},"excerpt":{"rendered":"La guerre de territoire se poursuit. Deux personnes ont \u00e9t\u00e9 bless\u00e9es samedi par balles \u00e0 Rennes (Ille-et-Vilaine), dans&hellip;\n","protected":false},"author":2,"featured_media":73951,"comment_status":"","ping_status":"","sticky":false,"template":"","format":"standard","meta":{"footnotes":""},"categories":[2821],"tags":[1111,11,829,459,1777,674,118,1011,27,12,584,25],"class_list":{"0":"post-73950","1":"post","2":"type-post","3":"status-publish","4":"format-standard","5":"has-post-thumbnail","7":"category-rennes","8":"tag-actu","9":"tag-actualites","10":"tag-bretagne","11":"tag-departements-horsidfo","12":"tag-eu","13":"tag-europe","14":"tag-faits-divers","15":"tag-fr","16":"tag-france","17":"tag-news","18":"tag-rennes","19":"tag-republique-francaise"},"share_on_mastodon":{"url":"https:\/\/pubeurope.com\/@fr\/114448914377682240","error":""},"_links":{"self":[{"href":"https:\/\/www.europesays.com\/fr\/wp-json\/wp\/v2\/posts\/73950","targetHints":{"allow":["GET"]}}],"collection":[{"href":"https:\/\/www.europesays.com\/fr\/wp-json\/wp\/v2\/posts"}],"about":[{"href":"https:\/\/www.europesays.com\/fr\/wp-json\/wp\/v2\/types\/post"}],"author":[{"embeddable":true,"href":"https:\/\/www.europesays.com\/fr\/wp-json\/wp\/v2\/users\/2"}],"replies":[{"embeddable":true,"href":"https:\/\/www.europesays.com\/fr\/wp-json\/wp\/v2\/comments?post=73950"}],"version-history":[{"count":0,"href":"https:\/\/www.europesays.com\/fr\/wp-json\/wp\/v2\/posts\/73950\/revisions"}],"wp:featuredmedia":[{"embeddable":true,"href":"https:\/\/www.europesays.com\/fr\/wp-json\/wp\/v2\/media\/73951"}],"wp:attachment":[{"href":"https:\/\/www.europesays.com\/fr\/wp-json\/wp\/v2\/media?parent=73950"}],"wp:term":[{"taxonomy":"category","embeddable":true,"href":"https:\/\/www.europesays.com\/fr\/wp-json\/wp\/v2\/categories?post=73950"},{"taxonomy":"post_tag","embeddable":true,"href":"https:\/\/www.europesays.com\/fr\/wp-json\/wp\/v2\/tags?post=73950"}],"curies":[{"name":"wp","href":"https:\/\/api.w.org\/{rel}","templated":true}]}}