{"id":73952,"date":"2025-05-04T09:43:11","date_gmt":"2025-05-04T09:43:11","guid":{"rendered":"https:\/\/www.europesays.com\/fr\/73952\/"},"modified":"2025-05-04T09:43:11","modified_gmt":"2025-05-04T09:43:11","slug":"strasbourg-pour-lalsace-fan-day-le-concours-nimporte-coiffes","status":"publish","type":"post","link":"https:\/\/www.europesays.com\/fr\/73952\/","title":{"rendered":"Strasbourg. Pour l\u2019Alsace Fan Day, le concours \u201cN\u2019importe coiffes\u00a0!\u201d"},"content":{"rendered":"<p>\u00c0 l\u2019occasion de l\u2019Alsace Fan Day, la journ\u00e9e mondiale des amoureux de l\u2019Alsace qui aura lieu en juin prochain, l\u2019Union internationale des Alsaciens organise un concours insolite, baptis\u00e9 \u201cN\u2019importe coiffes\u00a0!\u201d. Il s\u2019agit pour les participants de r\u00e9inventer la c\u00e9l\u00e8bre coiffe alsacienne et de voir leur proposition valid\u00e9e. Il faut imaginer une coiffe in\u00e9dite, haute en couleur ou discr\u00e8tement raffin\u00e9e, con\u00e7ue \u00e0 partir de mat\u00e9riaux (recycl\u00e9s, modernes, naturels\u2026) de son choix.<\/p>\n<p>  Jusqu\u2019au 31\u00a0mai<\/p>\n<p>Ce concours est ouvert jusqu\u2019au 31\u00a0mai. Ouvert \u00e0 toutes et tous, en candidature isol\u00e9e ou en groupe, il met \u00e0 l\u2019honneur la cr\u00e9ativit\u00e9 sous toutes ses formes. La coiffe doit pouvoir \u00eatre port\u00e9e sur la t\u00eate et s\u2019int\u00e9grer dans un d\u00e9fil\u00e9 de mode. Les dix meilleures cr\u00e9ations seront mises \u00e0 l\u2019honneur lors d\u2019un d\u00e9fil\u00e9 de mode festif le 27\u00a0juin \u00e0 Strasbourg, sur le parvis de l\u2019h\u00f4tel d\u2019Alsace, place du Quartier-Blanc.<\/p>\n<p class=\"note\">Pour participer, r\u00e9alisez votre coiffe, filmez-la sous tous les angles, envoyez la vid\u00e9o avant le 31\u00a0mai via WeTransfer \u00e0 contact@alsacefanday.com, en indiquant vos coordonn\u00e9es compl\u00e8tes\u00a0: nom, pr\u00e9nom, adresse postale, adresse courriel et num\u00e9ro de t\u00e9l\u00e9phone.<\/p>\n","protected":false},"excerpt":{"rendered":"\u00c0 l\u2019occasion de l\u2019Alsace Fan Day, la journ\u00e9e mondiale des amoureux de l\u2019Alsace qui aura lieu en juin&hellip;\n","protected":false},"author":2,"featured_media":73953,"comment_status":"","ping_status":"","sticky":false,"template":"","format":"standard","meta":{"footnotes":""},"categories":[2820],"tags":[1111,11,2389,1687,1777,674,107,1011,27,775,1757,12,25,104,640,1631],"class_list":{"0":"post-73952","1":"post","2":"type-post","3":"status-publish","4":"format-standard","5":"has-post-thumbnail","7":"category-strasbourg","8":"tag-actu","9":"tag-actualites","10":"tag-alsace","11":"tag-culture-loisirs","12":"tag-eu","13":"tag-europe","14":"tag-fil-info","15":"tag-fr","16":"tag-france","17":"tag-grand-est","18":"tag-insolite","19":"tag-news","20":"tag-republique-francaise","21":"tag-societe","22":"tag-strasbourg","23":"tag-vie-associative"},"share_on_mastodon":{"url":"https:\/\/pubeurope.com\/@fr\/114448918410734487","error":""},"_links":{"self":[{"href":"https:\/\/www.europesays.com\/fr\/wp-json\/wp\/v2\/posts\/73952","targetHints":{"allow":["GET"]}}],"collection":[{"href":"https:\/\/www.europesays.com\/fr\/wp-json\/wp\/v2\/posts"}],"about":[{"href":"https:\/\/www.europesays.com\/fr\/wp-json\/wp\/v2\/types\/post"}],"author":[{"embeddable":true,"href":"https:\/\/www.europesays.com\/fr\/wp-json\/wp\/v2\/users\/2"}],"replies":[{"embeddable":true,"href":"https:\/\/www.europesays.com\/fr\/wp-json\/wp\/v2\/comments?post=73952"}],"version-history":[{"count":0,"href":"https:\/\/www.europesays.com\/fr\/wp-json\/wp\/v2\/posts\/73952\/revisions"}],"wp:featuredmedia":[{"embeddable":true,"href":"https:\/\/www.europesays.com\/fr\/wp-json\/wp\/v2\/media\/73953"}],"wp:attachment":[{"href":"https:\/\/www.europesays.com\/fr\/wp-json\/wp\/v2\/media?parent=73952"}],"wp:term":[{"taxonomy":"category","embeddable":true,"href":"https:\/\/www.europesays.com\/fr\/wp-json\/wp\/v2\/categories?post=73952"},{"taxonomy":"post_tag","embeddable":true,"href":"https:\/\/www.europesays.com\/fr\/wp-json\/wp\/v2\/tags?post=73952"}],"curies":[{"name":"wp","href":"https:\/\/api.w.org\/{rel}","templated":true}]}}