{"id":73960,"date":"2025-05-04T09:47:17","date_gmt":"2025-05-04T09:47:17","guid":{"rendered":"https:\/\/www.europesays.com\/fr\/73960\/"},"modified":"2025-05-04T09:47:17","modified_gmt":"2025-05-04T09:47:17","slug":"vertou-au-gre-du-vent-fait-danser-son-public","status":"publish","type":"post","link":"https:\/\/www.europesays.com\/fr\/73960\/","title":{"rendered":"Vertou. Au gr\u00e9 du vent fait danser son public"},"content":{"rendered":"<p>Les amateurs de festou-noz et autres bals bretons connaissent bien le groupe vertavien Au gr\u00e9 du vent qui \u00e9cume les sc\u00e8nes bretonnes depuis 2013. Aujourd\u2019hui, ses six\u00a0musiciens et chanteurs r\u00e9p\u00e8tent r\u00e9guli\u00e8rement dans les studios de r\u00e9p\u00e9tition de l\u2019\u00e9quipement vertavien Cours et jardins. Michel Couprie officie \u00e0 la vielle, Myriam Deredec au chant, aux fl\u00fbtes et \u00e0 l\u2019accord\u00e9on diatonique, Bernard Gaudin \u00e0 l\u2019accord\u00e9on chromatique, Marcel Merlaud \u00e0 la batterie, et Michel Vermalle \u00e0 la guitare basse. Le groupe s\u2019est adjoint les services d\u2019un nouveau chanteur, Pierre qui est moniteur de danse traditionnelle. Lors de ses prestations, Au gr\u00e9 du vent peut donc initier son public.<\/p>\n<p>Le r\u00e9pertoire d\u2019Au gr\u00e9 du vent est tr\u00e8s \u00e9clectique car m\u00eame si sa chanteuse Myriam avoue une pr\u00e9f\u00e9rence pour les danses du L\u00e9on et du pays de Vannes, le groupe n\u2019oublie jamais les gavottes des montagnes et autres dans plinn. Apr\u00e8s avoir anim\u00e9 les s\u00e9ances de danses bretonnes du cercle celtique de Vertou \u00e0 ses d\u00e9buts, le groupe a pris son autonomie. Il anime toujours des festou-noz avec de la musique \u00e0 danser, et il s\u2019aventure \u00e9galement en spectacle sur les chemins de la musique \u00e9cossaise et irlandaise.<\/p>\n<p>N\u2019h\u00e9sitez pas \u00e0 les contacter pour animer vos soir\u00e9es bretonnes, Fest deiz et vos f\u00eates\u00a0: association Vers Tous Trad Myriam Deredec pr\u00e9sidente, port 06\u00a006\u00a040\u00a076\u00a029, myriam.deredec@free.fr.<\/p>\n<p>\u00a0<\/p>\n","protected":false},"excerpt":{"rendered":"Les amateurs de festou-noz et autres bals bretons connaissent bien le groupe vertavien Au gr\u00e9 du vent qui&hellip;\n","protected":false},"author":2,"featured_media":73961,"comment_status":"","ping_status":"","sticky":false,"template":"","format":"standard","meta":{"footnotes":""},"categories":[2818],"tags":[1111,11,17806,1777,674,21,1011,27,17805,766,12,2636,3532,25,7919,14532],"class_list":{"0":"post-73960","1":"post","2":"type-post","3":"status-publish","4":"format-standard","5":"has-post-thumbnail","7":"category-nantes","8":"tag-actu","9":"tag-actualites","10":"tag-danser","11":"tag-eu","12":"tag-europe","13":"tag-fait","14":"tag-fr","15":"tag-france","16":"tag-gre","17":"tag-nantes","18":"tag-news","19":"tag-pays-de-la-loire","20":"tag-public","21":"tag-republique-francaise","22":"tag-vent","23":"tag-vertou"},"share_on_mastodon":{"url":"https:\/\/pubeurope.com\/@fr\/114448934060593832","error":""},"_links":{"self":[{"href":"https:\/\/www.europesays.com\/fr\/wp-json\/wp\/v2\/posts\/73960","targetHints":{"allow":["GET"]}}],"collection":[{"href":"https:\/\/www.europesays.com\/fr\/wp-json\/wp\/v2\/posts"}],"about":[{"href":"https:\/\/www.europesays.com\/fr\/wp-json\/wp\/v2\/types\/post"}],"author":[{"embeddable":true,"href":"https:\/\/www.europesays.com\/fr\/wp-json\/wp\/v2\/users\/2"}],"replies":[{"embeddable":true,"href":"https:\/\/www.europesays.com\/fr\/wp-json\/wp\/v2\/comments?post=73960"}],"version-history":[{"count":0,"href":"https:\/\/www.europesays.com\/fr\/wp-json\/wp\/v2\/posts\/73960\/revisions"}],"wp:featuredmedia":[{"embeddable":true,"href":"https:\/\/www.europesays.com\/fr\/wp-json\/wp\/v2\/media\/73961"}],"wp:attachment":[{"href":"https:\/\/www.europesays.com\/fr\/wp-json\/wp\/v2\/media?parent=73960"}],"wp:term":[{"taxonomy":"category","embeddable":true,"href":"https:\/\/www.europesays.com\/fr\/wp-json\/wp\/v2\/categories?post=73960"},{"taxonomy":"post_tag","embeddable":true,"href":"https:\/\/www.europesays.com\/fr\/wp-json\/wp\/v2\/tags?post=73960"}],"curies":[{"name":"wp","href":"https:\/\/api.w.org\/{rel}","templated":true}]}}