{"id":73962,"date":"2025-05-04T09:48:15","date_gmt":"2025-05-04T09:48:15","guid":{"rendered":"https:\/\/www.europesays.com\/fr\/73962\/"},"modified":"2025-05-04T09:48:15","modified_gmt":"2025-05-04T09:48:15","slug":"nantes-antoine-kombouare-avant-angers-en-face-il-y-a-des-garcons-qui-sont-en-train-de-jouer-leur-avenir-aussi","status":"publish","type":"post","link":"https:\/\/www.europesays.com\/fr\/73962\/","title":{"rendered":"Nantes &#8211; Antoine Kombouar\u00e9 avant Angers : \u00ab En face, il y a des gar\u00e7ons qui sont en train de jouer leur avenir aussi \u00bb"},"content":{"rendered":"<p>14e de Ligue 1, le FC <strong>Nantes<\/strong> peut faire un grand pas vers le maintien ce dimanche lors de la 32e journ\u00e9e de <strong>Ligue 1<\/strong> en cas de victoire contre Angers (15e) un voisin sur le plan de la g\u00e9ographie comme du classement sportif. Avant la rencontre, le coach <strong>Antoine Kombouar\u00e9<\/strong> s\u2019est livr\u00e9 \u00e0 une analyse de l\u2019adversaire.<\/p>\n<p>\u00c0 lire aussi &gt;&gt; <a href=\"https:\/\/maligue2.fr\/2025\/05\/04\/asse-eirik-horneland-apres-monaco-1-3-en-termes-de-qualite-il-y-a-un-gap\/\" target=\"_blank\" rel=\"noopener\">ASSE \u2013 Eirik Horneland apr\u00e8s Monaco (1-3) : \u00ab En termes de qualit\u00e9, il y a un gap \u00bb<\/a><\/p>\n<p>\u00ab On a beaucoup insist\u00e9 sur l\u2019id\u00e9e que dimanche, on se retrouvera peut-\u00eatre face \u00e0 une \u00e9quipe du SCO avec un bloc m\u00e9dian, parce qu\u2019ils ne sont pas si bas que \u00e7a. Ils sont compacts, capables de travailler fort pour r\u00e9cup\u00e9rer les ballons et derri\u00e8re, ils sont capables de profiter des espaces. Un peu comme nous. Cette \u00e9quipe nous ressemble beaucoup. On a travaill\u00e9 diff\u00e9rents syst\u00e8mes de jeu et l\u2019animation offensive, ce qui n\u2019inclut pas que les attaquants. Il faut du mouvement, de la vitesse, de l\u2019intensit\u00e9 dans les courses et \u00eatre capables de passer par les c\u00f4t\u00e9s, parce que l\u2019axe risque d\u2019\u00eatre verrouill\u00e9 [\u2026] On ne claque pas des doigts en disant qu\u2019on va \u00e9craser notre adversaire. Parce qu\u2019en face, il y a des gar\u00e7ons qui sont en train de jouer leur avenir aussi, leur contrat. Et si ce n\u2019est pas pour dimanche, il y a le samedi d\u2019apr\u00e8s \u00e0 Auxerre, et puis le dernier match. Je vous l\u2019ai dit depuis le d\u00e9but : on s\u2019est pr\u00e9par\u00e9s, \u00e7a peut \u00eatre aussi les barrages.\u00bb<\/p>\n<p>Source : <a href=\"https:\/\/www.lequipe.fr\/Football\/Actualites\/Antoine-kombouare-coach-de-nantes-avant-la-reception-d-angers-une-equipe-qui-nous-ressemble-beaucoup\/1558675\" target=\"_blank\" rel=\"noopener\">L\u2019\u00c9quipe<\/a><\/p>\n<p>Photo Pierre Costabadie\/Icon Sport<\/p>\n","protected":false},"excerpt":{"rendered":"14e de Ligue 1, le FC Nantes peut faire un grand pas vers le maintien ce dimanche lors&hellip;\n","protected":false},"author":2,"featured_media":73963,"comment_status":"","ping_status":"","sticky":false,"template":"","format":"standard","meta":{"footnotes":""},"categories":[2818],"tags":[12165,1111,11,2943,1777,674,1011,27,766,12,2636,25],"class_list":{"0":"post-73962","1":"post","2":"type-post","3":"status-publish","4":"format-standard","5":"has-post-thumbnail","7":"category-nantes","8":"tag-alaune6","9":"tag-actu","10":"tag-actualites","11":"tag-antoine-kombouare","12":"tag-eu","13":"tag-europe","14":"tag-fr","15":"tag-france","16":"tag-nantes","17":"tag-news","18":"tag-pays-de-la-loire","19":"tag-republique-francaise"},"share_on_mastodon":{"url":"https:\/\/pubeurope.com\/@fr\/114448938141047757","error":""},"_links":{"self":[{"href":"https:\/\/www.europesays.com\/fr\/wp-json\/wp\/v2\/posts\/73962","targetHints":{"allow":["GET"]}}],"collection":[{"href":"https:\/\/www.europesays.com\/fr\/wp-json\/wp\/v2\/posts"}],"about":[{"href":"https:\/\/www.europesays.com\/fr\/wp-json\/wp\/v2\/types\/post"}],"author":[{"embeddable":true,"href":"https:\/\/www.europesays.com\/fr\/wp-json\/wp\/v2\/users\/2"}],"replies":[{"embeddable":true,"href":"https:\/\/www.europesays.com\/fr\/wp-json\/wp\/v2\/comments?post=73962"}],"version-history":[{"count":0,"href":"https:\/\/www.europesays.com\/fr\/wp-json\/wp\/v2\/posts\/73962\/revisions"}],"wp:featuredmedia":[{"embeddable":true,"href":"https:\/\/www.europesays.com\/fr\/wp-json\/wp\/v2\/media\/73963"}],"wp:attachment":[{"href":"https:\/\/www.europesays.com\/fr\/wp-json\/wp\/v2\/media?parent=73962"}],"wp:term":[{"taxonomy":"category","embeddable":true,"href":"https:\/\/www.europesays.com\/fr\/wp-json\/wp\/v2\/categories?post=73962"},{"taxonomy":"post_tag","embeddable":true,"href":"https:\/\/www.europesays.com\/fr\/wp-json\/wp\/v2\/tags?post=73962"}],"curies":[{"name":"wp","href":"https:\/\/api.w.org\/{rel}","templated":true}]}}