{"id":73970,"date":"2025-05-04T09:52:12","date_gmt":"2025-05-04T09:52:12","guid":{"rendered":"https:\/\/www.europesays.com\/fr\/73970\/"},"modified":"2025-05-04T09:52:12","modified_gmt":"2025-05-04T09:52:12","slug":"lhelicoptere-du-samu-deploye-pour-secourir-un-blesse","status":"publish","type":"post","link":"https:\/\/www.europesays.com\/fr\/73970\/","title":{"rendered":"l&rsquo;h\u00e9licopt\u00e8re du SAMU d\u00e9ploy\u00e9 pour secourir un bless\u00e9"},"content":{"rendered":"<p>            Par<br \/>\n        <strong><br \/>\n            <a href=\"https:\/\/actu.fr\/auteur\/paul-2\" title=\"Consulter tous les articles de Paul Halbedel\" rel=\"nofollow noopener\" target=\"_blank\">Paul Halbedel<\/a><br \/>\n        <\/strong><\/p>\n<p>        Publi\u00e9 le<\/p>\n<p>            4 mai 2025 \u00e0 11h23        <\/p>\n<p>Les <strong>sapeurs-pompiers de Haute-Garonne<\/strong> interviennent ce dimanche 4 mai au matin sur un <strong>grave accident de la circulation<\/strong> qui s\u2019est produit sur la <strong>D622<\/strong>, dans la commune de <a href=\"https:\/\/actu.fr\/occitanie\/mauvaisin_31332\" rel=\"nofollow noopener\" target=\"_blank\">Mauvaisin<\/a>, dans le Lauragais.<\/p>\n<p>    <a href=\"https:\/\/www.google.com\/maps\/embed?pb=!1m18!1m12!1m3!1d46413.94546570377!2d1.4926629052606595!3d43.35879651221541!2m3!1f0!2f0!3f0!3m2!1i1024!2i768!4f13.1!3m3!1m2!1s0x12aee8520a5755c1%3A0x62725b8535197b8f!2s31190%20Mauvaisin!5e0!3m2!1sfr!2sfr!4v1746350207665!5m2!1sfr!2sfr\" title=\"Ouvrie le lien\" rel=\"nofollow noopener\" target=\"_blank\">Cliquez ici pour visualiser le contenu<\/a><\/p>\n<p class=\" wall-content\">Celui-ci implique <strong>deux v\u00e9hicules<\/strong>, selon les infos transmises par le Service d\u00e9partemental d\u2019incendie et de secours, qui comptabilise <strong>\u00ab\u2009trois victimes, dont un bless\u00e9 grave qui a \u00e9t\u00e9 sorti de son v\u00e9hicule en urgence\u2009\u00bb<\/strong>.<\/p>\n<p>Route coup\u00e9e et h\u00e9licopt\u00e8re du Samu sur place<\/p>\n<p class=\" wall-content\">La route a \u00e9t\u00e9 coup\u00e9e en totalit\u00e9 pour permettre <strong>l\u2019atterrissage de l\u2019h\u00e9licopt\u00e8re du Samu<\/strong> qui a \u00e9t\u00e9 d\u00e9ploy\u00e9 sur les lieux de l\u2019accident.<\/p>\n<p class=\" wall-content\">Le dispositif d\u00e9ploy\u00e9 sur les lieux est d\u2019ailleurs cons\u00e9quent. \u00ab\u2009Un <strong>engin incendie<\/strong>, un <strong>engin de secours routier<\/strong>, <strong>trois ambulances<\/strong>, ainsi qu\u2019un <strong>\u00e9chelon de commandement<\/strong> sont engag\u00e9s, soit <strong>16 sapeurs-pompiers<\/strong>\u2009\u00bb, pr\u00e9cisent les secours.<\/p>\n<p>Vid\u00e9os : en ce moment sur Actu<\/p>\n<p class=\" wall-content\">La <strong>gendarmerie<\/strong> est \u00e9galement pr\u00e9sente sur les lieux et veille notamment le respect de la <strong>d\u00e9viation mise en place pour les automobilistes<\/strong> circulant dans le secteur.<\/p>\n<p>S\u00e9rie d\u2019accidents sur les routes du Lauragais<\/p>\n<p class=\" wall-content\">Cet accident est le troisi\u00e8me en quelques heures seulement sur les routes du Lauragais. Samedi 3\u00a0mai en soir\u00e9e, <a href=\"https:\/\/actu.fr\/occitanie\/lagrace-dieu_31264\/haute-garonne-trois-blesses-evacues-a-l-hopital-et-une-route-fermee-apres-un-accident-au-sud-de-toulouse_62592688.html\" rel=\"nofollow noopener\" target=\"_blank\">trois personnes ont \u00e9t\u00e9 bless\u00e9es dans une collision entre deux v\u00e9hicules<\/a> qui s\u2019\u00e9tait d\u00e9roul\u00e9e \u00e9galement sur la D622, \u00e0 hauteur du village de <strong>Lagr\u00e2ce-Dieu<\/strong>. Souffrant de blessures l\u00e9g\u00e8res, les victimes ont \u00e9t\u00e9 \u00e9vacu\u00e9es vers l\u2019h\u00f4pital Purpan.<\/p>\n<p class=\" wall-content\">En fin de nuit, vers 5\u2009h\u200940, les pompiers de Caraman et Ramonville sont cette fois intervenus dans la commune d\u2019<strong>Aigrefeuille<\/strong>, sur la <strong>D18<\/strong>, o\u00f9 <a href=\"https:\/\/actu.fr\/occitanie\/aigrefeuille_31003\/pres-de-toulouse-la-voiture-derape-sur-une-coulee-de-boue-et-termine-dans-le-fosse-deux-jeunes-blesses_62592900.html\" rel=\"nofollow noopener\" target=\"_blank\">une voiture est sortie de route apr\u00e8s avoir \u00e9t\u00e9 pi\u00e9g\u00e9e par une coul\u00e9e de boue<\/a> cons\u00e9cutive aux averses de la nuit.<\/p>\n<p>      <img   decoding=\"async\" loading=\"lazy\" src=\"https:\/\/www.europesays.com\/fr\/wp-content\/uploads\/2025\/05\/aigrefeuille-accident-coulee-boue-960x640.jpg\" alt=\"Un accident caus\u00e9e par une coul\u00e9e de boue a eu lieu dans la nuit du samedi 3 au dimanche 4 mai \u00e0 Aigrefeuille.\" width=\"960\" height=\"640\"\/><br \/>\n    Un accident caus\u00e9 par une coul\u00e9e de boue a eu lieu dans la nuit du samedi\u00a03 au dimanche 4\u00a0mai \u00e0 Aigrefeuille. La voiture a \u00e9t\u00e9 \u00e9vacu\u00e9e au petit matin. (\u00a9Paul Halbedel \u2013 Voix du Midi Lauragais)<\/p>\n<p class=\" wall-content\"><strong>L\u00e9g\u00e8rement bless\u00e9<\/strong>, l\u2019un des deux jeunes occupants de ce v\u00e9hicule a \u00e9t\u00e9 \u00e9vacu\u00e9 par les secours vers la clinique Croix du Sud \u00e0 Quint-Fonsegrives.<\/p>\n<p class=\" wall-content\">Suivez toute l\u2019actualit\u00e9 de vos villes et m\u00e9dias favoris en vous inscrivant \u00e0 <a href=\"https:\/\/moncompte.actu.fr\" title=\"D\u00e9couvez Mon Actu\" rel=\"nofollow noopener\" data-trk=\"{&quot;cta&quot;:{&quot;action&quot;:&quot;https:\\\/\\\/moncompte.actu.fr&quot;,&quot;category&quot;:&quot;mon compte&quot;,&quot;from&quot;:&quot;article footer&quot;,&quot;name&quot;:&quot;Mon actu&quot;,&quot;type&quot;:&quot;cta&quot;}}\" target=\"_blank\">Mon Actu<\/a>.<\/p>\n","protected":false},"excerpt":{"rendered":"Par Paul Halbedel Publi\u00e9 le 4 mai 2025 \u00e0 11h23 Les sapeurs-pompiers de Haute-Garonne interviennent ce dimanche 4&hellip;\n","protected":false},"author":2,"featured_media":73971,"comment_status":"","ping_status":"","sticky":false,"template":"","format":"standard","meta":{"footnotes":""},"categories":[2816],"tags":[119,1111,11,3542,1777,674,118,1011,27,12,2680,1311,25,2312],"class_list":{"0":"post-73970","1":"post","2":"type-post","3":"status-publish","4":"format-standard","5":"has-post-thumbnail","7":"category-toulouse","8":"tag-accident","9":"tag-actu","10":"tag-actualites","11":"tag-circulation","12":"tag-eu","13":"tag-europe","14":"tag-faits-divers","15":"tag-fr","16":"tag-france","17":"tag-news","18":"tag-occitanie","19":"tag-pompiers","20":"tag-republique-francaise","21":"tag-toulouse"},"share_on_mastodon":{"url":"https:\/\/pubeurope.com\/@fr\/114448953684695518","error":""},"_links":{"self":[{"href":"https:\/\/www.europesays.com\/fr\/wp-json\/wp\/v2\/posts\/73970","targetHints":{"allow":["GET"]}}],"collection":[{"href":"https:\/\/www.europesays.com\/fr\/wp-json\/wp\/v2\/posts"}],"about":[{"href":"https:\/\/www.europesays.com\/fr\/wp-json\/wp\/v2\/types\/post"}],"author":[{"embeddable":true,"href":"https:\/\/www.europesays.com\/fr\/wp-json\/wp\/v2\/users\/2"}],"replies":[{"embeddable":true,"href":"https:\/\/www.europesays.com\/fr\/wp-json\/wp\/v2\/comments?post=73970"}],"version-history":[{"count":0,"href":"https:\/\/www.europesays.com\/fr\/wp-json\/wp\/v2\/posts\/73970\/revisions"}],"wp:featuredmedia":[{"embeddable":true,"href":"https:\/\/www.europesays.com\/fr\/wp-json\/wp\/v2\/media\/73971"}],"wp:attachment":[{"href":"https:\/\/www.europesays.com\/fr\/wp-json\/wp\/v2\/media?parent=73970"}],"wp:term":[{"taxonomy":"category","embeddable":true,"href":"https:\/\/www.europesays.com\/fr\/wp-json\/wp\/v2\/categories?post=73970"},{"taxonomy":"post_tag","embeddable":true,"href":"https:\/\/www.europesays.com\/fr\/wp-json\/wp\/v2\/tags?post=73970"}],"curies":[{"name":"wp","href":"https:\/\/api.w.org\/{rel}","templated":true}]}}