{"id":73972,"date":"2025-05-04T09:54:13","date_gmt":"2025-05-04T09:54:13","guid":{"rendered":"https:\/\/www.europesays.com\/fr\/73972\/"},"modified":"2025-05-04T09:54:13","modified_gmt":"2025-05-04T09:54:13","slug":"la-conference-de-presse-de-roberto-de-zerbi-avant-le-deplacement-au-losc","status":"publish","type":"post","link":"https:\/\/www.europesays.com\/fr\/73972\/","title":{"rendered":"la conf\u00e9rence de presse de Roberto De Zerbi avant le d\u00e9placement au LOSC"},"content":{"rendered":"<p>Plus le temps de gamberger pour les joueurs de l&rsquo;Olympique de Marseille, car en cl\u00f4ture de la 32e journ\u00e9e de Ligue 1, l&rsquo;OM se d\u00e9place au stade Pierre Mauroy, pour y d\u00e9fier Lille. Un match entre deux pr\u00e9tendants pour une qualification directe \u00e0 la Ligue des champions. Tout reste possible pour les deux formations&#8230;<\/p>\n<p>C&rsquo;est le jour J pour l&rsquo;un des matchs les plus attendus de cette fin de saison de Ligue 1.<\/p>\n<p>Avec les r\u00e9sultats positifs des \u00e9quipes de t\u00eates, Nice, Strasbourg et Monaco, l&rsquo;affiche de la 32e journ\u00e9e entre le LOSC et l&rsquo;OM rev\u00eat une importance capitale pour la qualification directe pour la prochaine Ligue des Champions.<\/p>\n<p>Monaco a repris la 2e place de L1 au goal-average, Nice et Strasbourg sont revenus \u00e0 un point de l&rsquo;OM, en attendant le match de Lyon face \u00e0 Lens, la situation est extr\u00eamement serr\u00e9e.<\/p>\n<p>Les Marseillais apr\u00e8s une nouvelle semaine pass\u00e9e \u00e0 Rome sont arriv\u00e9s directement dans le Nord hier soir. Le groupe est au complet.\u00a0Aucun absent n&rsquo;est \u00e0 d\u00e9plorer avant cette rencontre que Roberto De Zerbi et son staff ont bien pr\u00e9par\u00e9 notamment tactiquement.<\/p>\n<p><strong>Retrouvez la conf\u00e9rence de presse du coach italien, Roberto De Zerbi en int\u00e9gralit\u00e9 en visio. C&rsquo;\u00e9tait hier soir \u00e0 l&rsquo;h\u00f4tel des Olympiens \u00e0 Lille.<\/strong><\/p>\n<p><strong>(images Olympique de Marseille)<\/strong><\/p>\n","protected":false},"excerpt":{"rendered":"Plus le temps de gamberger pour les joueurs de l&rsquo;Olympique de Marseille, car en cl\u00f4ture de la 32e&hellip;\n","protected":false},"author":2,"featured_media":73973,"comment_status":"","ping_status":"","sticky":false,"template":"","format":"standard","meta":{"footnotes":""},"categories":[2815],"tags":[17808,12023,1111,11,1777,674,1011,27,811,12027,1307,12,1176,149,25,968],"class_list":{"0":"post-73972","1":"post","2":"type-post","3":"status-publish","4":"format-standard","5":"has-post-thumbnail","7":"category-lille","8":"tag-loscom","9":"tag-teamom","10":"tag-actu","11":"tag-actualites","12":"tag-eu","13":"tag-europe","14":"tag-fr","15":"tag-france","16":"tag-hauts-de-france","17":"tag-ligue-1-mc-donalds","18":"tag-lille","19":"tag-news","20":"tag-olympique-de-marseille","21":"tag-om","22":"tag-republique-francaise","23":"tag-roberto-de-zerbi"},"share_on_mastodon":{"url":"https:\/\/pubeurope.com\/@fr\/114448961607032968","error":""},"_links":{"self":[{"href":"https:\/\/www.europesays.com\/fr\/wp-json\/wp\/v2\/posts\/73972","targetHints":{"allow":["GET"]}}],"collection":[{"href":"https:\/\/www.europesays.com\/fr\/wp-json\/wp\/v2\/posts"}],"about":[{"href":"https:\/\/www.europesays.com\/fr\/wp-json\/wp\/v2\/types\/post"}],"author":[{"embeddable":true,"href":"https:\/\/www.europesays.com\/fr\/wp-json\/wp\/v2\/users\/2"}],"replies":[{"embeddable":true,"href":"https:\/\/www.europesays.com\/fr\/wp-json\/wp\/v2\/comments?post=73972"}],"version-history":[{"count":0,"href":"https:\/\/www.europesays.com\/fr\/wp-json\/wp\/v2\/posts\/73972\/revisions"}],"wp:featuredmedia":[{"embeddable":true,"href":"https:\/\/www.europesays.com\/fr\/wp-json\/wp\/v2\/media\/73973"}],"wp:attachment":[{"href":"https:\/\/www.europesays.com\/fr\/wp-json\/wp\/v2\/media?parent=73972"}],"wp:term":[{"taxonomy":"category","embeddable":true,"href":"https:\/\/www.europesays.com\/fr\/wp-json\/wp\/v2\/categories?post=73972"},{"taxonomy":"post_tag","embeddable":true,"href":"https:\/\/www.europesays.com\/fr\/wp-json\/wp\/v2\/tags?post=73972"}],"curies":[{"name":"wp","href":"https:\/\/api.w.org\/{rel}","templated":true}]}}