{"id":73974,"date":"2025-05-04T09:55:07","date_gmt":"2025-05-04T09:55:07","guid":{"rendered":"https:\/\/www.europesays.com\/fr\/73974\/"},"modified":"2025-05-04T09:55:07","modified_gmt":"2025-05-04T09:55:07","slug":"meteo-a-marseille-changement-radical-de-temperatures-voici-les-previsions","status":"publish","type":"post","link":"https:\/\/www.europesays.com\/fr\/73974\/","title":{"rendered":"M\u00e9t\u00e9o \u00e0 Marseille. Changement radical de temp\u00e9ratures : voici les pr\u00e9visions"},"content":{"rendered":"<p>            Par<br \/>\n        <strong><br \/>\n            <a href=\"https:\/\/actu.fr\/auteur\/fabien-binacchi\" title=\"Consulter tous les articles de Fabien Binacchi\" rel=\"nofollow noopener\" target=\"_blank\">Fabien Binacchi<\/a><br \/>\n        <\/strong><\/p>\n<p>        Publi\u00e9 le<\/p>\n<p>            4 mai 2025 \u00e0 8h33        <\/p>\n<p>Le changement est radical\u2009: on repasse directement du maillot \u00e0 la veste. Car, oui, les temp\u00e9ratures quasi estivales de la semaine \u00e0 <a href=\"https:\/\/actu.fr\/marseille\/\" rel=\"nofollow noopener\" target=\"_blank\">Marseille<\/a> et dans les <a href=\"https:\/\/actu.fr\/provence-alpes-cote-d-azur\/bouches-du-rhone_13\" rel=\"nofollow noopener\" target=\"_blank\">Bouches-du-Rh\u00f4ne<\/a>, c\u2019est d\u00e9j\u00e0 fini. Une <strong>\u00ab\u2009goutte froide\u2009\u00bb<\/strong> touche la France et notamment la r\u00e9gion Paca.<\/p>\n<p class=\" wall-content\">Voici les pr\u00e9visions.<\/p>\n<p>20\u00b0C au mieux, ce dimanche<\/p>\n<p class=\" wall-content\">La nouvelle vigilance jaune aux \u00ab\u2009orages\u2009\u00bb en vigueur ce dimanche 4\u00a0mai dans le d\u00e9partement des Bouches-du-Rh\u00f4ne s\u2019accompagne d\u2019<strong>une chute du mercure.<\/strong><\/p>\n<p class=\" wall-content\">\n<p class=\" wall-content\">Apr\u00e8s le <strong>\u00ab\u2009coup de chalumeau\u2009\u00bb<\/strong> de ce tr\u00e8s long week-end de pont, qui a fait monter une chaleur subtropicale sur la France, avec des temp\u00e9ratures jusqu\u2019\u00e0 7\u00b0C au-dessus des normales, une \u00ab\u2009goutte froide\u2009\u00bb touche le pays et notamment la r\u00e9gion de Marseille.<\/p>\n<p class=\" wall-content\">M\u00e9t\u00e9o France ne pr\u00e9voit que 20\u00b0C au maximum ce dimanche et m\u00eame 19\u00b0C lundi.<\/p>\n<p>Vid\u00e9os : en ce moment sur ActuEn dessous des normales de saison<\/p>\n<p class=\" wall-content\">De l\u2019air beaucoup plus froid arrive en provenance de la mer du Nord avec, pour la semaine du 5\u00a0mai, des temp\u00e9ratures g\u00e9n\u00e9ralement <strong>4 \u00e0 8\u00b0C en dessous<\/strong> des moyennes de saison.<\/p>\n<p class=\" wall-content\">Dans la cit\u00e9 phoc\u00e9enne, <strong>la d\u00e9gringolade se confirme<\/strong> surtout \u00e0 partir du mardi 6\u00a0mai, avec des minimales qui n\u2019exc\u00e8dent pas les 12\u00b0C, selon les pr\u00e9visions.<\/p>\n<p class=\" wall-content\">Les maximales, elles, ne vont au-del\u00e0 des 20\u00b0C qu\u2019\u00e0 partir de la fin de la semaine.<\/p>\n<p>Un temps \u00ab\u2009sec\u2009\u00bb<\/p>\n<p class=\" wall-content\">Mais, si les conditions vont effectivement et \u00ab\u2009nettement se rafra\u00eechir\u2009\u00bb \u00e0 partir de ce dimanche, le m\u00e9t\u00e9orologue Paul Marquis, fondateur de <a href=\"https:\/\/www.facebook.com\/lameteodu13\" rel=\"nofollow noopener\" target=\"_blank\">La M\u00e9t\u00e9o du 13<\/a>, annonce au moins <strong>\u00ab\u2009un temps plus sec que la normale\u2009\u00bb<\/strong> pour les jours \u00e0 venir.<\/p>\n<p class=\" wall-content\">D\u00e8s lundi soir, le ciel s\u2019\u00e9claircit et il reste grand bleu tout le reste de la semaine.<\/p>\n<p class=\" wall-content\">Suivez toute l\u2019actualit\u00e9 de vos villes et m\u00e9dias favoris en vous inscrivant \u00e0 <a href=\"https:\/\/moncompte.actu.fr\" title=\"D\u00e9couvez Mon Actu\" rel=\"nofollow noopener\" data-trk=\"{&quot;cta&quot;:{&quot;action&quot;:&quot;https:\\\/\\\/moncompte.actu.fr&quot;,&quot;category&quot;:&quot;mon compte&quot;,&quot;from&quot;:&quot;article footer&quot;,&quot;name&quot;:&quot;Mon actu&quot;,&quot;type&quot;:&quot;cta&quot;}}\" target=\"_blank\">Mon Actu<\/a>.<\/p>\n","protected":false},"excerpt":{"rendered":"Par Fabien Binacchi Publi\u00e9 le 4 mai 2025 \u00e0 8h33 Le changement est radical\u2009: on repasse directement du&hellip;\n","protected":false},"author":2,"featured_media":73975,"comment_status":"","ping_status":"","sticky":false,"template":"","format":"standard","meta":{"footnotes":""},"categories":[2814],"tags":[1111,11,1777,674,1011,27,3447,884,2487,2357,12,882,25],"class_list":{"0":"post-73974","1":"post","2":"type-post","3":"status-publish","4":"format-standard","5":"has-post-thumbnail","7":"category-marseille","8":"tag-actu","9":"tag-actualites","10":"tag-eu","11":"tag-europe","12":"tag-fr","13":"tag-france","14":"tag-froid","15":"tag-marseille","16":"tag-meteo","17":"tag-meteo-france","18":"tag-news","19":"tag-provence-alpes-cote-dazur","20":"tag-republique-francaise"},"share_on_mastodon":{"url":"https:\/\/pubeurope.com\/@fr\/114448965593939342","error":""},"_links":{"self":[{"href":"https:\/\/www.europesays.com\/fr\/wp-json\/wp\/v2\/posts\/73974","targetHints":{"allow":["GET"]}}],"collection":[{"href":"https:\/\/www.europesays.com\/fr\/wp-json\/wp\/v2\/posts"}],"about":[{"href":"https:\/\/www.europesays.com\/fr\/wp-json\/wp\/v2\/types\/post"}],"author":[{"embeddable":true,"href":"https:\/\/www.europesays.com\/fr\/wp-json\/wp\/v2\/users\/2"}],"replies":[{"embeddable":true,"href":"https:\/\/www.europesays.com\/fr\/wp-json\/wp\/v2\/comments?post=73974"}],"version-history":[{"count":0,"href":"https:\/\/www.europesays.com\/fr\/wp-json\/wp\/v2\/posts\/73974\/revisions"}],"wp:featuredmedia":[{"embeddable":true,"href":"https:\/\/www.europesays.com\/fr\/wp-json\/wp\/v2\/media\/73975"}],"wp:attachment":[{"href":"https:\/\/www.europesays.com\/fr\/wp-json\/wp\/v2\/media?parent=73974"}],"wp:term":[{"taxonomy":"category","embeddable":true,"href":"https:\/\/www.europesays.com\/fr\/wp-json\/wp\/v2\/categories?post=73974"},{"taxonomy":"post_tag","embeddable":true,"href":"https:\/\/www.europesays.com\/fr\/wp-json\/wp\/v2\/tags?post=73974"}],"curies":[{"name":"wp","href":"https:\/\/api.w.org\/{rel}","templated":true}]}}