{"id":73976,"date":"2025-05-04T09:56:09","date_gmt":"2025-05-04T09:56:09","guid":{"rendered":"https:\/\/www.europesays.com\/fr\/73976\/"},"modified":"2025-05-04T09:56:09","modified_gmt":"2025-05-04T09:56:09","slug":"entre-marseille-et-lyon-plus-de-45-km-de-bouchons","status":"publish","type":"post","link":"https:\/\/www.europesays.com\/fr\/73976\/","title":{"rendered":"entre Marseille et Lyon, plus de 45 km de bouchons"},"content":{"rendered":"<p>Ce dimanche 4 mai marque pour un grand nombre d&rsquo;automobilistes la fin du pont du 1er mai. Qui dit retour de week-end prolong\u00e9 de quatre jours, dit forc\u00e9ment embouteillages sur les grands axes routiers.\u00a0\u00a0<\/p>\n<p>Avec la belle m\u00e9t\u00e9o qu&rsquo;\u00e0 connu <a href=\"https:\/\/www.ledauphine.com\/environnement\/2025\/05\/03\/14-c-en-moins-a-grenoble-11-c-en-moins-a-annecy-et-valence-des-orages-et-des-baisses-de-temperatures-attendus-des-ce-dimanche\" target=\"_blank\" rel=\"noopener\">la France ces derniers jours<\/a>, l&rsquo;A7, qui dessert de nombreuses stations baln\u00e9aires du sud\u00a0 n&rsquo;\u00e9chappe pas \u00e0 la surfr\u00e9quentation.\u00a0<\/p>\n<p>\u00c0 10h50, Bison Fut\u00e9 signalait d\u00e9j\u00e0 45 kilom\u00e8tres de bouchons dans le sens sud-nord entre Orange et\u00a0Malataverne (Vaucluse).\u00a0<\/p>\n<p>Selon le compte X de l&rsquo;autouroute A7, pour faire Orange-Lyon, il faut compter 2h15 au lieu de 1h35 habituellement.<\/p>\n<p>Ce contenu est bloqu\u00e9 car vous n&rsquo;avez pas accept\u00e9 les cookies et autres traceurs.<\/p>\n<p>En cliquant sur \u00ab J\u2019accepte \u00bb, les cookies et autres traceurs seront d\u00e9pos\u00e9s et vous pourrez visualiser les contenus  (<a href=\"\" class=\"consentModule_policy\" target=\"_blank\" title=\"Consulter la politique de protection des donn\u00e9es du fournisseur\">plus d&rsquo;informations<\/a>).<\/p>\n<p>En cliquant sur \u00ab J\u2019accepte tous les cookies \u00bb, vous autorisez des d\u00e9p\u00f4ts de cookies et autres traceurs pour le stockage de vos donn\u00e9es sur nos sites et applications \u00e0 des fins de personnalisation et de ciblage publicitaire.<\/p>\n<p class=\"consentModule_secondaryText\">Vous gardez la possibilit\u00e9 de retirer votre consentement \u00e0 tout moment en consultant notre <a href=\"https:\/\/www.ledauphine.com\/protection-des-donnees\" target=\"_blank\" title=\"Consulter notre politique de protection des donn\u00e9es\" rel=\"noopener\">politique de protection des donn\u00e9es<\/a>. <br \/>&#13;<br \/>\n            <a href=\"https:\/\/www.ledauphine.com\/transport\/2025\/05\/04\/javascript:Didomi.notice.show()\" class=\"consentModule_cmp\" target=\"_blank\" rel=\"noopener\">G\u00e9rer mes choix<\/a>&#13;\n        <\/p>\n<p>&#13;<br \/>\n                        J&rsquo;accepte&#13;<br \/>\n            J&rsquo;accepte tous les cookies&#13;\n        <\/p>\n<p>Bon courage et prudence sur la route \u00a0!\u00a0<\/p>\n","protected":false},"excerpt":{"rendered":"Ce dimanche 4 mai marque pour un grand nombre d&rsquo;automobilistes la fin du pont du 1er mai. Qui&hellip;\n","protected":false},"author":2,"featured_media":73977,"comment_status":"","ping_status":"","sticky":false,"template":"","format":"standard","meta":{"footnotes":""},"categories":[2814],"tags":[1111,11,3542,2730,6436,3859,1777,674,107,1011,27,329,108,17809,884,12,738,882,25,4520],"class_list":{"0":"post-73976","1":"post","2":"type-post","3":"status-publish","4":"format-standard","5":"has-post-thumbnail","7":"category-marseille","8":"tag-actu","9":"tag-actualites","10":"tag-circulation","11":"tag-drome","12":"tag-edition-montelimar-drome-provencale","13":"tag-edition-provencale","14":"tag-eu","15":"tag-europe","16":"tag-fil-info","17":"tag-fr","18":"tag-france","19":"tag-france-monde","20":"tag-isere","21":"tag-malataverne","22":"tag-marseille","23":"tag-news","24":"tag-orange","25":"tag-provence-alpes-cote-dazur","26":"tag-republique-francaise","27":"tag-vaucluse"},"share_on_mastodon":{"url":"https:\/\/pubeurope.com\/@fr\/114448969490800966","error":""},"_links":{"self":[{"href":"https:\/\/www.europesays.com\/fr\/wp-json\/wp\/v2\/posts\/73976","targetHints":{"allow":["GET"]}}],"collection":[{"href":"https:\/\/www.europesays.com\/fr\/wp-json\/wp\/v2\/posts"}],"about":[{"href":"https:\/\/www.europesays.com\/fr\/wp-json\/wp\/v2\/types\/post"}],"author":[{"embeddable":true,"href":"https:\/\/www.europesays.com\/fr\/wp-json\/wp\/v2\/users\/2"}],"replies":[{"embeddable":true,"href":"https:\/\/www.europesays.com\/fr\/wp-json\/wp\/v2\/comments?post=73976"}],"version-history":[{"count":0,"href":"https:\/\/www.europesays.com\/fr\/wp-json\/wp\/v2\/posts\/73976\/revisions"}],"wp:featuredmedia":[{"embeddable":true,"href":"https:\/\/www.europesays.com\/fr\/wp-json\/wp\/v2\/media\/73977"}],"wp:attachment":[{"href":"https:\/\/www.europesays.com\/fr\/wp-json\/wp\/v2\/media?parent=73976"}],"wp:term":[{"taxonomy":"category","embeddable":true,"href":"https:\/\/www.europesays.com\/fr\/wp-json\/wp\/v2\/categories?post=73976"},{"taxonomy":"post_tag","embeddable":true,"href":"https:\/\/www.europesays.com\/fr\/wp-json\/wp\/v2\/tags?post=73976"}],"curies":[{"name":"wp","href":"https:\/\/api.w.org\/{rel}","templated":true}]}}