{"id":73984,"date":"2025-05-04T10:02:08","date_gmt":"2025-05-04T10:02:08","guid":{"rendered":"https:\/\/www.europesays.com\/fr\/73984\/"},"modified":"2025-05-04T10:02:08","modified_gmt":"2025-05-04T10:02:08","slug":"le-pere-dun-riche-entrepreneur-de-la-cryptomonnaie-kidnappe-en-plein-paris-puis-sequestre-deux-jours-pour-une-rancon-liberation","status":"publish","type":"post","link":"https:\/\/www.europesays.com\/fr\/73984\/","title":{"rendered":"Le p\u00e8re d\u2019un riche entrepreneur de la cryptomonnaie kidnapp\u00e9 en plein Paris puis s\u00e9questr\u00e9 deux jours pour une ran\u00e7on \u2013 Lib\u00e9ration"},"content":{"rendered":"<p class=\"sc-ksZaOG ehjQrN text-element\">Trois mois et demi apr\u00e8s <a href=\"https:\/\/www.liberation.fr\/societe\/police-justice\/apres-la-sequestration-de-david-balland-cofondateur-de-ledger-deux-nouvelles-personnes-mises-en-examen-20250411_UFP2WDRS2NEATKGZ3CKGGFBQXY\/\" target=\"_blank\" rel=\"nofollow noopener\" title=\"https:\/\/www.liberation.fr\/societe\/police-justice\/apres-la-sequestration-de-david-balland-cofondateur-de-ledger-deux-nouvelles-personnes-mises-en-examen-20250411_UFP2WDRS2NEATKGZ3CKGGFBQXY\/\">le kidnapping contre ran\u00e7on du cofondateur de Ledger<\/a>, le p\u00e8re d\u2019un homme ayant fait fortune dans les cryptomonnaies a \u00e9t\u00e9 enlev\u00e9 en plein Paris, avant d\u2019\u00eatre s\u00e9questr\u00e9 deux jours \u2013 se faisant notamment couper un doigt \u2013 puis lib\u00e9r\u00e9 samedi 3 mai au soir lors d\u2019un assaut de la brigade de recherche et d\u2019intervention (BRI).<\/p>\n<p class=\"sc-ksZaOG ehjQrN text-element\">L\u2019homme avait \u00e9t\u00e9 enlev\u00e9 jeudi vers 10 h 30 dans le XIVe arrondissement de la capitale, a pr\u00e9cis\u00e9 le parquet de Paris. Selon une source polici\u00e8re, l\u2019action avait \u00e9t\u00e9 men\u00e9e devant t\u00e9moins par quatre hommes cagoul\u00e9s qui l\u2019avaient emmen\u00e9 \u00e0 bord d\u2019un fourgon de livraison.<\/p>\n<p class=\"sc-ksZaOG ehjQrN text-element\">\u00abLa victime s\u2019av\u00e9rait \u00eatre le p\u00e8re d\u2019un homme ayant fait fortune dans les cryptomonnaies, les faits \u00e9tant accompagn\u00e9s d\u2019une demande de ran\u00e7on\u00bb, a soulign\u00e9 le parquet, sans en pr\u00e9ciser le montant. D\u2019apr\u00e8s le journal <a href=\"https:\/\/www.leparisien.fr\/faits-divers\/un-entrepreneur-dans-les-cryptomonnaies-enleve-la-victime-retrouvee-avec-un-doigt-en-moins-03-05-2025-573S5T4AGNFEXPLDVX52EX3OYA.php\" target=\"_blank\" rel=\"nofollow noopener\" title=\"https:\/\/www.leparisien.fr\/faits-divers\/un-entrepreneur-dans-les-cryptomonnaies-enleve-la-victime-retrouvee-avec-un-doigt-en-moins-03-05-2025-573S5T4AGNFEXPLDVX52EX3OYA.php\">le Parisien<\/a>, \u00ables malfaiteurs auraient r\u00e9clam\u00e9 entre 5 \u00e0 7 millions d\u2019euros sous forme de virements en \u00e9change de sa lib\u00e9ration\u00bb. Une source proche du dossier a pr\u00e9cis\u00e9 \u00e0 l\u2019AFP qu\u2019une somme \u00abtr\u00e8s \u00e9lev\u00e9e\u00bb avait \u00e9t\u00e9 r\u00e9clam\u00e9e par les ravisseurs mais n\u2019avait pas \u00e9t\u00e9 vers\u00e9e.<\/p>\n<p class=\"sc-ksZaOG ehjQrN text-element\">La lib\u00e9ration de \u00abla victime retenue dans un logement situ\u00e9 dans l\u2019Essonne\u00bb est intervenue samedi vers 21 heures, a d\u00e9clar\u00e9 le parquet. L\u2019homme a \u00e9t\u00e9 lib\u00e9r\u00e9 par la BRI dans le pavillon o\u00f9 il \u00e9tait s\u00e9questr\u00e9. \u00abLors de cette intervention, quatre individus ont \u00e9t\u00e9 interpell\u00e9s\u00bb et \u00abplac\u00e9s en garde \u00e0 vue\u00bb, a pr\u00e9cis\u00e9 le parquet. Bless\u00e9e, la victime a \u00e9t\u00e9 prise en charge par les secours, avec un doigt sectionn\u00e9.<\/p>\n<p class=\"sc-ksZaOG ehjQrN text-element\">De \u00abnombreuses investigations\u00bb, une \u00abenqu\u00eate hors norme\u00bb, \u00abd\u2019anthologie\u00bb, ont permis de localiser le lieu o\u00f9 l\u2019otage \u00e9tait retenu, a soulign\u00e9 cette source, ajoutant que \u00abd\u2019autres mutilations \u00e9taient \u00e0 craindre\u00bb si les policiers n\u2019\u00e9taient pas intervenus.<\/p>\n<p class=\"sc-ksZaOG ehjQrN text-element\">\u00abUn immense bravo aux enqu\u00eateurs qui ont fait un travail exceptionnel pour lib\u00e9rer cet homme et pour interpeller ses ravisseurs\u00bb, a r\u00e9agi sur X le ministre de l\u2019Int\u00e9rieur, Bruno Retailleau, saluant l\u2019\u00abengagement d\u00e9cisif\u00bb du pr\u00e9fet de police, Laurent Nu\u00f1ez, et de ses effectifs.<\/p>\n<p class=\"sc-ksZaOG ehjQrN text-element\">L\u2019\u00e9pouse de la victime, entendue par les policiers, avait pr\u00e9cis\u00e9 que son mari et son fils, qui d\u00e9tiennent une soci\u00e9t\u00e9 de marketing g\u00e9rant de la cryptomonnaie \u00e0 Malte, avaient fait l\u2019objet de menaces par le pass\u00e9, selon la source polici\u00e8re.<\/p>\n<p class=\"sc-ksZaOG ehjQrN text-element\">Une enqu\u00eate a \u00e9t\u00e9 ouverte pour arrestation, enl\u00e8vement, s\u00e9questration et d\u00e9tention arbitraire d\u2019otage pour obtenir l\u2019ex\u00e9cution d\u2019un ordre ou d\u2019une condition, extorsion avec arme, le tout en bande organis\u00e9e, et participation \u00e0 une association de malfaiteurs criminelle.<\/p>\n<p class=\"sc-ksZaOG ehjQrN text-element\">La brigade de r\u00e9pression du banditisme et la police judiciaire sont charg\u00e9es des investigations. Selon la source proche de l\u2019enqu\u00eate, la brigade de lutte contre la cybercriminalit\u00e9 et la BRI ont \u00e9galement \u00e9t\u00e9 mobilis\u00e9es dans cette enqu\u00eate.<\/p>\n<p class=\"sc-ksZaOG ehjQrN text-element\">Cet enl\u00e8vement suivi d\u2019une s\u00e9questration avec demande de ran\u00e7on en cryptomonnaie intervient un peu plus de trois mois apr\u00e8s le rapt du cofondateur de Ledger, soci\u00e9t\u00e9 sp\u00e9cialis\u00e9e dans les cryptoactifs. Le 21 janvier, au petit matin, <a href=\"https:\/\/www.liberation.fr\/societe\/police-justice\/cryptomonnaies-un-des-cofondateurs-de-la-start-up-francaise-ledger-enleve-et-sequestre-20250123_OEXZVAHINZET7LKIA5OCB7VUBQ\/\" target=\"_blank\" rel=\"nofollow noopener\" title=\"https:\/\/www.liberation.fr\/societe\/police-justice\/cryptomonnaies-un-des-cofondateurs-de-la-start-up-francaise-ledger-enleve-et-sequestre-20250123_OEXZVAHINZET7LKIA5OCB7VUBQ\/\">David Balland et sa compagne avaient \u00e9t\u00e9 kidnapp\u00e9s<\/a> \u00e0 leur domicile \u00e0 M\u00e9reau (Cher).<\/p>\n<p class=\"sc-ksZaOG ehjQrN text-element\">L\u2019alerte avait \u00e9t\u00e9 donn\u00e9e par Eric Larchev\u00eaque, cofondateur de Ledger, qui avait re\u00e7u une vid\u00e9o d\u2019un doigt coup\u00e9 de David Balland, accompagn\u00e9e d\u2019une importante demande de ran\u00e7on en cryptomonnaie. S\u00e9questr\u00e9 \u00e0 Ch\u00e2teauroux (Indre), David Balland a \u00e9t\u00e9 lib\u00e9r\u00e9 le 22 janvier. Sa compagne a \u00e9t\u00e9 retrouv\u00e9e ligot\u00e9e dans le coffre d\u2019un v\u00e9hicule dans l\u2019Essonne le lendemain.<\/p>\n<p class=\"sc-ksZaOG ehjQrN text-element\">Au moins neuf suspects ont \u00e9t\u00e9 mis en examen dans cette affaire, dont le commanditaire pr\u00e9sum\u00e9 de cet enl\u00e8vement.<\/p>\n<p class=\"sc-ksZaOG ehjQrN text-element\">Par ailleurs, d\u00e9but janvier, un homme de 56 ans avait \u00e9t\u00e9 retrouv\u00e9 dans le coffre d\u2019une voiture pr\u00e8s du Mans, \u00e0 plusieurs centaines de kilom\u00e8tres de son domicile situ\u00e9 dans l\u2019Ain. Selon plusieurs m\u00e9dias, il s\u2019agissait du p\u00e8re d\u2019un influenceur en cryptomonnaies bas\u00e9 \u00e0 Duba\u00ef, qui publie r\u00e9guli\u00e8rement des vid\u00e9os sur ses gains, et une demande de ran\u00e7on avait \u00e9t\u00e9 faite.<\/p>\n<p class=\"sc-ksZaOG ehjQrN text-element\">Fin janvier, un homme d\u2019une trentaine d\u2019ann\u00e9es, <a href=\"https:\/\/www.liberation.fr\/societe\/police-justice\/cryptomonnaies-nouvelle-sequestration-dans-laube-quatre-personnes-interpellees-20250125_4A2BD6ZQWBFWPHUKRJQUJJ7EZA\/\" target=\"_blank\" rel=\"nofollow noopener\" title=\"https:\/\/www.liberation.fr\/societe\/police-justice\/cryptomonnaies-nouvelle-sequestration-dans-laube-quatre-personnes-interpellees-20250125_4A2BD6ZQWBFWPHUKRJQUJJ7EZA\/\">op\u00e9rateur de cryptomonnaies, a \u00e9t\u00e9 s\u00e9questr\u00e9 \u00e0 Troyes<\/a>, dans l\u2019Aube. Quatre personnes lui ont tendu un guet-apens en lui faisant miroiter un rendez-vous professionnel, avant de lui r\u00e9clamer 20 000 euros pour le laisser repartir. Le trentenaire a toutefois pu contacter un ami, qui a pr\u00e9venu la police. La victime a \u00e9t\u00e9 lib\u00e9r\u00e9e sans blessure et les quatre suspects ont \u00e9t\u00e9 interpell\u00e9s.<\/p>\n","protected":false},"excerpt":{"rendered":"Trois mois et demi apr\u00e8s le kidnapping contre ran\u00e7on du cofondateur de Ledger, le p\u00e8re d\u2019un homme ayant&hellip;\n","protected":false},"author":2,"featured_media":73985,"comment_status":"","ping_status":"","sticky":false,"template":"","format":"standard","meta":{"footnotes":""},"categories":[1888],"tags":[1111,1928,11,1927,5392,1777,674,118,1011,27,12,1926,626,1925,25],"class_list":{"0":"post-73984","1":"post","2":"type-post","3":"status-publish","4":"format-standard","5":"has-post-thumbnail","7":"category-paris","8":"tag-actu","9":"tag-actu-paris","10":"tag-actualites","11":"tag-actualites-paris","12":"tag-cryptomonnaies","13":"tag-eu","14":"tag-europe","15":"tag-faits-divers","16":"tag-fr","17":"tag-france","18":"tag-news","19":"tag-news-paris","20":"tag-paris","21":"tag-paris-news","22":"tag-republique-francaise"},"share_on_mastodon":{"url":"https:\/\/pubeurope.com\/@fr\/114448993019758545","error":""},"_links":{"self":[{"href":"https:\/\/www.europesays.com\/fr\/wp-json\/wp\/v2\/posts\/73984","targetHints":{"allow":["GET"]}}],"collection":[{"href":"https:\/\/www.europesays.com\/fr\/wp-json\/wp\/v2\/posts"}],"about":[{"href":"https:\/\/www.europesays.com\/fr\/wp-json\/wp\/v2\/types\/post"}],"author":[{"embeddable":true,"href":"https:\/\/www.europesays.com\/fr\/wp-json\/wp\/v2\/users\/2"}],"replies":[{"embeddable":true,"href":"https:\/\/www.europesays.com\/fr\/wp-json\/wp\/v2\/comments?post=73984"}],"version-history":[{"count":0,"href":"https:\/\/www.europesays.com\/fr\/wp-json\/wp\/v2\/posts\/73984\/revisions"}],"wp:featuredmedia":[{"embeddable":true,"href":"https:\/\/www.europesays.com\/fr\/wp-json\/wp\/v2\/media\/73985"}],"wp:attachment":[{"href":"https:\/\/www.europesays.com\/fr\/wp-json\/wp\/v2\/media?parent=73984"}],"wp:term":[{"taxonomy":"category","embeddable":true,"href":"https:\/\/www.europesays.com\/fr\/wp-json\/wp\/v2\/categories?post=73984"},{"taxonomy":"post_tag","embeddable":true,"href":"https:\/\/www.europesays.com\/fr\/wp-json\/wp\/v2\/tags?post=73984"}],"curies":[{"name":"wp","href":"https:\/\/api.w.org\/{rel}","templated":true}]}}