{"id":74028,"date":"2025-05-04T10:29:23","date_gmt":"2025-05-04T10:29:23","guid":{"rendered":"https:\/\/www.europesays.com\/fr\/74028\/"},"modified":"2025-05-04T10:29:23","modified_gmt":"2025-05-04T10:29:23","slug":"les-11-sabres-laser-de-star-wars-les-plus-incroyables","status":"publish","type":"post","link":"https:\/\/www.europesays.com\/fr\/74028\/","title":{"rendered":"Les 11 sabres laser de Star Wars les plus incroyables"},"content":{"rendered":"<p>Il y a eu dans The Acolyte un fouet laser, au look tr\u00e8s \u00e9loign\u00e9 du classique sabre laser. Lors de la Star Wars Celebration, un trailer a montr\u00e9 une sorte de bras articul\u00e9 laser, avec de nombreuses lames. Dans le vaste univers cr\u00e9\u00e9 par George Lucas, de nombreuses variantes de sabres laser ont vu le jour. Certaines sont vraiment incroyables.<\/p>\n<p>L\u2019arme iconique de <a href=\"https:\/\/www.numerama.com\/pop-culture\/578374-dans-quel-ordre-regarder-star-wars.html\" target=\"_blank\" rel=\"noopener\">Star Wars<\/a> est assur\u00e9ment le sabre laser. Au fil du temps, on a cependant vu \u00e9merger bien des variantes, qui s\u2019\u00e9loignent plus ou moins de l\u2019id\u00e9e d\u2019une \u00e9p\u00e9e droite de lumi\u00e8re. On pense au sabre laser \u00e0 double lame de Dark Maul, qui a fait sensation dans l\u2019\u00e9pisode 1 (<a href=\"https:\/\/www.numerama.com\/pop-culture\/1736610-lepisode-1-de-star-wars-a-25-ans-quels-souvenirs-a-t-il-laisses.html\" target=\"_blank\" rel=\"noopener\">La Menace fant\u00f4me<\/a>), ou \u00e0 celui de Kylo Ren, dont les deux quillons projettent aussi de l\u2019\u00e9nergie.<\/p>\n<p>D\u2019autres armes d\u00e9riv\u00e9es sont un peu plus sp\u00e9cialis\u00e9es, et moins connues que les deux pr\u00e9c\u00e9dentes. On pense au <a href=\"https:\/\/www.numerama.com\/pop-culture\/596496-spoiler-the-mandalorian-quelle-est-cette-mysterieuse-arme-qui-apparait-a-la-fin-de-la-premiere-saison.html\" target=\"_blank\" rel=\"noopener\">sabre noir<\/a>, pr\u00e9sent\u00e9 dans la s\u00e9rie <a href=\"https:\/\/www.numerama.com\/series-tv\/the-mandalorian\/\" target=\"_blank\" rel=\"noopener\">The Mandalorian<\/a>, et \u00e0 la couleur si \u00e9trange, ou bien au <a href=\"https:\/\/www.numerama.com\/pop-culture\/1767662-le-sith-de-the-acolyte-a-utilise-une-botte-secrete-avec-son-sabre-laser.html\" target=\"_blank\" rel=\"noopener\">sabre laser shoto<\/a>, vu dans <a href=\"https:\/\/www.numerama.com\/series-tv\/the-acolyte\/\" target=\"_blank\" rel=\"noopener\">The Acolyte<\/a>, qui est une \u00e9p\u00e9e courte semblable au wakizashi japonais (compl\u00e9mentaire du katana classique).<\/p>\n<p>    Pour aller plus loin<\/p>\n<p>                <img decoding=\"async\" width=\"87\" height=\"87\" loading=\"lazy\" alt=\"The Acolyte \/\/ Source : Disney+\" title=\"The Acolyte \/\/ Source : Disney+\" class=\"placeholder-default wp-image\" src=\"https:\/\/www.europesays.com\/fr\/wp-content\/uploads\/2025\/05\/the-acolyte-highlights-the-acolyte-article-feature-9980957f-120x120.jpeg\" \/>            <\/p>\n<p><a href=\"https:\/\/www.numerama.com\/wp-content\/uploads\/2025\/04\/star-wars-visions.jpg\" target=\"_blank\" rel=\"noopener\"><img decoding=\"async\" width=\"1024\" height=\"576\" loading=\"lazy\" alt=\"Source : Lucasfilm\" title=\"Source : Lucasfilm\" class=\"wp-image-1958975 placeholder-default wp-image\" src=\"https:\/\/www.europesays.com\/fr\/wp-content\/uploads\/2025\/05\/star-wars-visions-1024x576.jpg\" \/><\/a>Vraiment \u00e9tonnant. \/\/ Source : Lucasfilm<\/p>\n<p>Mais cette inventivit\u00e9 va parfois beaucoup plus loin. On l\u2019a vu \u00e0 la fin avril lors de la Star Wars Celebration. Durant une bande-annonce pour la saison 3 de Visions, on a pu voir une twi\u2019lek utiliser une sorte de bras articul\u00e9 laser ; chaque branche se terminait alors par un sabre laser. <a href=\"https:\/\/www.numerama.com\/pop-culture\/1958893-cest-vraiment-le-sabre-laser-le-plus-etrange-de-tout-star-wars.html\" target=\"_blank\" rel=\"noopener\">Assur\u00e9ment le \u00ab sabre laser \u00bb le plus \u00e9trange de Star Wars<\/a>.<\/p>\n<p>L\u2019apparition de cette arme dans le trailer est une bonne occasion de faire un petit tour d\u2019horizon de toutes les autres armes atypiques dans la cat\u00e9gorie des sabres laser. La s\u00e9lection ne pr\u00e9tend pas \u00e0 l\u2019exhaustivit\u00e9, mais s\u2019attarde sur les propositions les plus surprenantes, \u00e0 nos yeux. Attention, <a href=\"https:\/\/www.numerama.com\/pop-culture\/1733460-il-y-a-dix-ans-star-wars-changeait-pour-toujours.html\" target=\"_blank\" rel=\"noopener\">tout n\u2019est pas consid\u00e9r\u00e9 comme canon<\/a>.<\/p>\n<p>    Pour aller plus loin<\/p>\n<p>                <img decoding=\"async\" width=\"87\" height=\"87\" loading=\"lazy\" alt=\"Silver Screen Edition. \/\/ Source : Silver Screen Edition\" title=\"Silver Screen Edition. \/\/ Source : Silver Screen Edition\" class=\"placeholder-default wp-image\" src=\"https:\/\/www.europesays.com\/fr\/wp-content\/uploads\/2025\/05\/sw-120x120.jpg\" \/>            <\/p>\n<p>Les sabres laser les plus bizarres de Star Wars<\/p>\n<p>Rey et son sabre laser articul\u00e9 \u00e0 double lame<\/p>\n<p>C\u2019est un sabre laser \u00e0 double lame, comme celui de Dark Maul, mais dont chaque moiti\u00e9 se replie l\u2019une sur l\u2019autre. Une vision du c\u00f4t\u00e9 obscur de Rey met en sc\u00e8ne cette arme dans l\u2019\u00e9pisode 9 (<a href=\"https:\/\/www.numerama.com\/pop-culture\/593996-critique-sans-spoiler-de-star-wars-episode-9-lascension-de-skywalker.html\" target=\"_blank\" rel=\"noopener\">L\u2019Ascension de Skywalker<\/a>).<\/p>\n<\/p>\n<p>            Ce contenu est bloqu\u00e9 car vous n\u2019avez pas accept\u00e9 les cookies et autres traceurs. Ce contenu est fourni par YouTube.<br \/>Pour pouvoir le visualiser, vous devez accepter l\u2019usage \u00e9tant op\u00e9r\u00e9 par YouTube avec vos donn\u00e9es qui pourront \u00eatre utilis\u00e9es pour les finalit\u00e9s suivantes : vous permettre de visualiser et de partager des contenus avec des m\u00e9dias sociaux, favoriser le d\u00e9veloppement et l\u2019am\u00e9lioration des produits d\u2019Humanoid et de ses partenaires, vous afficher des publicit\u00e9s personnalis\u00e9es par rapport \u00e0 votre profil et activit\u00e9, vous d\u00e9finir un profil publicitaire personnalis\u00e9, mesurer la performance des publicit\u00e9s et du contenu de ce site et mesurer l\u2019audience de ce site <a href=\"#\" class=\"js-privacy\" target=\"_blank\">(en savoir plus)<\/a>        <\/p>\n<p>            En cliquant sur \u00ab J\u2019accepte tout \u00bb, vous consentez aux finalit\u00e9s susmentionn\u00e9es pour l\u2019ensemble des cookies et autres traceurs d\u00e9pos\u00e9s par Humanoid et <a class=\"embed-consent-overlay-vendors-link\" href=\"#preferences-vendeurs\">ses partenaires<\/a>.        <\/p>\n<p>            Vous gardez la possibilit\u00e9 de retirer votre consentement \u00e0 tout moment. Pour plus d\u2019informations, nous vous invitons \u00e0 prendre connaissance de notre <a href=\"https:\/\/www.numerama.com\/politique-cookies\" target=\"_blank\" rel=\"noopener\">Politique cookies<\/a>.        <\/p>\n<p>        J\u2019accepte tout    <\/p>\n<p class=\"embed-consent-overlay-manage-choices\">        <a href=\"#preferences-publicitaires\">G\u00e9rer mes choix<\/a>    <\/p>\n<p>Pique (ou lance) laser<\/p>\n<p>Il s\u2019agit de l\u2019\u00e9quivalent d\u2019un sabre laser, sauf que le manche est aussi long qu\u2019un b\u00e2ton. Cela donne une sorte d\u2019arme d\u2019hast dont la pointe est la lame d\u2019\u00e9nergie. <\/p>\n<p><a href=\"https:\/\/www.numerama.com\/wp-content\/uploads\/2024\/07\/lance-laser.jpg\" target=\"_blank\" rel=\"noopener\"><img decoding=\"async\" width=\"1024\" height=\"819\" loading=\"lazy\" alt=\"lance laser\" title=\"lance laser\" class=\"wp-image-1771548 placeholder-default wp-image\" src=\"https:\/\/www.europesays.com\/fr\/wp-content\/uploads\/2025\/05\/lance-laser-1024x819.jpg\" \/><\/a>Diff\u00e9rentes formes de piques laser existent. \/\/ Source : Star Wars: The Old Republic<\/p>\n<p>Couteau laser<\/p>\n<p>Les lames d\u2019un sabre laser peuvent \u00eatre plus ou moins longues. La preuve avec le shoto, qui est un peu plus court qu\u2019un sabre classique. Il a exist\u00e9 aussi le <a href=\"https:\/\/www.starwars-holonet.com\/encyclopedie\/arme-couteau-laser.html\" target=\"_blank\" rel=\"noreferrer noopener\">couteau laser<\/a>.<\/p>\n<p><a href=\"https:\/\/www.numerama.com\/wp-content\/uploads\/2024\/07\/couteau-laser.jpg\" target=\"_blank\" rel=\"noopener\"><img decoding=\"async\" width=\"500\" height=\"341\" loading=\"lazy\" alt=\"Source : Tales from Mos Eisley: Mostly Automatic\" title=\"Source : Tales from Mos Eisley: Mostly Automatic\" class=\"wp-image-1771550 placeholder-default wp-image\" src=\"https:\/\/www.europesays.com\/fr\/wp-content\/uploads\/2025\/05\/couteau-laser.jpg\" \/><\/a>Une arme courte. \/\/ Source : Tales from Mos Eisley: Mostly Automatic<\/p>\n<p>Reva et son sabre laser tournant \u00e0 deux lames<\/p>\n<p>Il s\u2019agit en fait d\u2019un dispositif qui consiste \u00e0 assembler deux sabres laser et, une fois connect\u00e9s, le dispositif met en marche un syst\u00e8me rotatif qui fait tourner les deux lames le long de l\u2019extr\u00e9mit\u00e9 du cercle d\u00e9sormais form\u00e9 par l\u2019ensemble. L\u2019arme est notamment visible dans la s\u00e9rie Obi-Wan Kenobi.<\/p>\n<\/p>\n<p>            Ce contenu est bloqu\u00e9 car vous n\u2019avez pas accept\u00e9 les cookies et autres traceurs. Ce contenu est fourni par YouTube.<br \/>Pour pouvoir le visualiser, vous devez accepter l\u2019usage \u00e9tant op\u00e9r\u00e9 par YouTube avec vos donn\u00e9es qui pourront \u00eatre utilis\u00e9es pour les finalit\u00e9s suivantes : vous permettre de visualiser et de partager des contenus avec des m\u00e9dias sociaux, favoriser le d\u00e9veloppement et l\u2019am\u00e9lioration des produits d\u2019Humanoid et de ses partenaires, vous afficher des publicit\u00e9s personnalis\u00e9es par rapport \u00e0 votre profil et activit\u00e9, vous d\u00e9finir un profil publicitaire personnalis\u00e9, mesurer la performance des publicit\u00e9s et du contenu de ce site et mesurer l\u2019audience de ce site <a href=\"#\" class=\"js-privacy\" target=\"_blank\">(en savoir plus)<\/a>        <\/p>\n<p>            En cliquant sur \u00ab J\u2019accepte tout \u00bb, vous consentez aux finalit\u00e9s susmentionn\u00e9es pour l\u2019ensemble des cookies et autres traceurs d\u00e9pos\u00e9s par Humanoid et <a class=\"embed-consent-overlay-vendors-link\" href=\"#preferences-vendeurs\">ses partenaires<\/a>.        <\/p>\n<p>            Vous gardez la possibilit\u00e9 de retirer votre consentement \u00e0 tout moment. Pour plus d\u2019informations, nous vous invitons \u00e0 prendre connaissance de notre <a href=\"https:\/\/www.numerama.com\/politique-cookies\" target=\"_blank\" rel=\"noopener\">Politique cookies<\/a>.        <\/p>\n<p>        J\u2019accepte tout    <\/p>\n<p class=\"embed-consent-overlay-manage-choices\">        <a href=\"#preferences-publicitaires\">G\u00e9rer mes choix<\/a>    <\/p>\n<p>Dark Noctyss et son sabre laser \u00e0 lame de faucille<\/p>\n<p>Une arme \u00e0 larme incurv\u00e9e, unique en son genre, utilis\u00e9e par Dark Noctyss, <a href=\"https:\/\/www.numerama.com\/pop-culture\/1776870-the-acolyte-qui-est-la-silhouette-dans-lombre-de-lepisode-8.html\" target=\"_blank\" rel=\"noopener\">un seigneur Sith<\/a>. Au lieu d\u2019une larme d\u2019\u00e9nergie droite, qui se prolonge dans l\u2019axe de la garde, la pointe se courbe, ce qui lui donne un look de cimeterre.<\/p>\n<p><a href=\"https:\/\/www.numerama.com\/wp-content\/uploads\/2024\/07\/sabre-laser-a-lame-de-faucille.jpg\" target=\"_blank\" rel=\"noopener\"><img decoding=\"async\" width=\"504\" height=\"610\" loading=\"lazy\" alt=\"Source : A Life Immortal\" title=\"Source : A Life Immortal\" class=\"wp-image-1771562 placeholder-default wp-image\" src=\"https:\/\/www.europesays.com\/fr\/wp-content\/uploads\/2025\/05\/sabre-laser-a-lame-de-faucille.jpg\" \/><\/a>Elle a de l\u2019allure. \/\/ Source : A Life Immortal<\/p>\n<p>Ezra Bridger et son hybride sabre laser-blaster<\/p>\n<p>C\u2019est un sabre laser dont la garde a \u00e9t\u00e9 am\u00e9nag\u00e9 pour tirer \u00e9galement des projectiles d\u2019\u00e9nergie, comme un blaster. Le jeune Ezra Bridger a fabriqu\u00e9 cet hybride ; on voit \u00e0 diverses reprises la garde de l\u2019arme disposant d\u2019un canon ainsi que la g\u00e2chette qui permet de faire feu.<\/p>\n<\/p>\n<p>            Ce contenu est bloqu\u00e9 car vous n\u2019avez pas accept\u00e9 les cookies et autres traceurs. Ce contenu est fourni par YouTube.<br \/>Pour pouvoir le visualiser, vous devez accepter l\u2019usage \u00e9tant op\u00e9r\u00e9 par YouTube avec vos donn\u00e9es qui pourront \u00eatre utilis\u00e9es pour les finalit\u00e9s suivantes : vous permettre de visualiser et de partager des contenus avec des m\u00e9dias sociaux, favoriser le d\u00e9veloppement et l\u2019am\u00e9lioration des produits d\u2019Humanoid et de ses partenaires, vous afficher des publicit\u00e9s personnalis\u00e9es par rapport \u00e0 votre profil et activit\u00e9, vous d\u00e9finir un profil publicitaire personnalis\u00e9, mesurer la performance des publicit\u00e9s et du contenu de ce site et mesurer l\u2019audience de ce site <a href=\"#\" class=\"js-privacy\" target=\"_blank\">(en savoir plus)<\/a>        <\/p>\n<p>            En cliquant sur \u00ab J\u2019accepte tout \u00bb, vous consentez aux finalit\u00e9s susmentionn\u00e9es pour l\u2019ensemble des cookies et autres traceurs d\u00e9pos\u00e9s par Humanoid et <a class=\"embed-consent-overlay-vendors-link\" href=\"#preferences-vendeurs\">ses partenaires<\/a>.        <\/p>\n<p>            Vous gardez la possibilit\u00e9 de retirer votre consentement \u00e0 tout moment. Pour plus d\u2019informations, nous vous invitons \u00e0 prendre connaissance de notre <a href=\"https:\/\/www.numerama.com\/politique-cookies\" target=\"_blank\" rel=\"noopener\">Politique cookies<\/a>.        <\/p>\n<p>        J\u2019accepte tout    <\/p>\n<p class=\"embed-consent-overlay-manage-choices\">        <a href=\"#preferences-publicitaires\">G\u00e9rer mes choix<\/a>    <\/p>\n<p>Fusil \u00e0 sabre laser<\/p>\n<p>L\u2019id\u00e9e ici est de combiner un sabre laser classique avec un fusil tirant des d\u00e9charges d\u2019\u00e9nergie. Le fusil dispose d\u2019un emplacement particulier pour que l\u2019on ins\u00e8re le sabre, un peu comme un chargeur, sur la partie sup\u00e9rieure de l\u2019arme. L\u2019image ci-dessous montre le sabre en position horizontale.<\/p>\n<p><a href=\"https:\/\/www.numerama.com\/wp-content\/uploads\/2024\/07\/fusil-sabre-laser.jpg\" target=\"_blank\" rel=\"noopener\"><img decoding=\"async\" width=\"1024\" height=\"338\" loading=\"lazy\" alt=\"Source : Darth Vader (2017) 10\" title=\"Source : Darth Vader (2017) 10\" class=\"wp-image-1771576 placeholder-default wp-image\" src=\"https:\/\/www.europesays.com\/fr\/wp-content\/uploads\/2025\/05\/fusil-sabre-laser-1024x338.jpg\" \/><\/a>C\u2019est pas banal. \/\/ Source : Darth Vader (2017) 10<\/p>\n<p>Vernestra Rwoh et son fouet laser<\/p>\n<p>Pour la premi\u00e8re fois, <a href=\"https:\/\/www.numerama.com\/pop-culture\/1746474-il-y-a-une-arme-vraiment-inattendue-dans-la-serie-star-wars-the-acolyte.html\" target=\"_blank\" rel=\"noopener\">un fouet laser a \u00e9t\u00e9 mis en sc\u00e8ne<\/a> dans <a href=\"https:\/\/www.numerama.com\/pop-culture\/578374-dans-quel-ordre-regarder-star-wars.html\" target=\"_blank\" rel=\"noopener\">Star Wars<\/a>. Plus exactement, c\u2019est la premi\u00e8re fois qu\u2019on voit une telle arme dans une \u0153uvre en prises de vues r\u00e9elles. D\u00e8s la bande-annonce, en mai, on l\u2019avait rep\u00e9r\u00e9. Mais c\u2019est au moment de la sortie de <a href=\"https:\/\/www.numerama.com\/pop-culture\/1173328-ce-que-lon-sait-de-the-acolyte-future-serie-star-wars.html\" target=\"_blank\" rel=\"noopener\">l\u2019\u00e9pisode six de The Acolyte<\/a>, diffus\u00e9 le 3 juillet, qu\u2019on a pu vraiment l\u2019admirer.<\/p>\n<p><a href=\"https:\/\/www.numerama.com\/wp-content\/uploads\/2024\/07\/fouet-laser.jpg\" target=\"_blank\" rel=\"noopener\"><img decoding=\"async\" width=\"1024\" height=\"576\" loading=\"lazy\" alt=\"fouet laser\" title=\"fouet laser\" class=\"wp-image-1771592 placeholder-default wp-image\" src=\"https:\/\/www.europesays.com\/fr\/wp-content\/uploads\/2025\/05\/fouet-laser-1024x576.jpg\" \/><\/a>Le sabre laser le plus styl\u00e9 de la galaxie ? \/\/ Source : Lucasfilm<\/p>\n<p>Le sabre noir de The Mandalorian<\/p>\n<p>On l\u2019a d\u00e9j\u00e0 mentionn\u00e9 pr\u00e9c\u00e9demment, mais l\u2019arme est tellement atypique qu\u2019il serait \u00e9tonnant de ne pas la re-lister ici. Elle est parfois appel\u00e9e le sabre laser mandalorien. Sa particularit\u00e9 est d\u2019avoir une lame noire ceinte d\u2019un halo lumineux.<\/p>\n<p><a href=\"https:\/\/www.numerama.com\/wp-content\/uploads\/2023\/04\/sabre-noir.jpg\" target=\"_blank\" rel=\"noopener\"><img decoding=\"async\" width=\"1024\" height=\"576\" loading=\"lazy\" alt=\"sabre noir\" title=\"sabre noir\" class=\"wp-image-1346302 placeholder-default wp-image\" src=\"https:\/\/www.europesays.com\/fr\/wp-content\/uploads\/2025\/05\/sabre-noir-1024x576.jpg\" \/><\/a>une arme vraiment \u00e0 part. \/\/ Source : Lucasfilm<\/p>\n<p>Parasol en forme de sabre laser<\/p>\n<p>Ce n\u2019est pas une arme officielle, mais elle est tellement \u00e9tonnante qu\u2019il \u00e9tait de bon ton de la mentionner. Elle appara\u00eet dans la s\u00e9rie Visions, qui r\u00e9unit des courts m\u00e9trages ind\u00e9pendants de studios d\u2019animation. Ici, on voit \u00e0 l\u2019\u0153uvre un parasol en forme de sabre laser.<\/p>\n<\/p>\n<p>            Ce contenu est bloqu\u00e9 car vous n\u2019avez pas accept\u00e9 les cookies et autres traceurs. Ce contenu est fourni par YouTube.<br \/>Pour pouvoir le visualiser, vous devez accepter l\u2019usage \u00e9tant op\u00e9r\u00e9 par YouTube avec vos donn\u00e9es qui pourront \u00eatre utilis\u00e9es pour les finalit\u00e9s suivantes : vous permettre de visualiser et de partager des contenus avec des m\u00e9dias sociaux, favoriser le d\u00e9veloppement et l\u2019am\u00e9lioration des produits d\u2019Humanoid et de ses partenaires, vous afficher des publicit\u00e9s personnalis\u00e9es par rapport \u00e0 votre profil et activit\u00e9, vous d\u00e9finir un profil publicitaire personnalis\u00e9, mesurer la performance des publicit\u00e9s et du contenu de ce site et mesurer l\u2019audience de ce site <a href=\"#\" class=\"js-privacy\" target=\"_blank\">(en savoir plus)<\/a>        <\/p>\n<p>            En cliquant sur \u00ab J\u2019accepte tout \u00bb, vous consentez aux finalit\u00e9s susmentionn\u00e9es pour l\u2019ensemble des cookies et autres traceurs d\u00e9pos\u00e9s par Humanoid et <a class=\"embed-consent-overlay-vendors-link\" href=\"#preferences-vendeurs\">ses partenaires<\/a>.        <\/p>\n<p>            Vous gardez la possibilit\u00e9 de retirer votre consentement \u00e0 tout moment. Pour plus d\u2019informations, nous vous invitons \u00e0 prendre connaissance de notre <a href=\"https:\/\/www.numerama.com\/politique-cookies\" target=\"_blank\" rel=\"noopener\">Politique cookies<\/a>.        <\/p>\n<p>        J\u2019accepte tout    <\/p>\n<p class=\"embed-consent-overlay-manage-choices\">        <a href=\"#preferences-publicitaires\">G\u00e9rer mes choix<\/a>    <\/p>\n<p>            <img decoding=\"async\" src=\"https:\/\/www.europesays.com\/fr\/wp-content\/uploads\/2025\/04\/iPhone-16-pro.png\" alt=\"Toute l'actu tech en un clien d'oeil\"\/><\/p>\n<p class=\"card-install-pwa__title\">Toute l&rsquo;actu tech en un clin d&rsquo;\u0153il<\/p>\n<p class=\"card-install-pwa__description\">Ajoutez Numerama \u00e0 votre \u00e9cran d&rsquo;accueil et restez connect\u00e9s au futur !<\/p>\n<p>            <img decoding=\"async\" src=\"https:\/\/www.europesays.com\/fr\/wp-content\/uploads\/2025\/04\/logo-card-pwa-coupe.svg.svg+xml\" alt=\"Logo PWA\"\/><\/p>\n<p>       Installer Numerama<\/p>\n","protected":false},"excerpt":{"rendered":"Il y a eu dans The Acolyte un fouet laser, au look tr\u00e8s \u00e9loign\u00e9 du classique sabre laser.&hellip;\n","protected":false},"author":2,"featured_media":74029,"comment_status":"","ping_status":"","sticky":false,"template":"","format":"standard","meta":{"footnotes":""},"categories":[1354],"tags":[58,59,1346,1011,27,1360,1480,17811],"class_list":{"0":"post-74028","1":"post","2":"type-post","3":"status-publish","4":"format-standard","5":"has-post-thumbnail","7":"category-films","8":"tag-divertissement","9":"tag-entertainment","10":"tag-films","11":"tag-fr","12":"tag-france","13":"tag-movies","14":"tag-star-wars","15":"tag-the-acolyte"},"share_on_mastodon":{"url":"https:\/\/pubeurope.com\/@fr\/114449099400297311","error":""},"_links":{"self":[{"href":"https:\/\/www.europesays.com\/fr\/wp-json\/wp\/v2\/posts\/74028","targetHints":{"allow":["GET"]}}],"collection":[{"href":"https:\/\/www.europesays.com\/fr\/wp-json\/wp\/v2\/posts"}],"about":[{"href":"https:\/\/www.europesays.com\/fr\/wp-json\/wp\/v2\/types\/post"}],"author":[{"embeddable":true,"href":"https:\/\/www.europesays.com\/fr\/wp-json\/wp\/v2\/users\/2"}],"replies":[{"embeddable":true,"href":"https:\/\/www.europesays.com\/fr\/wp-json\/wp\/v2\/comments?post=74028"}],"version-history":[{"count":0,"href":"https:\/\/www.europesays.com\/fr\/wp-json\/wp\/v2\/posts\/74028\/revisions"}],"wp:featuredmedia":[{"embeddable":true,"href":"https:\/\/www.europesays.com\/fr\/wp-json\/wp\/v2\/media\/74029"}],"wp:attachment":[{"href":"https:\/\/www.europesays.com\/fr\/wp-json\/wp\/v2\/media?parent=74028"}],"wp:term":[{"taxonomy":"category","embeddable":true,"href":"https:\/\/www.europesays.com\/fr\/wp-json\/wp\/v2\/categories?post=74028"},{"taxonomy":"post_tag","embeddable":true,"href":"https:\/\/www.europesays.com\/fr\/wp-json\/wp\/v2\/tags?post=74028"}],"curies":[{"name":"wp","href":"https:\/\/api.w.org\/{rel}","templated":true}]}}