{"id":740340,"date":"2026-02-17T09:19:25","date_gmt":"2026-02-17T09:19:25","guid":{"rendered":"https:\/\/www.europesays.com\/fr\/740340\/"},"modified":"2026-02-17T09:19:25","modified_gmt":"2026-02-17T09:19:25","slug":"tout-fait-de-moi-un-breton-le-nouveau-patron-de-suez-xavier-girre-reste-attache-a-ses-racines","status":"publish","type":"post","link":"https:\/\/www.europesays.com\/fr\/740340\/","title":{"rendered":"\u00ab\u00a0Tout fait de moi un Breton\u00a0\u00bb\u00a0: le nouveau patron de Suez Xavier Girre reste attach\u00e9 \u00e0 ses racines"},"content":{"rendered":"<p>Depuis son bureau, dans le quartier d\u2019affaires de la D\u00e9fense, le point de vue sur l\u2019ouest parisien et le Mont Val\u00e9rien est exceptionnel. Mais l\u2019originalit\u00e9 des lieux tient surtout \u00e0 cette vision surr\u00e9aliste de la Tour Eiffel. Parfaitement align\u00e9e avec la tour Montparnasse, juste derri\u00e8re, la Dame de fer semble reposer sur un bloc rectangulaire. L\u2019ensemble est un peu disgracieux mais peut-\u00eatre faut-il y voir d\u2019abord un clin d\u2019\u0153il appuy\u00e9 aux origines du nouveau directeur g\u00e9n\u00e9ral de Suez, nomm\u00e9 en juillet dernier. Car, au pied de la tour, la gare Montparnasse est celle qui ram\u00e8ne Xavier Girre \u00e0 Rennes, sa ville de naissance.<\/p>\n<p>Malgr\u00e9 un parcours qui l\u2019a conduit \u00e0 de hautes fonctions chez Veolia, La Poste ou EDF, et l\u2019a forc\u00e9ment \u00e9loign\u00e9 des quais de la Vilaine, le patron de Suez et de ses 40\u00a0000 salari\u00e9s dans le monde &#8211; dont 25\u00a0000 en France &#8211; est fonci\u00e8rement attach\u00e9 \u00e0 sa terre. Lors d\u2019une vid\u00e9o tourn\u00e9e \u00e0 l\u2019occasion de sa nomination et diffus\u00e9e aupr\u00e8s de l\u2019ensemble des collaborateurs, le quinquag\u00e9naire s\u2019\u00e9tait ainsi d\u2019abord pr\u00e9sent\u00e9 comme tel. \u00ab\u00a0Tout fait de moi un Breton. C\u2019est la r\u00e9gion de mon berceau et de mes tombeaux\u00a0\u00bb, confie le dirigeant, dont la m\u00e8re est native de Pleurtuit et le grand-p\u00e8re paternel de Montfort-sur-Meu, en Ille-et-Vilaine.<\/p>\n<p>HEC, Sciences Po, Ena<\/p>\n<p>Rennes, o\u00f9 il a toujours de la famille, c\u2019est pour lui les souvenirs de parties de tennis au Garden et au Patton, sa scolarit\u00e9 \u00e0 Anne-de-Bretagne et Jean Mac\u00e9, et puis, monument de la gastronomie locale, la galette saucisse achet\u00e9e au march\u00e9 des Lices ou au Roazhon Park, les soirs de match. Agr\u00e9ment\u00e9e de moutarde, forc\u00e9ment. Quant \u00e0 Dinard, c\u2019est son port d\u2019attache, les vacances, la p\u00eache \u00e0 pied. \u00ab\u00a0J\u2019y retourne aussi souvent que possible.\u00a0\u00bb L\u2019une de ses grands-m\u00e8res y tenait avec son mari un garage. Veuve, elle avait mont\u00e9 une boutique de v\u00eatements d\u2019enfants et de femmes enceintes, qu\u2019elle ouvrait encore, le dimanche apr\u00e8s-midi, \u00e0 plus de 80 ans. Un mod\u00e8le. \u00ab\u00a0Dans ma famille, le travail, les \u00e9tudes, l\u2019engagement, le sens des responsabilit\u00e9s ont toujours compt\u00e9.\u00a0\u00bb<\/p>\n<p>Chez les Girre, Xavier a toutefois pris une autre route. Parents universitaires \u00e0 la facult\u00e9 de pharmacie de Rennes, grands-parents pharmaciens rue Hoche &#8211; l\u2019officine Notre-Dame existe toujours -, arri\u00e8re-grand-p\u00e8re exer\u00e7ant le m\u00eame m\u00e9tier, deux s\u0153urs oncologue et dentiste\u00a0: il a baign\u00e9 dans le m\u00e9dical. Mais son truc \u00e0 lui, c\u2019est plut\u00f4t les entreprises, les enjeux politiques et soci\u00e9taux. C\u2019est ce qui l\u2019a conduit \u00e0 rentrer d\u2019abord \u00e0 HEC, puis poursuivre \u00e0 Sciences Po et l\u2019Ena. Avant de d\u00e9marrer sa carri\u00e8re \u00e0 la Cour des comptes, alors pr\u00e9sid\u00e9e par Pierre Joxe. \u00ab\u00a0Dans une logique de m\u00e9ritocratie r\u00e9publicaine \u00e0 laquelle je suis tr\u00e8s attach\u00e9. \u00c7a m\u2019a \u00e9t\u00e9 utile pour toute la vie\u00a0\u00bb, confie-t-il.<\/p>\n<p>Transformer, son \u00ab\u00a0fil rouge\u00a0\u00bb<\/p>\n<p>Transformer les structures par lesquelles il passe, c\u2019est ce qui motive particuli\u00e8rement Xavier Girre. \u00ab\u00a0C\u2019est vraiment un fil rouge.\u00a0\u00bb Chez Suez, il est g\u00e2t\u00e9. l\u2019OPA de Veolia d\u00e9sormais derri\u00e8re lui &#8211; c\u2019\u00e9tait en 2022 &#8211; le groupe actif dans la gestion de l\u2019eau et des d\u00e9chets doit retrouver de l\u2019agilit\u00e9. Depuis son arriv\u00e9e, le Breton a ajust\u00e9 le comit\u00e9 ex\u00e9cutif, r\u00e9duit les silos, les liens hi\u00e9rarchiques. Pas question n\u00e9anmoins d\u2019engager un plan de d\u00e9parts volontaires, assure-t-il. L\u2019entreprise, enti\u00e8rement tourn\u00e9e vers la conqu\u00eate commerciale sous sa direction, devra se transformer au cas par cas. \u00ab\u00a0C\u2019est une d\u00e9marche optimiste, d\u2019ambition, de courage\u00a0\u00bb, indique ce DG qui aime \u00e0 \u00ab\u00a0creuser son sillon\u00a0\u00bb.<\/p>\n<p>En Bretagne, Suez compte 820 salari\u00e9s. \u00ab\u00a0C\u2019est une r\u00e9gion extr\u00eamement importante et pas seulement parce que c\u2019est ma r\u00e9gion de c\u0153ur.\u00a0\u00bb La p\u00e9ninsule compte seulement 32\u00a0% de ses eaux de surface en bon \u00e9tat \u00e9cologique. Elle doit aussi exporter un quart de ses d\u00e9chets dans d\u2019autres r\u00e9gions. Autant de d\u00e9fis \u00e0 relever pour le groupe actif dans la production et la distribution d\u2019eau, l\u2019assainissement ainsi que les d\u00e9chetteries et les centres de valorisation de Brest \u00e0 F\u00e9rel, en passant par Batz, Ploufragan, Taden, Vannes et bien s\u00fbr\u2026 Rennes. Encore et toujours.<\/p>\n","protected":false},"excerpt":{"rendered":"Depuis son bureau, dans le quartier d\u2019affaires de la D\u00e9fense, le point de vue sur l\u2019ouest parisien et&hellip;\n","protected":false},"author":2,"featured_media":740341,"comment_status":"","ping_status":"","sticky":false,"template":"","format":"standard","meta":{"footnotes":"","_share_on_mastodon":"0"},"categories":[2821],"tags":[1111,11,829,4858,33,257,436,1777,674,1011,27,848,12,4853,584,25],"class_list":["post-740340","post","type-post","status-publish","format-standard","has-post-thumbnail","category-rennes","tag-actu","tag-actualites","tag-bretagne","tag-eau","tag-economie","tag-entreprise","tag-environnement","tag-eu","tag-europe","tag-fr","tag-france","tag-ille-et-vilaine","tag-news","tag-portraits","tag-rennes","tag-republique-francaise"],"share_on_mastodon":{"url":"https:\/\/pubeurope.com\/@fr\/116085232210336992","error":""},"_links":{"self":[{"href":"https:\/\/www.europesays.com\/fr\/wp-json\/wp\/v2\/posts\/740340","targetHints":{"allow":["GET"]}}],"collection":[{"href":"https:\/\/www.europesays.com\/fr\/wp-json\/wp\/v2\/posts"}],"about":[{"href":"https:\/\/www.europesays.com\/fr\/wp-json\/wp\/v2\/types\/post"}],"author":[{"embeddable":true,"href":"https:\/\/www.europesays.com\/fr\/wp-json\/wp\/v2\/users\/2"}],"replies":[{"embeddable":true,"href":"https:\/\/www.europesays.com\/fr\/wp-json\/wp\/v2\/comments?post=740340"}],"version-history":[{"count":0,"href":"https:\/\/www.europesays.com\/fr\/wp-json\/wp\/v2\/posts\/740340\/revisions"}],"wp:featuredmedia":[{"embeddable":true,"href":"https:\/\/www.europesays.com\/fr\/wp-json\/wp\/v2\/media\/740341"}],"wp:attachment":[{"href":"https:\/\/www.europesays.com\/fr\/wp-json\/wp\/v2\/media?parent=740340"}],"wp:term":[{"taxonomy":"category","embeddable":true,"href":"https:\/\/www.europesays.com\/fr\/wp-json\/wp\/v2\/categories?post=740340"},{"taxonomy":"post_tag","embeddable":true,"href":"https:\/\/www.europesays.com\/fr\/wp-json\/wp\/v2\/tags?post=740340"}],"curies":[{"name":"wp","href":"https:\/\/api.w.org\/{rel}","templated":true}]}}