{"id":74038,"date":"2025-05-04T10:34:08","date_gmt":"2025-05-04T10:34:08","guid":{"rendered":"https:\/\/www.europesays.com\/fr\/74038\/"},"modified":"2025-05-04T10:34:08","modified_gmt":"2025-05-04T10:34:08","slug":"jusqua-250-euros-de-plus-par-an-la-nouvelle-regulation-de-lelectricite-denoncee-par-ufc-que-choisir","status":"publish","type":"post","link":"https:\/\/www.europesays.com\/fr\/74038\/","title":{"rendered":"Jusqu\u2019\u00e0 250 euros de plus par an : la nouvelle r\u00e9gulation de l\u2019\u00e9lectricit\u00e9 d\u00e9nonc\u00e9e par UFC-Que Choisir"},"content":{"rendered":"<p>\t\t\t\t\t Une r\u00e9forme qui modifie les r\u00e8gles du jeu<\/p>\n<p class=\"\" data-start=\"599\" data-end=\"914\">La nouvelle r\u00e9gulation de l\u2019\u00e9lectricit\u00e9, pr\u00e9vue pour entrer en vigueur en janvier 2026, est directement issue d\u2019une volont\u00e9 europ\u00e9enne de restructurer le march\u00e9 de l\u2019\u00e9nergie. Son objectif affich\u00e9 : renforcer la transparence, garantir l\u2019approvisionnement et soutenir l\u2019investissement dans les \u00e9nergies renouvelables.<\/p>\n<p class=\"\" data-start=\"916\" data-end=\"1362\">Mais cette r\u00e9forme repose sur un principe qui fait bondir les d\u00e9fenseurs des consommateurs : <strong data-start=\"1009\" data-end=\"1124\">les prix ne seront plus encadr\u00e9s par les co\u00fbts de production, mais d\u00e9pendront exclusivement des march\u00e9s de gros<\/strong>, connus pour leur extr\u00eame volatilit\u00e9. En clair, <strong data-start=\"1173\" data-end=\"1261\">la facture des m\u00e9nages pourrait suivre les cours du march\u00e9 europ\u00e9en de l\u2019\u00e9lectricit\u00e9<\/strong>, avec tous les risques que cela comporte en p\u00e9riode de crise \u00e9nerg\u00e9tique ou de tension g\u00e9opolitique.<\/p>\n<p> Une hausse qui pourrait co\u00fbter cher aux m\u00e9nages<\/p>\n<p class=\"\" data-start=\"1417\" data-end=\"1848\">Selon les projections de l\u2019UFC-Que Choisir, la mise en \u0153uvre de cette nouvelle r\u00e9gulation entra\u00eenerait <strong data-start=\"1520\" data-end=\"1577\">une hausse moyenne de 19 % des factures d\u2019\u00e9lectricit\u00e9<\/strong>, soit <strong data-start=\"1584\" data-end=\"1648\">jusqu\u2019\u00e0 250 euros suppl\u00e9mentaires par an pour un foyer moyen<\/strong>. Ce chiffre, bas\u00e9 sur une consommation annuelle classique de 4 500 kWh, refl\u00e8te un sc\u00e9nario dans lequel les prix du march\u00e9 restent \u00e9lev\u00e9s, comme cela a \u00e9t\u00e9 le cas depuis la crise \u00e9nerg\u00e9tique de 2022.<\/p>\n<p class=\"\" data-start=\"1850\" data-end=\"2100\">Les m\u00e9nages chauff\u00e9s \u00e0 l\u2019\u00e9lectricit\u00e9 ou les familles nombreuses pourraient \u00eatre <strong data-start=\"1930\" data-end=\"1964\">encore plus lourdement touch\u00e9s<\/strong>, tandis que <strong data-start=\"1977\" data-end=\"2071\">les dispositifs de protection comme le tarif r\u00e9glement\u00e9 risquent de perdre leur efficacit\u00e9<\/strong> face \u00e0 cette lib\u00e9ralisation.<\/p>\n<p class=\"\" data-start=\"2102\" data-end=\"2152\">Voici un tableau synth\u00e9tique des impacts estim\u00e9s :<\/p>\n<p> Des prix d\u00e9connect\u00e9s de la r\u00e9alit\u00e9 de production<\/p>\n<p class=\"\" data-start=\"2763\" data-end=\"3180\">L\u2019UFC-Que Choisir critique \u00e9galement <strong data-start=\"2800\" data-end=\"2846\">l\u2019absurdit\u00e9 du mod\u00e8le de fixation des prix<\/strong> : en France, plus de 60 % de l\u2019\u00e9lectricit\u00e9 est d\u2019origine nucl\u00e9aire, produite \u00e0 un co\u00fbt relativement stable et bas. Pourtant, le syst\u00e8me europ\u00e9en actuel impose aux \u00c9tats membres d\u2019aligner leurs tarifs sur le prix du MWh \u00e9chang\u00e9 sur le march\u00e9, souvent tir\u00e9 \u00e0 la hausse par les centrales \u00e0 gaz ou \u00e0 charbon utilis\u00e9es dans d\u2019autres pays.<\/p>\n<p class=\"\" data-start=\"3182\" data-end=\"3519\"><strong data-start=\"3182\" data-end=\"3339\">Cette situation cr\u00e9e un paradoxe : la France produit une \u00e9lectricit\u00e9 bon march\u00e9, mais les consommateurs paient comme si elle \u00e9tait produite au prix fort.<\/strong> L\u2019association de consommateurs r\u00e9clame donc une r\u00e9gulation fond\u00e9e non pas sur le march\u00e9 de gros, mais sur les <strong data-start=\"3450\" data-end=\"3489\">co\u00fbts r\u00e9els de production nationale<\/strong>, plus stables et plus justes.<\/p>\n<p>Une alternative : redistribuer les profits d\u2019EDF<\/p>\n<p class=\"\" data-start=\"3575\" data-end=\"3905\">Dans sa derni\u00e8re \u00e9tude, l\u2019UFC-Que Choisir avance une solution alternative : <strong data-start=\"3651\" data-end=\"3760\">r\u00e9orienter une partie des b\u00e9n\u00e9fices d\u2019EDF vers les m\u00e9nages, sous forme de baisse directe sur les factures<\/strong>. L\u2019entreprise, d\u00e9sormais renationalis\u00e9e, a r\u00e9alis\u00e9 des r\u00e9sultats solides en 2023 et 2024, notamment gr\u00e2ce \u00e0 la hausse des prix de l\u2019\u00e9lectricit\u00e9.<\/p>\n<p class=\"\" data-start=\"3907\" data-end=\"4263\"><strong data-start=\"3907\" data-end=\"3981\">L\u2019association propose une taxation renforc\u00e9e des profits exceptionnels<\/strong> r\u00e9alis\u00e9s sur le march\u00e9 de gros, accompagn\u00e9e d\u2019une <strong data-start=\"4032\" data-end=\"4072\">redistribution int\u00e9grale aux usagers<\/strong>, pour compenser les effets de la r\u00e9forme. Elle appelle \u00e9galement \u00e0 <strong data-start=\"4140\" data-end=\"4185\">garantir la p\u00e9rennit\u00e9 du tarif r\u00e9glement\u00e9<\/strong>, qui reste pour des millions de foyers un rep\u00e8re de stabilit\u00e9 et de s\u00e9curit\u00e9.<\/p>\n<p> Une vigilance citoyenne face \u00e0 un tournant \u00e9nerg\u00e9tique<\/p>\n<p class=\"\" data-start=\"4325\" data-end=\"4641\">Alors que la transition \u00e9nerg\u00e9tique est sur toutes les l\u00e8vres, <strong data-start=\"4388\" data-end=\"4484\">l\u2019\u00e9quilibre entre sobri\u00e9t\u00e9, justice sociale et comp\u00e9titivit\u00e9 devient plus fragile que jamais<\/strong>. L\u2019UFC-Que Choisir met en garde contre une r\u00e9forme trop brutale, qui risquerait d\u2019amplifier la pr\u00e9carit\u00e9 \u00e9nerg\u00e9tique d\u00e9j\u00e0 subie par 12 millions de Fran\u00e7ais.<\/p>\n<p class=\"\" data-start=\"4643\" data-end=\"4933\">Le gouvernement, pour l\u2019heure, reste discret sur les modalit\u00e9s concr\u00e8tes de l\u2019application fran\u00e7aise de cette r\u00e9gulation europ\u00e9enne. Mais face aux inqui\u00e9tudes croissantes, <strong data-start=\"4814\" data-end=\"4891\">la pression monte pour que les int\u00e9r\u00eats des consommateurs soient entendus<\/strong> et int\u00e9gr\u00e9s dans les discussions \u00e0 venir.<\/p>\n<p class=\"\" data-start=\"4935\" data-end=\"5080\"><strong data-start=\"4935\" data-end=\"5080\" data-is-last-node=\"\">\u00c0 l\u2019heure o\u00f9 chaque euro compte pour les m\u00e9nages, faire d\u00e9pendre l\u2019\u00e9lectricit\u00e9 d\u2019un march\u00e9 impr\u00e9visible revient \u00e0 faire du quotidien un pari.<\/strong><\/p>\n","protected":false},"excerpt":{"rendered":"Une r\u00e9forme qui modifie les r\u00e8gles du jeu La nouvelle r\u00e9gulation de l\u2019\u00e9lectricit\u00e9, pr\u00e9vue pour entrer en vigueur&hellip;\n","protected":false},"author":2,"featured_media":74039,"comment_status":"","ping_status":"","sticky":false,"template":"","format":"standard","meta":{"footnotes":""},"categories":[6],"tags":[35,33,34,579,1011,27,2141,56,979,4649],"class_list":{"0":"post-74038","1":"post","2":"type-post","3":"status-publish","4":"format-standard","5":"has-post-thumbnail","7":"category-economie","8":"tag-business","9":"tag-economie","10":"tag-economy","11":"tag-electricite","12":"tag-fr","13":"tag-france","14":"tag-prix","15":"tag-push","16":"tag-taxes","17":"tag-ufc-que-choisir"},"share_on_mastodon":{"url":"https:\/\/pubeurope.com\/@fr\/114449119122131636","error":""},"_links":{"self":[{"href":"https:\/\/www.europesays.com\/fr\/wp-json\/wp\/v2\/posts\/74038","targetHints":{"allow":["GET"]}}],"collection":[{"href":"https:\/\/www.europesays.com\/fr\/wp-json\/wp\/v2\/posts"}],"about":[{"href":"https:\/\/www.europesays.com\/fr\/wp-json\/wp\/v2\/types\/post"}],"author":[{"embeddable":true,"href":"https:\/\/www.europesays.com\/fr\/wp-json\/wp\/v2\/users\/2"}],"replies":[{"embeddable":true,"href":"https:\/\/www.europesays.com\/fr\/wp-json\/wp\/v2\/comments?post=74038"}],"version-history":[{"count":0,"href":"https:\/\/www.europesays.com\/fr\/wp-json\/wp\/v2\/posts\/74038\/revisions"}],"wp:featuredmedia":[{"embeddable":true,"href":"https:\/\/www.europesays.com\/fr\/wp-json\/wp\/v2\/media\/74039"}],"wp:attachment":[{"href":"https:\/\/www.europesays.com\/fr\/wp-json\/wp\/v2\/media?parent=74038"}],"wp:term":[{"taxonomy":"category","embeddable":true,"href":"https:\/\/www.europesays.com\/fr\/wp-json\/wp\/v2\/categories?post=74038"},{"taxonomy":"post_tag","embeddable":true,"href":"https:\/\/www.europesays.com\/fr\/wp-json\/wp\/v2\/tags?post=74038"}],"curies":[{"name":"wp","href":"https:\/\/api.w.org\/{rel}","templated":true}]}}