{"id":740409,"date":"2026-02-17T10:02:13","date_gmt":"2026-02-17T10:02:13","guid":{"rendered":"https:\/\/www.europesays.com\/fr\/740409\/"},"modified":"2026-02-17T10:02:13","modified_gmt":"2026-02-17T10:02:13","slug":"un-nouveau-point-de-chute-improbable-soffre-deja-a-roberto-de-zerbi","status":"publish","type":"post","link":"https:\/\/www.europesays.com\/fr\/740409\/","title":{"rendered":"Un nouveau point de chute improbable s\u2019offre d\u00e9j\u00e0 \u00e0 Roberto De Zerbi"},"content":{"rendered":"<p>La chute aura \u00e9t\u00e9 aussi brutale que le contexte \u00e9tait devenu irrespirable pour <a href=\"https:\/\/www.footmercato.net\/entraineur\/roberto-de-zerbi\" rel=\"nofollow noopener\" target=\"_blank\">Roberto De Zerbi<\/a>. Quelques jours apr\u00e8s l\u2019humiliation subie par l\u2019OM face au Paris Saint-Germain (5-0), <a href=\"https:\/\/www.footmercato.net\/a5513859734855847287-roberto-de-zerbi-est-vire-de-lom\" rel=\"nofollow noopener\" target=\"_blank\">le club phoc\u00e9en a officialis\u00e9 en pleine nuit le licenciement de son entra\u00eeneur<\/a>, symbole d\u2019un projet d\u00e9j\u00e0 fissur\u00e9 depuis plusieurs semaines. Entre r\u00e9sultats d\u00e9cevants, \u00e9limination europ\u00e9enne pr\u00e9coce, tensions internes et d\u00e9fiance grandissante des tribunes, la rupture semblait in\u00e9luctable. Les banderoles hostiles d\u00e9ploy\u00e9es au V\u00e9lodrome contre la direction, visant notamment Pablo Longoria et Frank McCourt, ont fini d\u2019illustrer un climat devenu toxique. Le d\u00e9part programm\u00e9 de Giovanni Rossi puis celui, fracassant, de Medhi Benatia ont act\u00e9 la fin d\u2019un cycle pens\u00e9 pour durer, mais emport\u00e9 par la spirale sportive et politique qui a secou\u00e9 la Commanderie.<\/p>\n<p>            La suite apr\u00e8s cette publicit\u00e9<\/p>\n<p>\u00c0 peine libre, le technicien italien a pourtant vu sa cote remonter sur le march\u00e9 des entra\u00eeneurs. Les premi\u00e8res sir\u00e8nes sont venues d\u2019Angleterre, <a href=\"https:\/\/www.footmercato.net\/a6777131715619385760-roberto-de-zerbi-a-deja-trouve-sa-future-destination\" rel=\"nofollow noopener\" target=\"_blank\">o\u00f9 son profil s\u00e9duit toujours pour son football audacieux<\/a>. Tottenham Hotspur s\u2019est renseign\u00e9, mais a finalement choisi la prudence en confiant un int\u00e9rim \u00e0 Igor Tudor. D\u2019autres g\u00e9ants restent attentifs, avec Manchester United qui continue de le suivre depuis plusieurs mois, tandis que Manchester City pourrait se positionner en cas de d\u00e9part de Pep Guardiola. M\u00eame Liverpool surveille la situation alors que l\u2019avenir d\u2019Arne Slot reste incertain. Autant d\u2019indices qui confirment que, malgr\u00e9 son \u00e9chec marseillais, Roberto De Zerbi demeure per\u00e7u outre-Manche comme un technicien capable d\u2019impulser un projet moderne.<\/p>\n<p>            La suite apr\u00e8s cette publicit\u00e9<\/p>\n<p>        La Serie A lui tend les bras<\/p>\n<p>Mais la piste la plus surprenante m\u00e8ne aujourd\u2019hui en <a href=\"https:\/\/www.footmercato.net\/italie\/serie-a\/\" rel=\"nofollow noopener\" target=\"_blank\">Serie A<\/a>. Selon La Repubblica, la <a href=\"https:\/\/www.footmercato.net\/club\/acf-fiorentina\/\" rel=\"nofollow noopener\" target=\"_blank\">Fiorentina<\/a> r\u00e9fl\u00e9chirait s\u00e9rieusement \u00e0 son profil pour incarner un nouveau cycle. L\u2019arriv\u00e9e annonc\u00e9e de Fabio Paratici dans l\u2019organigramme pourrait acc\u00e9l\u00e9rer ce sc\u00e9nario. En effet, le dirigeant italien ferait de De Zerbi sa priorit\u00e9 pour relancer le projet florentin \u00e0 moyen terme. L\u2019id\u00e9e serait de b\u00e2tir une \u00e9quipe identifiable tactiquement, capable d\u2019imposer un style clair, pr\u00e9cis\u00e9ment la marque de fabrique du technicien lombard. Pour l\u2019instant, il ne s\u2019agit que de discussions exploratoires, conditionn\u00e9es notamment au maintien du club, mais elles traduisent l\u2019int\u00e9r\u00eat r\u00e9el que continue de susciter l\u2019ancien coach marseillais en Italie. Pour rappel, la Viola a limog\u00e9 Stefano Pioli \u00e0 la mi-saison, avant de confier les r\u00eanes \u00e0 Paolo Vanoli, avec un succ\u00e8s tout aussi relatif.<\/p>\n<p>Cependant, le quotidien italien \u00e9voque aussi une autre piste en Serie A, celle du Napoli, o\u00f9 l\u2019avenir d\u2019Antonio Conte reste flou. Les dirigeants napolitains \u00e9tudieraient plusieurs profils, dont celui de De Zerbi, mais aussi celui de Vincenzo Italiano, jug\u00e9 plus \u00e9quilibr\u00e9 tactiquement. Dans le m\u00eame temps, la <a href=\"https:\/\/www.footmercato.net\/angleterre\/premier-league\/\" rel=\"nofollow noopener\" target=\"_blank\">Premier League<\/a> n\u2019a pas dit son dernier mot, puisque Chelsea ferait partie des clubs ayant d\u00e9j\u00e0 pris des renseignements ces derniers mois avant de jeter son d\u00e9volu sur Liam Rosenior. Ce paradoxe r\u00e9sume une situation \u00e9trange. Contest\u00e9 pour ses r\u00e9sultats r\u00e9cents, mais toujours admir\u00e9 pour ses id\u00e9es, Roberto De Zerbi reste une valeur recherch\u00e9e sur le march\u00e9. \u00c0 peine parti de Marseille, l\u2019Italien voit d\u00e9j\u00e0 s\u2019ouvrir devant lui plusieurs portes inattendues. Preuve que, dans le football moderne, la r\u00e9putation tactique peut parfois peser plus lourd que les derniers r\u00e9sultats.<\/p>\n<p>\n    Pub. le 16\/02\/2026 17:01<br \/>\n            &#8211; MAJ le 17\/02\/2026 09:16\n    <\/p>\n","protected":false},"excerpt":{"rendered":"La chute aura \u00e9t\u00e9 aussi brutale que le contexte \u00e9tait devenu irrespirable pour Roberto De Zerbi. Quelques jours&hellip;\n","protected":false},"author":2,"featured_media":740410,"comment_status":"","ping_status":"","sticky":false,"template":"","format":"standard","meta":{"footnotes":"","_share_on_mastodon":"0"},"categories":[1410],"tags":[63,1011,27,60],"class_list":["post-740409","post","type-post","status-publish","format-standard","has-post-thumbnail","category-football","tag-football","tag-fr","tag-france","tag-sports"],"share_on_mastodon":{"url":"https:\/\/pubeurope.com\/@fr\/116085400850579744","error":""},"_links":{"self":[{"href":"https:\/\/www.europesays.com\/fr\/wp-json\/wp\/v2\/posts\/740409","targetHints":{"allow":["GET"]}}],"collection":[{"href":"https:\/\/www.europesays.com\/fr\/wp-json\/wp\/v2\/posts"}],"about":[{"href":"https:\/\/www.europesays.com\/fr\/wp-json\/wp\/v2\/types\/post"}],"author":[{"embeddable":true,"href":"https:\/\/www.europesays.com\/fr\/wp-json\/wp\/v2\/users\/2"}],"replies":[{"embeddable":true,"href":"https:\/\/www.europesays.com\/fr\/wp-json\/wp\/v2\/comments?post=740409"}],"version-history":[{"count":0,"href":"https:\/\/www.europesays.com\/fr\/wp-json\/wp\/v2\/posts\/740409\/revisions"}],"wp:featuredmedia":[{"embeddable":true,"href":"https:\/\/www.europesays.com\/fr\/wp-json\/wp\/v2\/media\/740410"}],"wp:attachment":[{"href":"https:\/\/www.europesays.com\/fr\/wp-json\/wp\/v2\/media?parent=740409"}],"wp:term":[{"taxonomy":"category","embeddable":true,"href":"https:\/\/www.europesays.com\/fr\/wp-json\/wp\/v2\/categories?post=740409"},{"taxonomy":"post_tag","embeddable":true,"href":"https:\/\/www.europesays.com\/fr\/wp-json\/wp\/v2\/tags?post=740409"}],"curies":[{"name":"wp","href":"https:\/\/api.w.org\/{rel}","templated":true}]}}