{"id":740428,"date":"2026-02-17T10:13:16","date_gmt":"2026-02-17T10:13:16","guid":{"rendered":"https:\/\/www.europesays.com\/fr\/740428\/"},"modified":"2026-02-17T10:13:16","modified_gmt":"2026-02-17T10:13:16","slug":"apres-la-bombe-trump-le-couteux-chamboule-tout-de-lautomobile-americaine","status":"publish","type":"post","link":"https:\/\/www.europesays.com\/fr\/740428\/","title":{"rendered":"Apr\u00e8s la bombe Trump, le co\u00fbteux chamboule-tout de l\u2019automobile am\u00e9ricaine"},"content":{"rendered":"<p>                     <img loading=\"lazy\" decoding=\"async\" src=\"https:\/\/www.europesays.com\/fr\/wp-content\/uploads\/2026\/02\/6c798dd_ftp-1-tz1llih67dq4-2026-02-09t172651z-1718046944-rc2h0ja7mtmf-rtrmadp-3-usa-ford-trump.JPG\" alt=\"Donald Trump visite un centre de production Ford, \u00e0 Dearborn, dans le Michigan, le 13\u00a0janvier\u00a02026.\"   width=\"664\" height=\"443\"\/>    Donald Trump visite un centre de production Ford, \u00e0 Dearborn, dans le Michigan, le 13\u00a0janvier\u00a02026.  EVELYN HOCKSTEIN\/REUTERS                 <\/p>\n<p class=\"article__paragraph  \">Les chiffres parlent d\u2019eux-m\u00eames. Aux Etats-Unis, la voiture \u00e9lectrique est entr\u00e9e dans un tr\u00e8s, tr\u00e8s long hiver\u2026 Apr\u00e8s plusieurs ann\u00e9es de progression des ventes, tir\u00e9es par Tesla, l\u2019arriv\u00e9e de nouvelles marques comme Rivian, les objectifs ambitieux de r\u00e9duction des \u00e9missions de CO2\u00a0de la Californie ou les aides \u00e0 l\u2019investissement de l\u2019administration Biden, la parenth\u00e8se se referme.<\/p>\n<p class=\"article__paragraph  \">Pour une dur\u00e9e ind\u00e9termin\u00e9e. En arr\u00eatant, le 30\u00a0septembre\u00a02025, les 7\u00a0500\u00a0dollars (environ 6\u00a0300\u00a0euros) de bonus \u00e0 l\u2019achat d\u2019une voiture \u00e9lectrique et en ramenant \u00e0 z\u00e9ro les amendes que devaient acquitter les constructeurs automobiles ne diminuant pas suffisamment leurs \u00e9missions de CO2, le pr\u00e9sident am\u00e9ricain, Donald Trump, a provoqu\u00e9 un s\u00e9isme.<\/p>\n<p class=\"article__paragraph  \">Selon une \u00e9tude publi\u00e9e en mars\u00a02025 par le Repeat Project, un laboratoire sp\u00e9cialis\u00e9 dans l\u2019\u00e9valuation environnementale des politiques publiques, abrit\u00e9 par l\u2019universit\u00e9 de Princeton, les constructeurs avaient lanc\u00e9 des projets pour produire 7\u00a0millions de voitures \u00e9lectriques par an \u00e0 l\u2019horizon 2030. Leur capacit\u00e9 atteint d\u00e9j\u00e0 3,6\u00a0millions. Or, la lev\u00e9e de toutes les contraintes et incitations par l\u2019administration MAGA (\u00ab\u00a0Make America Great Again\u00a0\u00bb) va faire<strong> <\/strong>fondre le march\u00e9, qui se situera, selon Repeat Project, entre 1,8\u00a0million et 4,5\u00a0millions de voitures \u00e9lectriques \u00e0 la fin de la prochaine d\u00e9cennie.<\/p>\n<p class=\"reading-mode-only \"><strong>Il vous reste 87.59% de cet article \u00e0 lire. La suite est r\u00e9serv\u00e9e aux abonn\u00e9s.<\/strong><\/p>\n","protected":false},"excerpt":{"rendered":"Donald Trump visite un centre de production Ford, \u00e0 Dearborn, dans le Michigan, le 13\u00a0janvier\u00a02026. EVELYN HOCKSTEIN\/REUTERS Les&hellip;\n","protected":false},"author":2,"featured_media":740429,"comment_status":"","ping_status":"","sticky":false,"template":"","format":"standard","meta":{"footnotes":"","_share_on_mastodon":"0"},"categories":[6],"tags":[35,33,34,1011,27],"class_list":["post-740428","post","type-post","status-publish","format-standard","has-post-thumbnail","category-economie","tag-business","tag-economie","tag-economy","tag-fr","tag-france"],"share_on_mastodon":{"url":"https:\/\/pubeurope.com\/@fr\/116085444104131287","error":""},"_links":{"self":[{"href":"https:\/\/www.europesays.com\/fr\/wp-json\/wp\/v2\/posts\/740428","targetHints":{"allow":["GET"]}}],"collection":[{"href":"https:\/\/www.europesays.com\/fr\/wp-json\/wp\/v2\/posts"}],"about":[{"href":"https:\/\/www.europesays.com\/fr\/wp-json\/wp\/v2\/types\/post"}],"author":[{"embeddable":true,"href":"https:\/\/www.europesays.com\/fr\/wp-json\/wp\/v2\/users\/2"}],"replies":[{"embeddable":true,"href":"https:\/\/www.europesays.com\/fr\/wp-json\/wp\/v2\/comments?post=740428"}],"version-history":[{"count":0,"href":"https:\/\/www.europesays.com\/fr\/wp-json\/wp\/v2\/posts\/740428\/revisions"}],"wp:featuredmedia":[{"embeddable":true,"href":"https:\/\/www.europesays.com\/fr\/wp-json\/wp\/v2\/media\/740429"}],"wp:attachment":[{"href":"https:\/\/www.europesays.com\/fr\/wp-json\/wp\/v2\/media?parent=740428"}],"wp:term":[{"taxonomy":"category","embeddable":true,"href":"https:\/\/www.europesays.com\/fr\/wp-json\/wp\/v2\/categories?post=740428"},{"taxonomy":"post_tag","embeddable":true,"href":"https:\/\/www.europesays.com\/fr\/wp-json\/wp\/v2\/tags?post=740428"}],"curies":[{"name":"wp","href":"https:\/\/api.w.org\/{rel}","templated":true}]}}