{"id":74046,"date":"2025-05-04T10:39:12","date_gmt":"2025-05-04T10:39:12","guid":{"rendered":"https:\/\/www.europesays.com\/fr\/74046\/"},"modified":"2025-05-04T10:39:12","modified_gmt":"2025-05-04T10:39:12","slug":"a-saint-etienne-du-gres-500-personnes-ont-defile-lors-de-la-4e-u-carnaval","status":"publish","type":"post","link":"https:\/\/www.europesays.com\/fr\/74046\/","title":{"rendered":"\u00c0 Saint-\u00c9tienne-du-Gr\u00e8s, 500 personnes ont d\u00e9fil\u00e9 lors de la 4e u carnaval"},"content":{"rendered":"<p>Plus de 500 personnes ont envahi les rues de <a href=\"https:\/\/www.laprovence.com\/article\/region\/469778683582814\/a-saint-etienne-du-gres-une-douzaine-de-nouvelles-familles-installees-dans-la-commune-salue-sa-qualite-de-vie\" target=\"_blank\" rel=\"nofollow noopener\">Saint-\u00c9tienne-du-Gr\u00e8s,<\/a> avec le traditionnel d\u00e9fil\u00e9 de chars d\u00e9cor\u00e9s sur le th\u00e8me du cirque et de la f\u00eate foraine. Agriculteurs, \u00e9coliers, <a href=\"https:\/\/www.laprovence.com\/article\/region\/1261119074487214\/a-saint-etienne-du-gres-le-montant-global-alloue-aux-associations-maintenu-par-les-elus\" target=\"_blank\" rel=\"nofollow noopener\">associations locales<\/a> et habitants s&rsquo;\u00e9taient mobilis\u00e9s pour cr\u00e9er un cort\u00e8ge haut en couleur, anim\u00e9 par les artistes de la compagnie Soukha et leur \u00ab\u00a0Caravane du cirque\u00a0\u00bb.<\/p>\n<p>Le point culminant de l&rsquo;apr\u00e8s-midi fut le jugement du tristement c\u00e9l\u00e8bre Caramentran, confectionn\u00e9 par les <a href=\"https:\/\/www.laprovence.com\/article\/economie\/17812274526665\/saint-etienne-du-gres-la-foret-pedagogique-un-espace-protege-qui-fait-ecole\" target=\"_blank\" rel=\"nofollow noopener\">enfants du village<\/a>. Comme le veut la tradition, il a \u00e9t\u00e9 br\u00fbl\u00e9 sur la place Pierre-Emmanuel, symbole d&rsquo;un nouveau d\u00e9part d\u00e9barrass\u00e9 des malheurs pass\u00e9s. La f\u00eate s&rsquo;est poursuivie en soir\u00e9e dans une ambiance conviviale autour des food-trucks, des man\u00e8ges et d&rsquo;une animation musicale assur\u00e9e par un DJ.<\/p>\n<p>Les gourmands ont pu savourer des sp\u00e9cialit\u00e9s vari\u00e9es : hamburgers, poutine, cr\u00eapes bretonnes, sp\u00e9cialit\u00e9s mexicaines, arancini italiens, fromages artisanaux et glaces. \u00c0 la nuit tomb\u00e9e, le spectacle de feu de la compagnie Soukha a \u00e9merveill\u00e9 l&rsquo;assistance. Jongleurs, danseuses et manipulateurs de feu ont cl\u00f4tur\u00e9 cette journ\u00e9e.<\/p>\n","protected":false},"excerpt":{"rendered":"Plus de 500 personnes ont envahi les rues de Saint-\u00c9tienne-du-Gr\u00e8s, avec le traditionnel d\u00e9fil\u00e9 de chars d\u00e9cor\u00e9s sur&hellip;\n","protected":false},"author":2,"featured_media":74047,"comment_status":"","ping_status":"","sticky":false,"template":"","format":"standard","meta":{"footnotes":""},"categories":[9653],"tags":[17,14971,1111,11,2430,16694,4660,1777,674,1011,27,7826,12,2537,3744,16,25,4001,15987],"class_list":{"0":"post-74046","1":"post","2":"type-post","3":"status-publish","4":"format-standard","5":"has-post-thumbnail","7":"category-saint-etienne","8":"tag-17","9":"tag-14971","10":"tag-actu","11":"tag-actualites","12":"tag-auvergne-rhone-alpes","13":"tag-defile","14":"tag-edition","15":"tag-eu","16":"tag-europe","17":"tag-fr","18":"tag-france","19":"tag-lors","20":"tag-news","21":"tag-ont","22":"tag-personnes","23":"tag-region","24":"tag-republique-francaise","25":"tag-saint-etienne","26":"tag-saint-etienne-du-gres"},"share_on_mastodon":{"url":"https:\/\/pubeurope.com\/@fr\/114449138566842770","error":""},"_links":{"self":[{"href":"https:\/\/www.europesays.com\/fr\/wp-json\/wp\/v2\/posts\/74046","targetHints":{"allow":["GET"]}}],"collection":[{"href":"https:\/\/www.europesays.com\/fr\/wp-json\/wp\/v2\/posts"}],"about":[{"href":"https:\/\/www.europesays.com\/fr\/wp-json\/wp\/v2\/types\/post"}],"author":[{"embeddable":true,"href":"https:\/\/www.europesays.com\/fr\/wp-json\/wp\/v2\/users\/2"}],"replies":[{"embeddable":true,"href":"https:\/\/www.europesays.com\/fr\/wp-json\/wp\/v2\/comments?post=74046"}],"version-history":[{"count":0,"href":"https:\/\/www.europesays.com\/fr\/wp-json\/wp\/v2\/posts\/74046\/revisions"}],"wp:featuredmedia":[{"embeddable":true,"href":"https:\/\/www.europesays.com\/fr\/wp-json\/wp\/v2\/media\/74047"}],"wp:attachment":[{"href":"https:\/\/www.europesays.com\/fr\/wp-json\/wp\/v2\/media?parent=74046"}],"wp:term":[{"taxonomy":"category","embeddable":true,"href":"https:\/\/www.europesays.com\/fr\/wp-json\/wp\/v2\/categories?post=74046"},{"taxonomy":"post_tag","embeddable":true,"href":"https:\/\/www.europesays.com\/fr\/wp-json\/wp\/v2\/tags?post=74046"}],"curies":[{"name":"wp","href":"https:\/\/api.w.org\/{rel}","templated":true}]}}