{"id":74048,"date":"2025-05-04T10:40:09","date_gmt":"2025-05-04T10:40:09","guid":{"rendered":"https:\/\/www.europesays.com\/fr\/74048\/"},"modified":"2025-05-04T10:40:09","modified_gmt":"2025-05-04T10:40:09","slug":"nancy-le-nancy-sound-city-biergarten-a-la-sauce-locale-aura-lieu-les-10-et-11-mai","status":"publish","type":"post","link":"https:\/\/www.europesays.com\/fr\/74048\/","title":{"rendered":"Nancy. Le Nancy Sound City, biergarten \u00e0 la sauce locale, aura lieu les 10 et 11 mai"},"content":{"rendered":"<p>Apr\u00e8s trois ann\u00e9es successives couronn\u00e9es de succ\u00e8s, la quatri\u00e8me \u00e9dition <a href=\"https:\/\/www.estrepublicain.fr\/culture-loisirs\/2024\/04\/29\/nancy-sound-city-est-de-retour\" target=\"_blank\" rel=\"nofollow noopener\">du Nancy Sound City,<\/a> organis\u00e9e par Kontakt Production, investira \u00e0 nouveau les abords de l\u2019auditorium de la P\u00e9pini\u00e8re les 10 et 11\u00a0mai prochains.<\/p>\n<p>L\u2019esprit de cette grande f\u00eate familiale n\u2019a pas vari\u00e9 d\u2019un iota. \u00ab\u00a0L\u2019id\u00e9e est de continuer \u00e0 rassembler les familles et les amis au sein d\u2019un \u00e9v\u00e8nement gratuit, citadin et populaire, explique Greg, pr\u00e9sident de Kontakt Production. Comme en Allemagne, on y vient pour passer un moment convivial et y retrouver ses habitudes.\u00a0\u00bb<\/p>\n<p>On y vient aussi pour \u00e9couter du bon son, et se laisser entra\u00eener sur la piste de danse, gr\u00e2ce au concours de plusieurs DJ. \u00ab\u00a0Ils vont se relayer tout au long de l\u2018\u00e9v\u00e9nement pour animer la manifestation du d\u00e9but \u00e0 la fin avec une programmation house, disco et electro. La musique est \u00e9videmment tr\u00e8s importante comme en Bavi\u00e8re, m\u00eame si on a un peu modernis\u00e9 le concept.\u00a0\u00bb<\/p>\n<p>  Mix et sports de glisse<\/p>\n<p>Comme de coutume, des jeux, des animations et des ateliers p\u00e9dagogiques sont accessibles gratuitement aux enfants. Ce sera l\u2019occasion de s\u2019initier au mix gr\u00e2ce aux b\u00e9n\u00e9voles <a href=\"https:\/\/www.estrepublicain.fr\/culture-loisirs\/2023\/11\/24\/les-grat-disques-montent-le-son-et-sortent-les-platines\" target=\"_blank\" rel=\"nofollow noopener\">de Grat\u2019disques de Pont-\u00e0-Mousson,<\/a> aux sports de glisse avec l\u2019association SEN, sans oublier la possibilit\u00e9 de tester le dessin num\u00e9rique avec Elisa Larri\u00e8re.<\/p>\n<p>Partenaire de longue date, le collectif La Cagette sera \u00e9galement de la partie. C\u2019est \u00e0 lui que l\u2019on doit notamment l\u2019am\u00e9nagement du biergarten. Incontournables \u00e9galement, les graffeurs de l\u2019ASM Crew assureront l\u2019animation street art.<\/p>\n<p>Enfin, le Nancy Sound City ne serait pas tout \u00e0 fait ce qu\u2019il est sans la d\u00e9gustation de bi\u00e8res locales et r\u00e9gionales, avec possibilit\u00e9 de b\u00e9n\u00e9ficier d\u2019une petite restauration sal\u00e9e et sucr\u00e9e.<\/p>\n<p class=\"note\">Nancy Sound City\u00a0: samedi 10\u00a0mai de 15\u00a0h \u00e0 22\u00a0h et dimanche 11\u00a0mai de 12\u00a0h \u00e0 19\u00a0h. Entr\u00e9e gratuite.<\/p>\n","protected":false},"excerpt":{"rendered":"Apr\u00e8s trois ann\u00e9es successives couronn\u00e9es de succ\u00e8s, la quatri\u00e8me \u00e9dition du Nancy Sound City, organis\u00e9e par Kontakt Production,&hellip;\n","protected":false},"author":2,"featured_media":74049,"comment_status":"","ping_status":"","sticky":false,"template":"","format":"standard","meta":{"footnotes":""},"categories":[9635],"tags":[1111,11,1687,1704,1777,674,3326,1011,27,775,1702,1703,12,25],"class_list":{"0":"post-74048","1":"post","2":"type-post","3":"status-publish","4":"format-standard","5":"has-post-thumbnail","7":"category-nancy","8":"tag-actu","9":"tag-actualites","10":"tag-culture-loisirs","11":"tag-edition-nancy-et-agglomeration","12":"tag-eu","13":"tag-europe","14":"tag-fete-locale","15":"tag-fr","16":"tag-france","17":"tag-grand-est","18":"tag-nancy","19":"tag-nancy-ville-54b","20":"tag-news","21":"tag-republique-francaise"},"share_on_mastodon":{"url":"https:\/\/pubeurope.com\/@fr\/114449142473805597","error":""},"_links":{"self":[{"href":"https:\/\/www.europesays.com\/fr\/wp-json\/wp\/v2\/posts\/74048","targetHints":{"allow":["GET"]}}],"collection":[{"href":"https:\/\/www.europesays.com\/fr\/wp-json\/wp\/v2\/posts"}],"about":[{"href":"https:\/\/www.europesays.com\/fr\/wp-json\/wp\/v2\/types\/post"}],"author":[{"embeddable":true,"href":"https:\/\/www.europesays.com\/fr\/wp-json\/wp\/v2\/users\/2"}],"replies":[{"embeddable":true,"href":"https:\/\/www.europesays.com\/fr\/wp-json\/wp\/v2\/comments?post=74048"}],"version-history":[{"count":0,"href":"https:\/\/www.europesays.com\/fr\/wp-json\/wp\/v2\/posts\/74048\/revisions"}],"wp:featuredmedia":[{"embeddable":true,"href":"https:\/\/www.europesays.com\/fr\/wp-json\/wp\/v2\/media\/74049"}],"wp:attachment":[{"href":"https:\/\/www.europesays.com\/fr\/wp-json\/wp\/v2\/media?parent=74048"}],"wp:term":[{"taxonomy":"category","embeddable":true,"href":"https:\/\/www.europesays.com\/fr\/wp-json\/wp\/v2\/categories?post=74048"},{"taxonomy":"post_tag","embeddable":true,"href":"https:\/\/www.europesays.com\/fr\/wp-json\/wp\/v2\/tags?post=74048"}],"curies":[{"name":"wp","href":"https:\/\/api.w.org\/{rel}","templated":true}]}}