{"id":74057,"date":"2025-05-04T10:45:12","date_gmt":"2025-05-04T10:45:12","guid":{"rendered":"https:\/\/www.europesays.com\/fr\/74057\/"},"modified":"2025-05-04T10:45:12","modified_gmt":"2025-05-04T10:45:12","slug":"direct-brest-montpellier-suivez-le-match-de-la-32e-journee-de-ligue-1","status":"publish","type":"post","link":"https:\/\/www.europesays.com\/fr\/74057\/","title":{"rendered":"DIRECT &#8211; Brest &#8211; Montpellier, suivez le match de la 32e journ\u00e9e de Ligue 1"},"content":{"rendered":"<p>Le 04 mai 2025 \u00e0 12h24, modifi\u00e9 le 04 mai 2025 \u00e0 12h24<\/p>\n<p class=\"tlg-h5\">Ce dimanche (17 h 15), le Stade Brestois re\u00e7oit Montpellier pour le compte de la 32e journ\u00e9e de Ligue 1. Apr\u00e8s une nouvelle d\u00e9faite \u00e0 Marseille (4-1), les hommes d&rsquo;Eric Roy aimeraient renouer avec la victoire au stade Francis-Le Bl\u00e9, face \u00e0 la lanterne rouge du championnat. Suivez le match en direct comment\u00e9.<\/p>\n<p><img fetchpriority=\"high\" decoding=\"async\" src=\"https:\/\/www.europesays.com\/fr\/wp-content\/uploads\/2025\/05\/6810990200594503680675a3.1.jpeg\" width=\"960\" height=\"600\" class=\"web_golden_xl\" loading=\"eager\" alt=\"Football\"\/>Kenny Lala et les Brestois re\u00e7oivent Montpellier. (Photo Nicolas Cr\u00e9ach)<\/p>\n","protected":false},"excerpt":{"rendered":"Le 04 mai 2025 \u00e0 12h24, modifi\u00e9 le 04 mai 2025 \u00e0 12h24 Ce dimanche (17 h 15),&hellip;\n","protected":false},"author":2,"featured_media":74058,"comment_status":"","ping_status":"","sticky":false,"template":"","format":"standard","meta":{"footnotes":""},"categories":[9599],"tags":[1111,11,3450,1777,674,63,1011,27,66,2208,12,2680,25,4449],"class_list":{"0":"post-74057","1":"post","2":"type-post","3":"status-publish","4":"format-standard","5":"has-post-thumbnail","7":"category-montpellier","8":"tag-actu","9":"tag-actualites","10":"tag-brest","11":"tag-eu","12":"tag-europe","13":"tag-football","14":"tag-fr","15":"tag-france","16":"tag-ligue-1","17":"tag-montpellier","18":"tag-news","19":"tag-occitanie","20":"tag-republique-francaise","21":"tag-stade-brestois"},"share_on_mastodon":{"url":"https:\/\/pubeurope.com\/@fr\/114449162122222479","error":""},"_links":{"self":[{"href":"https:\/\/www.europesays.com\/fr\/wp-json\/wp\/v2\/posts\/74057","targetHints":{"allow":["GET"]}}],"collection":[{"href":"https:\/\/www.europesays.com\/fr\/wp-json\/wp\/v2\/posts"}],"about":[{"href":"https:\/\/www.europesays.com\/fr\/wp-json\/wp\/v2\/types\/post"}],"author":[{"embeddable":true,"href":"https:\/\/www.europesays.com\/fr\/wp-json\/wp\/v2\/users\/2"}],"replies":[{"embeddable":true,"href":"https:\/\/www.europesays.com\/fr\/wp-json\/wp\/v2\/comments?post=74057"}],"version-history":[{"count":0,"href":"https:\/\/www.europesays.com\/fr\/wp-json\/wp\/v2\/posts\/74057\/revisions"}],"wp:featuredmedia":[{"embeddable":true,"href":"https:\/\/www.europesays.com\/fr\/wp-json\/wp\/v2\/media\/74058"}],"wp:attachment":[{"href":"https:\/\/www.europesays.com\/fr\/wp-json\/wp\/v2\/media?parent=74057"}],"wp:term":[{"taxonomy":"category","embeddable":true,"href":"https:\/\/www.europesays.com\/fr\/wp-json\/wp\/v2\/categories?post=74057"},{"taxonomy":"post_tag","embeddable":true,"href":"https:\/\/www.europesays.com\/fr\/wp-json\/wp\/v2\/tags?post=74057"}],"curies":[{"name":"wp","href":"https:\/\/api.w.org\/{rel}","templated":true}]}}