{"id":740607,"date":"2026-02-17T12:01:28","date_gmt":"2026-02-17T12:01:28","guid":{"rendered":"https:\/\/www.europesays.com\/fr\/740607\/"},"modified":"2026-02-17T12:01:28","modified_gmt":"2026-02-17T12:01:28","slug":"3-echappees-nature-express-sans-quitter-paris","status":"publish","type":"post","link":"https:\/\/www.europesays.com\/fr\/740607\/","title":{"rendered":"3 \u00e9chapp\u00e9es nature express\u2026 sans quitter Paris"},"content":{"rendered":"<p>\n  Bonne nouvelle\u00a0: pas besoin de r\u00e9server un week-end au vert pour s\u2019\u00e9vader. Aux portes de la capitale, voici 3\u00a0balades qui proposent une addition comme on les aime\u00a0: grand air, lumi\u00e8re froide et \u00e9nergie retrouv\u00e9e\u00a0!\n<\/p>\n<p>\n    Helloways, le pro des randos franciliennes\n  <\/p>\n<p>    Toutes ces randonn\u00e9es ont \u00e9t\u00e9 imagin\u00e9es par <a href=\"https:\/\/www.helloways.com\/\" rel=\"nofollow noopener\" target=\"_blank\">Helloways<\/a>. D\u2019ailleurs, si vous aimez marcher \u00e0 plusieurs, le groupe Facebook <a href=\"https:\/\/www.facebook.com\/groups\/randonnees.paris\/\" rel=\"nofollow noopener\" target=\"_blank\">Rando &amp; Co \u00cele-de-France<\/a> propose de trouver des partenaires de balades.<\/p>\n<p>  Une \u00e9vasion au parc Montsouris<\/p>\n<p>  Boucle de 5,2\u00a0km\u00a0; 1\u00a0h 30 de marche<\/p>\n<p>  \u261b <strong>D\u00e9part<\/strong><strong>\u00a0:<\/strong> RER B, arr\u00eat \u00ab\u00a0Cit\u00e9 universitaire\u00a0\u00bb, ou ligne 6, m\u00e9tro \u00ab\u00a0Glaci\u00e8re\u00a0\u00bb<\/p>\n<p><strong>Pour qui\u00a0?<\/strong> Celles et ceux qui veulent marcher en prenant le temps de fl\u00e2ner.\n<\/p>\n<p>\n  Entre les grandes pelouses du parc<br \/>\nMontsouris (14e) et les all\u00e9es bord\u00e9es d\u2019arbres nus, on marche<br \/>\nici sans stresser. On traverse la rue, et hop, nous voil\u00e0 dans la Cit\u00e9 U, o\u00f9<br \/>\nchaque pavillon raconte un pays diff\u00e9rent. On passe ainsi d\u2019une architecture<br \/>\nscandinave \u00e0 une fa\u00e7ade japonaise, pour un d\u00e9paysement garanti chaque minute.<br \/>\nLe parcours propose juste ce qu\u2019il faut de relief pour r\u00e9veiller doucement les<br \/>\njambes.\n<\/p>\n<p>        <a data-lightbox=\"gallery-block-2517749692149\" data-title=\"Dans le parc Montsouris (14e). - Cr\u00e9dit photo : Guillaume Bontemps \/ Ville de Paris\" href=\"https:\/\/www.europesays.com\/fr\/wp-content\/uploads\/2026\/02\/original-5e480c64ac8824ffb24ff89d15d52571.jpg\"><br \/>\n          <img decoding=\"async\" alt=\"H\u00eatre riversii au parc Montsouris.\" loading=\"lazy\" src=\"https:\/\/www.europesays.com\/fr\/wp-content\/uploads\/2026\/02\/original-5e480c64ac8824ffb24ff89d15d52571.jpg\"\/><br \/>\n<\/a>    <\/p>\n<p>  Au bord de l\u2019eau pr\u00e8s de l\u2019\u00eele Saint-Germain \n<\/p>\n<p>  Boucle de 4,5\u00a0km\u00a0; 1\u00a0h 30 de marche<\/p>\n<p>\n  \u261b <strong>D\u00e9part\u00a0:<\/strong> RER C, arr\u00eat \u00ab\u00a0Issy-Val de Seine\u00a0\u00bb <br \/><strong><br \/>Pour qui\u00a0?<\/strong> Celles et ceux qui r\u00eavent de d\u00e9paysement.\n<\/p>\n<p>\n  Cette petite \u00eele en bord de Seine, \u00e0<br \/>\nIssy-les-Moulineaux (Hauts-de-Seine), est une vraie bouff\u00e9e d\u2019air \u00e0 quelques<br \/>\nminutes de Paris. On passe devant des maisons d\u2019architectes, on se prend en<br \/>\nphoto dans le jardin des d\u00e9couvertes, on admire le \u00ab\u00a0bateau \u00e9chou\u00e9\u00a0\u00bb<br \/>\nde Jean Nouvel et on rep\u00e8re de jolis espaces o\u00f9 pique-niquer, avec les rires<br \/>\nd\u2019enfants et les aboiements des chiens en guise de fond sonore. En hiver, la<br \/>\nlumi\u00e8re qui filtre \u00e0 travers les arbres donne au paysage une atmosph\u00e8re presque<br \/>\nm\u00e9ditative, id\u00e9ale pour respirer profond\u00e9ment, ralentir le rythme et savourer<br \/>\nla pause.\n<\/p>\n<p>        <a data-lightbox=\"gallery-block-2518134738307\" data-title=\"L\u2019\u00eele Saint-Germain, \u00e0 Issy-les-Moulineaux (Hauts-de-Seine). - Cr\u00e9dit photo : Helloways\" href=\"https:\/\/www.europesays.com\/fr\/wp-content\/uploads\/2026\/02\/original-4589b68b31f7bb0e8c73a52777b743ad.jpg\"><br \/>\n          <img decoding=\"async\" alt=\"Une p\u00e9niche sur L'\u00cele Saint Germain Issy les Moulineaux\" loading=\"lazy\" src=\"https:\/\/www.europesays.com\/fr\/wp-content\/uploads\/2026\/02\/original-4589b68b31f7bb0e8c73a52777b743ad.jpg\"\/><br \/>\n<\/a>    <\/p>\n<p>  Face aux grands panoramas de Suresnes<\/p>\n<p>  Boucle de 7,3\u00a0km\u00a0; 1\u00a0h 45 de marche<\/p>\n<p>\n  \u261b <strong>D\u00e9part\u00a0:<\/strong> Transilien ligne L ou Tramway T2, arr\u00eat \u00ab\u00a0Suresnes-Longchamp\u00a0\u00bb <br \/><strong><br \/>Pour qui\u00a0?<\/strong> Celles et ceux qui veulent se lancer, mais dans une petite randonn\u00e9e.\n<\/p>\n<p>\n  \u00c0 Suresnes (Hauts-de-Seine), on<br \/>\nprend un peu de hauteur avec le Mont-Val\u00e9rien. Ce lieu de m\u00e9moire<br \/>\nimpressionnant, qui culmine \u00e0 162 m\u00e8tres, accueille une croix de Lorraine et<br \/>\nune flamme \u00e9ternelle. On arpentera aussi le parc du ch\u00e2teau, les bords de Seine<br \/>\net le village anglais, avec, en prime, quelques panoramas qui donnent le<br \/>\nsentiment d\u2019avoir voyag\u00e9. On pr\u00e9f\u00e8re tout de m\u00eame vous pr\u00e9venir\u00a0: si la<br \/>\nbalade n\u2019est pas exigeante, elle a le m\u00e9rite d\u2019\u00e9veiller le corps et<br \/>\nl\u2019esprit\u00a0!\n<\/p>\n<p>        <a data-lightbox=\"gallery-block-2519622024738\" data-title=\"Dans les recoins de Suresnes (Hauts-de-Seine). - Cr\u00e9dit photo : Helloways\" href=\"https:\/\/www.europesays.com\/fr\/wp-content\/uploads\/2026\/02\/original-201bed49d0eb95e06998fd986b824de4.jpg\"><br \/>\n          <img decoding=\"async\" alt=\"Suresnes- Mont Val\u00e9rien\" loading=\"lazy\" src=\"https:\/\/www.europesays.com\/fr\/wp-content\/uploads\/2026\/02\/original-201bed49d0eb95e06998fd986b824de4.jpg\"\/><br \/>\n<\/a>    <\/p>\n<p>        Envie d\u2019encore plus de randos et de balades\u00a0? Abonnez-vous \u00e0 la newsletter Nature\u00a0!<\/p>\n<p>\n      Default Confirmation Text<br \/>\n      <br \/>Settings Text Html\n    <\/p>\n","protected":false},"excerpt":{"rendered":"Bonne nouvelle\u00a0: pas besoin de r\u00e9server un week-end au vert pour s\u2019\u00e9vader. Aux portes de la capitale, voici&hellip;\n","protected":false},"author":2,"featured_media":740608,"comment_status":"","ping_status":"","sticky":false,"template":"","format":"standard","meta":{"footnotes":"","_share_on_mastodon":"0"},"categories":[1888],"tags":[1111,1928,11,1927,1777,674,1011,27,12,1926,626,1925,25],"class_list":["post-740607","post","type-post","status-publish","format-standard","has-post-thumbnail","category-paris","tag-actu","tag-actu-paris","tag-actualites","tag-actualites-paris","tag-eu","tag-europe","tag-fr","tag-france","tag-news","tag-news-paris","tag-paris","tag-paris-news","tag-republique-francaise"],"share_on_mastodon":{"url":"https:\/\/pubeurope.com\/@fr\/116085869043278343","error":""},"_links":{"self":[{"href":"https:\/\/www.europesays.com\/fr\/wp-json\/wp\/v2\/posts\/740607","targetHints":{"allow":["GET"]}}],"collection":[{"href":"https:\/\/www.europesays.com\/fr\/wp-json\/wp\/v2\/posts"}],"about":[{"href":"https:\/\/www.europesays.com\/fr\/wp-json\/wp\/v2\/types\/post"}],"author":[{"embeddable":true,"href":"https:\/\/www.europesays.com\/fr\/wp-json\/wp\/v2\/users\/2"}],"replies":[{"embeddable":true,"href":"https:\/\/www.europesays.com\/fr\/wp-json\/wp\/v2\/comments?post=740607"}],"version-history":[{"count":0,"href":"https:\/\/www.europesays.com\/fr\/wp-json\/wp\/v2\/posts\/740607\/revisions"}],"wp:featuredmedia":[{"embeddable":true,"href":"https:\/\/www.europesays.com\/fr\/wp-json\/wp\/v2\/media\/740608"}],"wp:attachment":[{"href":"https:\/\/www.europesays.com\/fr\/wp-json\/wp\/v2\/media?parent=740607"}],"wp:term":[{"taxonomy":"category","embeddable":true,"href":"https:\/\/www.europesays.com\/fr\/wp-json\/wp\/v2\/categories?post=740607"},{"taxonomy":"post_tag","embeddable":true,"href":"https:\/\/www.europesays.com\/fr\/wp-json\/wp\/v2\/tags?post=740607"}],"curies":[{"name":"wp","href":"https:\/\/api.w.org\/{rel}","templated":true}]}}