{"id":740609,"date":"2026-02-17T12:02:14","date_gmt":"2026-02-17T12:02:14","guid":{"rendered":"https:\/\/www.europesays.com\/fr\/740609\/"},"modified":"2026-02-17T12:02:14","modified_gmt":"2026-02-17T12:02:14","slug":"anne-claire-legendre-diplomate-experte-du-monde-arabe-a-la-tete-de-lima-a-paris","status":"publish","type":"post","link":"https:\/\/www.europesays.com\/fr\/740609\/","title":{"rendered":"Anne-Claire Legendre, diplomate experte du monde arabe, \u00e0 la t\u00eate de l\u2019IMA \u00e0 Paris"},"content":{"rendered":"<p>PARIS:\u00a0Le gouvernement a d\u00e9voil\u00e9 jeudi la nouvelle et tr\u00e8s strat\u00e9gique politique \u00e9nerg\u00e9tique, qui entend r\u00e9pondre d&rsquo;ici \u00e0 2035 aux enjeux de souverainet\u00e9 et de d\u00e9carbonation de la France, suscitant soulagement chez les uns apr\u00e8s des ann\u00e9es d&rsquo;attente mais d\u00e9ception voire col\u00e8re chez d&rsquo;autres.<\/p>\n<p>Dans cette troisi\u00e8me Programmation pluriannuelle de l&rsquo;\u00e9nergie (PPE), sujet d&rsquo;intenses d\u00e9bats depuis trois ans, le gouvernement met l&rsquo;accent sur la relance de la consommation d&rsquo;une \u00e9lectricit\u00e9 d\u00e9carbon\u00e9e notamment d&rsquo;origine nucl\u00e9aire, en remplacement des \u00e9nergies fossiles ch\u00e8res \u00e0 importer.<\/p>\n<p>Dans le m\u00eame temps, il acte un moindre d\u00e9ploiement de l&rsquo;\u00e9olien terrestre et du solaire, arguant d&rsquo;une stagnation de la consommation d&rsquo;\u00e9lectricit\u00e9.<\/p>\n<p>\u00ab\u00a0Il n&rsquo;y a pas de sch\u00e9ma dans lequel on peut \u00eatre d\u00e9pendant\u00a0\u00bb, a d\u00e9clar\u00e9 S\u00e9bastien Lecornu lors d&rsquo;un d\u00e9placement sur les barrages hydro\u00e9lectriques de Saut-Mortier et de Vouglans, dans le Jura, pour pr\u00e9senter les annonces.<\/p>\n<p>Ne pas d\u00e9cider \u00ab\u00a0devenait fondamentalement dangereux pour notre souverainet\u00e9, pour notre capacit\u00e9 \u00e0 produire\u00a0\u00bb, a-t-il dit.<\/p>\n<p>Maintes fois retard\u00e9e, la publication de la strat\u00e9gie pour 2026-2035 est \u00ab\u00a0essentiel(le) pour donner de la stabilit\u00e9 et de la visibilit\u00e9 aux entreprises, s\u00e9curiser les investissements\u00a0\u00bb, et pour la \u00ab\u00a0comp\u00e9titivit\u00e9\u00a0\u00bb, a comment\u00e9 le Medef.<\/p>\n<p><strong>&#8211; Moins de carbone &#8211;<\/strong><\/p>\n<p>Cette feuille de route, qui doit \u00eatre publi\u00e9e vendredi au Journal officiel, d\u00e9taille la part de chaque fili\u00e8re dans la production d&rsquo;\u00e9nergie: combien pour le nucl\u00e9aire, l&rsquo;\u00e9olien, le solaire, l&rsquo;hydraulique&#8230;<\/p>\n<p>\u00ab\u00a0La PPE3 fixe un cap clair: accro\u00eetre la production \u00e9nerg\u00e9tique d\u00e9carbon\u00e9e notamment \u00e9lectrique et r\u00e9duire la consommation d&rsquo;\u00e9nergies fossiles\u00a0\u00bb, indique le document de pr\u00e9sentation.<\/p>\n<p>Le gouvernement vise une production \u00e9lectrique d\u00e9carbon\u00e9e en 2035 \u00ab\u00a0en lien \u00e9troit avec la croissance de l&rsquo;\u00e9lectrification des usages\u00a0\u00bb, c&rsquo;est-\u00e0-dire la bascule de secteurs d\u00e9pendants des \u00e9nergies fossiles (gaz, p\u00e9trole) vers l&rsquo;\u00e9lectricit\u00e9: les transports avec les voitures \u00e9lectriques, le b\u00e2timent avec les pompes \u00e0 chaleur ou l&rsquo;industrie avec des fours \u00e9lectriques.<\/p>\n<p>\u00ab\u00a0En 2023, nous consommions pr\u00e8s de 60% d&rsquo;\u00e9nergie finale fossile. Notre objectif est de n&rsquo;en consommer plus que 40% en 2030\u00a0\u00bb, souligne le document.<\/p>\n<p>La PPE3 acte ainsi une relance massive du nucl\u00e9aire,\u00e9nergie d\u00e9carbon\u00e9e mais complexe \u00e0 mettre en oeuvre, en rupture avec la pr\u00e9c\u00e9dente PPE (2019-2024) qui pr\u00e9voyait de fermer 14 r\u00e9acteurs: avec \u00ab\u00a0une optimisation\u00a0\u00bb du parc existant et la construction de six nouveaux r\u00e9acteurs, et huit en option.<\/p>\n<p>La production nucl\u00e9aire, d\u00e9j\u00e0 majoritaire en France, devrait atteindre 380 \u00e0 420 terawattheure (TWh) en 2030, contre 320 en 2023.<\/p>\n<p>Elle mise aussi sur une acc\u00e9l\u00e9ration de l&rsquo;\u00e9olien en mer mais avec un l\u00e9ger d\u00e9calage dans le temps des objectifs, actant les retards constat\u00e9s dans les projets.<\/p>\n<p>En revanche, l&rsquo;\u00e9olien terrestre et le solaire subissent la stagnation de la demande d&rsquo;\u00e9lectricit\u00e9, avec des objectifs en baisse par rapport \u00e0 ce que pr\u00e9voyait la version de la PPE soumise \u00e0 la consultation du public en mars.<\/p>\n<p><strong>&#8211; \u00ab\u00a0Mythe du nucl\u00e9aire\u00a0\u00bb &#8211;<\/strong><\/p>\n<p>Le plan gouvernemental est align\u00e9 sur l&rsquo;un des sc\u00e9narios les plus favorables \u00e9tablis en d\u00e9cembre par RTE, gestionnaire du r\u00e9seau d&rsquo;\u00e9lectricit\u00e9 \u00e0 haute tension, qui a revu \u00e0 la baisse ses pr\u00e9visions de consommation \u00e9lectrique en France \u00e0 2030.<\/p>\n<p>Greenpeace a d\u00e9nonc\u00e9 \u00ab\u00a0une PPE m\u00e9diocre\u00a0\u00bb, faisant croire \u00ab\u00a0au mythe du nucl\u00e9aire +quoi qu\u2019il en co\u00fbte+\u00a0\u00bb, tandis que Le R\u00e9seau action climat dit attendre les \u00ab\u00a0mesures concr\u00e8tes\u00a0\u00bb du gouvernement concernant son plan d&rsquo;\u00e9lectrification promis en mai.<\/p>\n<p>Jules Nyssen, pr\u00e9sident du Syndicat des \u00e9nergies renouvelables (SER), a dit esp\u00e9rer, avec cette publication, la fin des querelles entre partisans du tout-nucl\u00e9aire et ceux souhaitant faire la part belle aux renouvelables, comme l&rsquo;\u00e9olien et le solaire.<\/p>\n<p>Le patron de LR, Bruno Retailleau, et la cheffe de file des d\u00e9put\u00e9s RN, Marine Le Pen, avaient demand\u00e9 au gouvernement de renoncer \u00e0 le publier.<\/p>\n<p>D\u00e9non\u00e7ant \u00ab\u00a0un passage en force\u00a0\u00bb sur cette programmation jug\u00e9e trop favorable aux renouvelables et \u00ab\u00a0ruineuse\u00a0\u00bb, Marine Le Pen a menac\u00e9 de d\u00e9poser une motion de censure et promet un recours devant le Conseil d\u2019\u00c9tat.<\/p>\n<p>A gauche, Marine Tondelier (Les Ecologistes) a dit son \u00ab\u00a0soulagement\u00a0\u00bb qu&rsquo;il n&rsquo;y ait pas de moratoire sur les renouvelables.<\/p>\n<p>\u00ab\u00a0Pour la premi\u00e8re fois, nos int\u00e9r\u00eats climatiques correspondent \u00e0 nos int\u00e9r\u00eats g\u00e9opolitiques\u00a0\u00bb, assure S\u00e9bastien Lecornu en rappelant que des oppositions avaient aussi mal accueilli le plan Messmer lan\u00e7ant le programme nucl\u00e9aire fran\u00e7ais dans les ann\u00e9es 1970, au sortir du choc p\u00e9trolier.<\/p>\n<p>Il a jug\u00e9 \u00ab\u00a0facile\u00a0\u00bb d&rsquo;opposer renouvelables et nucl\u00e9aire et soulign\u00e9 que toutes les \u00e9nergies \u00ab\u00a0co\u00fbtent de l&rsquo;argent\u00a0\u00bb, alors que le prix de l&rsquo;\u00e9lectricit\u00e9 est devenu un sujet inflammable.<\/p>\n<p>Une clause de revoyure est pr\u00e9vue en 2027, ann\u00e9e de l&rsquo;\u00e9lection pr\u00e9sidentielle.<\/p>\n","protected":false},"excerpt":{"rendered":"PARIS:\u00a0Le gouvernement a d\u00e9voil\u00e9 jeudi la nouvelle et tr\u00e8s strat\u00e9gique politique \u00e9nerg\u00e9tique, qui entend r\u00e9pondre d&rsquo;ici \u00e0 2035&hellip;\n","protected":false},"author":2,"featured_media":740610,"comment_status":"","ping_status":"","sticky":false,"template":"","format":"standard","meta":{"footnotes":"","_share_on_mastodon":"0"},"categories":[1888],"tags":[1111,1928,11,1927,1777,674,1011,27,12,1926,626,1925,25],"class_list":["post-740609","post","type-post","status-publish","format-standard","has-post-thumbnail","category-paris","tag-actu","tag-actu-paris","tag-actualites","tag-actualites-paris","tag-eu","tag-europe","tag-fr","tag-france","tag-news","tag-news-paris","tag-paris","tag-paris-news","tag-republique-francaise"],"share_on_mastodon":{"url":"https:\/\/pubeurope.com\/@fr\/116085872830274386","error":""},"_links":{"self":[{"href":"https:\/\/www.europesays.com\/fr\/wp-json\/wp\/v2\/posts\/740609","targetHints":{"allow":["GET"]}}],"collection":[{"href":"https:\/\/www.europesays.com\/fr\/wp-json\/wp\/v2\/posts"}],"about":[{"href":"https:\/\/www.europesays.com\/fr\/wp-json\/wp\/v2\/types\/post"}],"author":[{"embeddable":true,"href":"https:\/\/www.europesays.com\/fr\/wp-json\/wp\/v2\/users\/2"}],"replies":[{"embeddable":true,"href":"https:\/\/www.europesays.com\/fr\/wp-json\/wp\/v2\/comments?post=740609"}],"version-history":[{"count":0,"href":"https:\/\/www.europesays.com\/fr\/wp-json\/wp\/v2\/posts\/740609\/revisions"}],"wp:featuredmedia":[{"embeddable":true,"href":"https:\/\/www.europesays.com\/fr\/wp-json\/wp\/v2\/media\/740610"}],"wp:attachment":[{"href":"https:\/\/www.europesays.com\/fr\/wp-json\/wp\/v2\/media?parent=740609"}],"wp:term":[{"taxonomy":"category","embeddable":true,"href":"https:\/\/www.europesays.com\/fr\/wp-json\/wp\/v2\/categories?post=740609"},{"taxonomy":"post_tag","embeddable":true,"href":"https:\/\/www.europesays.com\/fr\/wp-json\/wp\/v2\/tags?post=740609"}],"curies":[{"name":"wp","href":"https:\/\/api.w.org\/{rel}","templated":true}]}}