{"id":74061,"date":"2025-05-04T10:50:09","date_gmt":"2025-05-04T10:50:09","guid":{"rendered":"https:\/\/www.europesays.com\/fr\/74061\/"},"modified":"2025-05-04T10:50:09","modified_gmt":"2025-05-04T10:50:09","slug":"a-rennes-cinq-rendez-vous-culture-a-ne-pas-manquer-en-mai","status":"publish","type":"post","link":"https:\/\/www.europesays.com\/fr\/74061\/","title":{"rendered":"\u00c0 Rennes, cinq rendez-vous culture \u00e0 ne pas manquer en mai"},"content":{"rendered":"<p>1 Concert<\/p>\n<p>N\u00e9 en 2021, le duo limougeaud Do not do allie rock, \u00e9lectro et synthwave. L\u2019ann\u00e9e derni\u00e8re, on a pu entendre leur reprise en fran\u00e7ais de la chanson Heart of Glass (Blondie, 1978) dans la s\u00e9rie Netflix \u00ab Emily in Paris \u00bb. Un groove \u00e9lectris\u00e9 \u00e0 retrouver sur la sc\u00e8ne principale de Rock\u2019n\u2019Solex.<\/p>\n<p>Samedi 10 mai.<\/p>\n<p><a class=\"tlg-kiosque tlg-kiosque-rennes gtm-kiosque-rennes\" href=\"https:\/\/www.lemensuel.com\/rennes\" target=\"_blank\" rel=\"nofollow noopener\"><img decoding=\"async\" src=\"https:\/\/www.europesays.com\/fr\/wp-content\/uploads\/2025\/05\/MDR_une_complete.png\" alt=\"Couverture Mensuel Rennes\"\/><\/p>\n<p>Le Mensuel de Rennes<\/p>\n<p>Magazine curieux et (im)pertinent !<\/p>\n<p>D\u00e9couvrez<\/a>2 Exposition<\/p>\n<p>Vous aimez Le Grand huit et ses man\u00e8ges r\u00e9tro ? Alors vous aimerez sans doute l\u2018\u00a0exposition Faites la f\u00eate ! Voyage au c\u0153ur des arts forains, \u00e0 la Maison des associations. Consacr\u00e9e \u00e0 la culture foraine, inscrite au patrimoine mondial immat\u00e9riel de l\u2019Unesco 2024, elle propose notamment des objets issus de l\u2019incroyable collection de la famille Masclet ainsi que des documents d\u2019\u00e9poque qui r\u00e9v\u00e8lent les codes et l\u2019organisation des familles de forains.<\/p>\n<p>Jusqu\u2019au samedi 5 juillet.<\/p>\n<p>3 Concert<\/p>\n<p>Le <a href=\"https:\/\/www.made-festival.fr\" target=\"_blank\" rel=\"nofollow noopener\">Made Festival<\/a>, grand rassemblement des musiques \u00e9lectroniques \u00e0 Rennes, revient du 22 au 25 mai pour sa 8e \u00e9dition, avec une magnifique affiche sign\u00e9e Arnaud Laly. Le 24, la DJ Ros\u00e9 bonheur, une habitu\u00e9e des Open air, ambiancera le parc des Gayeulles.<\/p>\n<p>Rennes.<\/p>\n<p>Samedi 24 mai.<\/p>\n<p>4 Th\u00e9\u00e2tre<\/p>\n<p>Si vous deviez archiver la m\u00e9moire de l\u2019humanit\u00e9, quelles informations choisiriez-vous ? Y a-t-il des choses qu\u2019il vaut mieux oublier ? Marcus Lindeen et Marianne S\u00e9gol s\u2019attaquent \u00e0 ces questions vertigineuses \u00e0 l\u2019aide d\u2019un dispositif immersif o\u00f9 quatre personnages d\u00e9battent au milieu du public. Une cr\u00e9ation jou\u00e9e dans le cadre du festival Transforme, en collaboration avec le <a href=\"https:\/\/www.t-n-b.fr\" target=\"_blank\" rel=\"nofollow noopener\">Th\u00e9\u00e2tre national de Bretagne<\/a>. \u00c0 partir de 14 ans.<\/p>\n<p>Du jeudi 15 mai au vendredi 16 mai.<\/p>\n<p>5 Exposition<\/p>\n<p>Isabelle Arthuis pr\u00e9sente le premier projet artistique imagin\u00e9 pour le nouveau site du mus\u00e9e des <a href=\"https:\/\/www.letelegramme.fr\/ille-et-vilaine\/rennes-35000\/mba.rennes.fr\" target=\"_blank\" rel=\"nofollow noopener\">Beaux-Arts<\/a>, \u00e0 Maurepas. L\u2019artiste s\u2019inspire des collections du mus\u00e9e et a travaill\u00e9 avec les habitants du quartier pour s\u00e9lectionner trente peintures et de nombreux objets, dialoguant entre eux comme dans une histoire, accompagn\u00e9s de portraits en noir et blanc.<\/p>\n<p>Jusqu\u2019au 21 septembre.<\/p>\n<p>6 Concert<\/p>\n<p>Dune, Pirates des Cara\u00efbes\u2026 Les musiques de film de Hans Zimmer vont r\u00e9sonner sous les vo\u00fbtes du <a href=\"https:\/\/www.centre-congres-rennes.fr\" target=\"_blank\" rel=\"nofollow noopener\">Couvent<\/a> des jacobins avec un concert au fil des plus beaux moments du cin\u00e9ma, interpr\u00e9t\u00e9s par The Hollywood Film Orchestra. R\u00e9servation obligatoire.<\/p>\n","protected":false},"excerpt":{"rendered":"1 Concert N\u00e9 en 2021, le duo limougeaud Do not do allie rock, \u00e9lectro et synthwave. L\u2019ann\u00e9e derni\u00e8re,&hellip;\n","protected":false},"author":2,"featured_media":74062,"comment_status":"","ping_status":"","sticky":false,"template":"","format":"standard","meta":{"footnotes":""},"categories":[2821],"tags":[1111,11,829,3173,1777,674,1011,27,12,584,25],"class_list":{"0":"post-74061","1":"post","2":"type-post","3":"status-publish","4":"format-standard","5":"has-post-thumbnail","7":"category-rennes","8":"tag-actu","9":"tag-actualites","10":"tag-bretagne","11":"tag-culture-a-rennes","12":"tag-eu","13":"tag-europe","14":"tag-fr","15":"tag-france","16":"tag-news","17":"tag-rennes","18":"tag-republique-francaise"},"share_on_mastodon":{"url":"https:\/\/pubeurope.com\/@fr\/114449181854404329","error":""},"_links":{"self":[{"href":"https:\/\/www.europesays.com\/fr\/wp-json\/wp\/v2\/posts\/74061","targetHints":{"allow":["GET"]}}],"collection":[{"href":"https:\/\/www.europesays.com\/fr\/wp-json\/wp\/v2\/posts"}],"about":[{"href":"https:\/\/www.europesays.com\/fr\/wp-json\/wp\/v2\/types\/post"}],"author":[{"embeddable":true,"href":"https:\/\/www.europesays.com\/fr\/wp-json\/wp\/v2\/users\/2"}],"replies":[{"embeddable":true,"href":"https:\/\/www.europesays.com\/fr\/wp-json\/wp\/v2\/comments?post=74061"}],"version-history":[{"count":0,"href":"https:\/\/www.europesays.com\/fr\/wp-json\/wp\/v2\/posts\/74061\/revisions"}],"wp:featuredmedia":[{"embeddable":true,"href":"https:\/\/www.europesays.com\/fr\/wp-json\/wp\/v2\/media\/74062"}],"wp:attachment":[{"href":"https:\/\/www.europesays.com\/fr\/wp-json\/wp\/v2\/media?parent=74061"}],"wp:term":[{"taxonomy":"category","embeddable":true,"href":"https:\/\/www.europesays.com\/fr\/wp-json\/wp\/v2\/categories?post=74061"},{"taxonomy":"post_tag","embeddable":true,"href":"https:\/\/www.europesays.com\/fr\/wp-json\/wp\/v2\/tags?post=74061"}],"curies":[{"name":"wp","href":"https:\/\/api.w.org\/{rel}","templated":true}]}}