{"id":740626,"date":"2026-02-17T12:12:14","date_gmt":"2026-02-17T12:12:14","guid":{"rendered":"https:\/\/www.europesays.com\/fr\/740626\/"},"modified":"2026-02-17T12:12:14","modified_gmt":"2026-02-17T12:12:14","slug":"les-dates-du-ramadan-2026-encore-incertaines-en-france","status":"publish","type":"post","link":"https:\/\/www.europesays.com\/fr\/740626\/","title":{"rendered":"Les dates du ramadan 2026 encore incertaines en France"},"content":{"rendered":"<p>        <img decoding=\"async\" loading=\"lazy\" src=\"https:\/\/www.europesays.com\/fr\/wp-content\/uploads\/2026\/02\/1b8ff0b_sirius-fs-upload-1-inhcsd3nirsn-1745930875096-000-372y77n.jpg\"  width=\"728\" height=\"410\" alt=\"Le Conseil fran\u00e7ais du culte musulman fixe le d\u00e9but du ramadan 2026\u00a0au 19\u00a0f\u00e9vrier mais la Grande Mosqu\u00e9e de Paris (ici en photo) attend la \u00ab\u00a0Nuit du doute\u00a0\u00bb du 17\u00a0f\u00e9vrier pour confirmer.\"\/>  <\/p>\n<p>BERTRAND GUAY \/ AFP<\/p>\n<p>Le Conseil fran\u00e7ais du culte musulman fixe le d\u00e9but du ramadan 2026\u00a0au 19\u00a0f\u00e9vrier mais la Grande Mosqu\u00e9e de Paris (ici en photo) attend la \u00ab\u00a0Nuit du doute\u00a0\u00bb du 17\u00a0f\u00e9vrier pour confirmer.<\/p>\n<p class=\"asset asset-text\">Le <a href=\"https:\/\/www.huffingtonpost.fr\/life\/video\/aid-el-fitr-la-recette-des-cornes-de-gazelle-de-la-patissiere-sara-boukhaled-pour-feter-la-fin-du-ramadan_247984.html\" rel=\"nofollow noopener\" target=\"_blank\">d\u00e9but du ramadan 2026<\/a> n\u2019est pas encore officiellement arr\u00eat\u00e9 pour tous en France. Alors que le Conseil fran\u00e7ais du culte musulman (CFCM) a annonc\u00e9 que le jeudi\u00a019\u00a0f\u00e9vrier\u00a02026 marquerait le premier jour du je\u00fbne, la Grande Mosqu\u00e9e de Paris pr\u00e9f\u00e8re attendre la traditionnelle \u00ab\u00a0Nuit du doute\u00a0\u00bb avant de se prononcer.<\/p>\n<p class=\"asset asset-text\">Dans un <a href=\"https:\/\/www.grandemosqueedeparis.fr\/post\/date-de-la-nuit-du-doute-determinant-le-debut-du-mois-de-ramadan-2026-1447-h\" target=\"_blank\" rel=\"noopener nofollow\" title=\"Nouvelle fen\u00eatre\">communiqu\u00e9<\/a>, la Grande Mosqu\u00e9e indique que sa commission religieuse se r\u00e9unira ce mardi 17\u00a0f\u00e9vrier \u00e0 18\u00a0heures, correspondant au 29 Cha\u00e2bane 1447\/H. Comme chaque ann\u00e9e, elle prendra en compte \u00e0 la fois l\u2019observation de la nouvelle lune et les calculs astronomiques pour d\u00e9terminer avec pr\u00e9cision le d\u00e9but du ramadan. Cette m\u00e9thode, h\u00e9rit\u00e9e de la tradition islamique, vise selon l\u2019institution \u00e0 pr\u00e9server \u00ab\u00a0l\u2019unit\u00e9 des musulmans\u00a0\u00bb autour d\u2019une annonce solennelle.<\/p>\n<p class=\"asset asset-text\">De son c\u00f4t\u00e9, le CFCM a choisi d\u2019anticiper en s\u2019appuyant exclusivement sur les donn\u00e9es scientifiques. Selon ses calculs, la conjonction lunaire aura lieu le 17\u00a0f\u00e9vrier \u00e0 13\u00a0h\u00a001 (heure de Paris), mais les conditions de visibilit\u00e9 ne seraient r\u00e9unies que le 18\u00a0f\u00e9vrier, ce qui placerait le d\u00e9but du ramadan au jeudi 19\u00a0f\u00e9vrier. L\u2019A\u00efd-el-Fitr est d\u2019ores et d\u00e9j\u00e0 fix\u00e9e au vendredi\u00a020\u00a0mars\u00a02026.<\/p>\n<p class=\"asset asset-text\">Ces divergences ne sont pas nouvelles. Depuis plusieurs ann\u00e9es, une partie des autorit\u00e9s religieuses privil\u00e9gie le calcul astronomique, jug\u00e9 plus fiable et pr\u00e9visible, tandis que d\u2019autres tiennent \u00e0 conserver l\u2019observation visuelle de la lune comme r\u00e9f\u00e9rence spirituelle et symbolique.<\/p>\n","protected":false},"excerpt":{"rendered":"BERTRAND GUAY \/ AFP Le Conseil fran\u00e7ais du culte musulman fixe le d\u00e9but du ramadan 2026\u00a0au 19\u00a0f\u00e9vrier mais&hellip;\n","protected":false},"author":2,"featured_media":740627,"comment_status":"","ping_status":"","sticky":false,"template":"","format":"standard","meta":{"footnotes":"","_share_on_mastodon":"0"},"categories":[2],"tags":[11,1011,27,5318,14577,23570,12,75243,4020,25],"class_list":["post-740626","post","type-post","status-publish","format-standard","has-post-thumbnail","category-actualites","tag-actualites","tag-fr","tag-france","tag-islam","tag-mosquee","tag-musulmans-de-france","tag-news","tag-ramadan","tag-religion","tag-republique-francaise"],"share_on_mastodon":{"url":"https:\/\/pubeurope.com\/@fr\/116085912192671940","error":""},"_links":{"self":[{"href":"https:\/\/www.europesays.com\/fr\/wp-json\/wp\/v2\/posts\/740626","targetHints":{"allow":["GET"]}}],"collection":[{"href":"https:\/\/www.europesays.com\/fr\/wp-json\/wp\/v2\/posts"}],"about":[{"href":"https:\/\/www.europesays.com\/fr\/wp-json\/wp\/v2\/types\/post"}],"author":[{"embeddable":true,"href":"https:\/\/www.europesays.com\/fr\/wp-json\/wp\/v2\/users\/2"}],"replies":[{"embeddable":true,"href":"https:\/\/www.europesays.com\/fr\/wp-json\/wp\/v2\/comments?post=740626"}],"version-history":[{"count":0,"href":"https:\/\/www.europesays.com\/fr\/wp-json\/wp\/v2\/posts\/740626\/revisions"}],"wp:featuredmedia":[{"embeddable":true,"href":"https:\/\/www.europesays.com\/fr\/wp-json\/wp\/v2\/media\/740627"}],"wp:attachment":[{"href":"https:\/\/www.europesays.com\/fr\/wp-json\/wp\/v2\/media?parent=740626"}],"wp:term":[{"taxonomy":"category","embeddable":true,"href":"https:\/\/www.europesays.com\/fr\/wp-json\/wp\/v2\/categories?post=740626"},{"taxonomy":"post_tag","embeddable":true,"href":"https:\/\/www.europesays.com\/fr\/wp-json\/wp\/v2\/tags?post=740626"}],"curies":[{"name":"wp","href":"https:\/\/api.w.org\/{rel}","templated":true}]}}