{"id":740628,"date":"2026-02-17T12:13:19","date_gmt":"2026-02-17T12:13:19","guid":{"rendered":"https:\/\/www.europesays.com\/fr\/740628\/"},"modified":"2026-02-17T12:13:19","modified_gmt":"2026-02-17T12:13:19","slug":"homme-arme-et-retranche-a-chateauroux-on-est-en-train-detablir-le-contact-dit-le-prefet","status":"publish","type":"post","link":"https:\/\/www.europesays.com\/fr\/740628\/","title":{"rendered":"Homme arm\u00e9 et retranch\u00e9 \u00e0 Ch\u00e2teauroux\u00a0: \u00ab\u00a0on est en train d&rsquo;\u00e9tablir le contact\u00a0\u00bb dit le pr\u00e9fet"},"content":{"rendered":"<p>Une intervention de police est en cours dans le quartier Beaulieu \u00e0 Ch\u00e2teauroux, ce mardi 17 f\u00e9vrier 2026. D&rsquo;apr\u00e8s nos informations un homme arm\u00e9 s&rsquo;est retranch\u00e9. Le Raid a \u00e9t\u00e9 sollicit\u00e9.<\/p>\n<p>Les policiers interviennent depuis ce mardi matin \u00e0 Ch\u00e2teauroux, dans le quartier Beaulieu. Un homme arm\u00e9 s&rsquo;est retranch\u00e9. D&rsquo;apr\u00e8s nos informations, il y a eu des \u00e9changes de tirs. Le forcen\u00e9 <strong>a jet\u00e9 trois grenades depuis une fen\u00eatre de l&rsquo;immeuble<\/strong>, mais seule l&rsquo;une d&rsquo;entre elle a explos\u00e9, c&rsquo;est pourquoi une \u00e9quipe de d\u00e9minage est route dans un h\u00e9licopt\u00e8re qui doit se poser sur le terrain de foot \u00e0 proximit\u00e9. Le Raid a \u00e9galement \u00e9t\u00e9 sollicit\u00e9, ses hommes sont arriv\u00e9s sur place un peu avant midi. Il n&rsquo;y a <strong>pas de bless\u00e9<\/strong> pour l&rsquo;heure.<\/p>\n<p>Les n\u00e9gociations entam\u00e9es<\/p>\n<p>Les n\u00e9gociations avec le forcen\u00e9 ont d\u00e9marr\u00e9, indique le pr\u00e9fet de l&rsquo;Indre, Thibault Lanxade, lors d&rsquo;un point presse organis\u00e9 sur place peu apr\u00e8s midi.\u00a0\u00ab\u00a0Le contact est en train d&rsquo;\u00eatre \u00e9tabli pour connaitre ses intentions\u00a0\u00bb, d\u00e9clare le repr\u00e9sentant de l&rsquo;\u00c9tat, pr\u00e9cisant que cette intervention peut prendre du temps. Questionn\u00e9 \u00e0 ce sujet, le pr\u00e9fet r\u00e9pond qu&rsquo;il est trop t\u00f4t encore pour d\u00e9tailler le profil du forcen\u00e9.<\/p>\n<p>Un large p\u00e9rim\u00e8tre de s\u00e9curit\u00e9 mis en place<\/p>\n<p>Les forces de l&rsquo;ordre demandent d&rsquo;\u00e9viter le secteur o\u00f9 se d\u00e9roule cette intervention, place de Bretagne. Les habitants de l&rsquo;immeuble o\u00f9 s&rsquo;est retranch\u00e9 le forcen\u00e9 sont confin\u00e9s. <strong>Le p\u00e9rim\u00e8tre de s\u00e9curit\u00e9 mis en place a \u00e9t\u00e9 \u00e9largi<\/strong> aux alentours de 10 heures, indique notre reporter sur place. Au total 30 policiers nationaux, 5 policiers municipaux, 23 gendarmes et 28 pompiers sont \u00e9galement mobilis\u00e9s, indique la pr\u00e9fecture de l&rsquo;Indre dans un communiqu\u00e9 ce midi. Le maire de Ch\u00e2teauroux, le substitut du procureur, ainsi que le pr\u00e9fet se trouvent sur le lieu de l&rsquo;intervention.<\/p>\n<p>Les motivations du forcen\u00e9 ne sont pas connues pour l&rsquo;heure. D&rsquo;apr\u00e8s l&rsquo;une de nos sources, ce septuag\u00e9naire \u00e0 la retraite \u00e9tait en train de sortir ses poubelles lorsqu&rsquo;il a aper\u00e7u des agents de la police judiciaire, sur place dans le cadre d&rsquo;une enqu\u00eate. Pour une raison qui reste \u00e0 d\u00e9terminer, il a alors sorti une arme de poing, toujours d&rsquo;apr\u00e8s notre source, et a tir\u00e9, avant de se retrancher.<\/p>\n<p>Intervention du RAID<\/p>\n<p>Sollicit\u00e9 depuis que le forcen\u00e9 s&rsquo;est retranch\u00e9 chez lui le RAID est arriv\u00e9 sur place. Cette unit\u00e9 de la police fran\u00e7aise fond\u00e9e en 1985 est sp\u00e9cialis\u00e9e\u00a0 dans les interventions particuli\u00e8rement p\u00e9rilleuses face \u00e0 des individus dangereux \u00e0 neutralisation. Une neutralisation qui se fait d&rsquo;abord par n\u00e9gociation et dans les cas les plus extr\u00eames par un assaut<\/p>\n<p> <img decoding=\"async\" src=\"https:\/\/www.europesays.com\/fr\/wp-content\/uploads\/2026\/02\/1771330399_603_1280.jpeg\" alt=\"illustration agrandir l'image\" style=\"--_image-preview:url('data:image\/jpeg;base64,\/9j\/2wBDACgcHiMeGSgjISMtKygwPGRBPDc3PHtYXUlkkYCZlo+AjIqgtObDoKrarYqMyP\/L2u71\/\/\/\/m8H\/\/\/\/6\/+b9\/\/j\/2wBDASstLTw1PHZBQXb4pYyl+Pj4+Pj4+Pj4+Pj4+Pj4+Pj4+Pj4+Pj4+Pj4+Pj4+Pj4+Pj4+Pj4+Pj4+Pj4+Pj4+Pj\/wAARCAAdACoDASIAAhEBAxEB\/8QAFwAAAwEAAAAAAAAAAAAAAAAAAQIDBP\/EABgQAQEBAQEAAAAAAAAAAAAAAAABAhES\/8QAFQEBAQAAAAAAAAAAAAAAAAAAAAH\/xAAUEQEAAAAAAAAAAAAAAAAAAAAA\/9oADAMBAAIRAxEAPwAeje06HQWmxm0JTSgt6HqUpugW5LctFkLcwGfyaRS5gcAJDcGQeIP\/2Q==');\" loading=\"lazy\" fetchpriority=\"low\" class=\"svelte-1cksh76 rounded\" onload=\"this.__e=event\" onerror=\"this.__e=event\"\/> Les policers du RAID sont arriv\u00e9s peu avant midi \u00a9 Radio France &#8211; Ga\u00eblle Fontenit  <\/p>\n","protected":false},"excerpt":{"rendered":"Une intervention de police est en cours dans le quartier Beaulieu \u00e0 Ch\u00e2teauroux, ce mardi 17 f\u00e9vrier 2026.&hellip;\n","protected":false},"author":2,"featured_media":740629,"comment_status":"","ping_status":"","sticky":false,"template":"","format":"standard","meta":{"footnotes":"","_share_on_mastodon":"0"},"categories":[2],"tags":[11,1011,27,12,25],"class_list":["post-740628","post","type-post","status-publish","format-standard","has-post-thumbnail","category-actualites","tag-actualites","tag-fr","tag-france","tag-news","tag-republique-francaise"],"share_on_mastodon":{"url":"https:\/\/pubeurope.com\/@fr\/116085915929551346","error":""},"_links":{"self":[{"href":"https:\/\/www.europesays.com\/fr\/wp-json\/wp\/v2\/posts\/740628","targetHints":{"allow":["GET"]}}],"collection":[{"href":"https:\/\/www.europesays.com\/fr\/wp-json\/wp\/v2\/posts"}],"about":[{"href":"https:\/\/www.europesays.com\/fr\/wp-json\/wp\/v2\/types\/post"}],"author":[{"embeddable":true,"href":"https:\/\/www.europesays.com\/fr\/wp-json\/wp\/v2\/users\/2"}],"replies":[{"embeddable":true,"href":"https:\/\/www.europesays.com\/fr\/wp-json\/wp\/v2\/comments?post=740628"}],"version-history":[{"count":0,"href":"https:\/\/www.europesays.com\/fr\/wp-json\/wp\/v2\/posts\/740628\/revisions"}],"wp:featuredmedia":[{"embeddable":true,"href":"https:\/\/www.europesays.com\/fr\/wp-json\/wp\/v2\/media\/740629"}],"wp:attachment":[{"href":"https:\/\/www.europesays.com\/fr\/wp-json\/wp\/v2\/media?parent=740628"}],"wp:term":[{"taxonomy":"category","embeddable":true,"href":"https:\/\/www.europesays.com\/fr\/wp-json\/wp\/v2\/categories?post=740628"},{"taxonomy":"post_tag","embeddable":true,"href":"https:\/\/www.europesays.com\/fr\/wp-json\/wp\/v2\/tags?post=740628"}],"curies":[{"name":"wp","href":"https:\/\/api.w.org\/{rel}","templated":true}]}}