{"id":740630,"date":"2026-02-17T12:14:14","date_gmt":"2026-02-17T12:14:14","guid":{"rendered":"https:\/\/www.europesays.com\/fr\/740630\/"},"modified":"2026-02-17T12:14:14","modified_gmt":"2026-02-17T12:14:14","slug":"sophia-bennani-est-nommee-directrice-des-controles-au-sein-de-lamf","status":"publish","type":"post","link":"https:\/\/www.europesays.com\/fr\/740630\/","title":{"rendered":"Sophia Bennani est nomm\u00e9e directrice des contr\u00f4les au sein de l&rsquo;AMF"},"content":{"rendered":"<p>Jusqu\u2019\u00e0 pr\u00e9sent directrice de la division en charge des contr\u00f4les des soci\u00e9t\u00e9s de gestion de portefeuille et des conseillers en investissements financiers (SGP-CIF), Sophia Bennani est nomm\u00e9e directrice des contr\u00f4les \u00e0 compter du 16 f\u00e9vrier 2026. Elle succ\u00e8de \u00e0 Nicolas Patel, qui a assur\u00e9 cette fonction pendant 15 ans.<\/p>\n<p>       <img decoding=\"async\" loading=\"lazy\" src=\"https:\/\/www.europesays.com\/fr\/wp-content\/uploads\/2026\/02\/sbennani.jpg\" alt=\"\" typeof=\"foaf:Image\"\/>  <\/p>\n<p>Sophia Bennani est dipl\u00f4m\u00e9e de l\u2019ENSAE et d\u2019un DEA de macro\u00e9conomie, \u00e9conom\u00e9trie et m\u00e9thodes quantitatives. En septembre 2005, elle d\u00e9bute sa carri\u00e8re \u00e0 l\u2019AMF en tant que charg\u00e9e de mission sur les techniques de gestion complexe au sein du service des prestataires et produits d\u2019\u00e9pargne. Elle contribue \u00e0 l\u2019\u00e9volution de la r\u00e9glementation et de la doctrine en mati\u00e8re de calcul de l\u2019effet de levier des fonds, de valorisation et de contr\u00f4le des risques dans les soci\u00e9t\u00e9s de gestion de portefeuille.<\/p>\n<p>De septembre 2009 \u00e0 ao\u00fbt 2012, Sophia est d\u00e9tach\u00e9e aupr\u00e8s de l\u2019ACAM puis de l\u2019ACP (devenue Autorit\u00e9 de contr\u00f4le prudentiel et de r\u00e9solution (ACPR)) en tant que contr\u00f4leur au sein d\u2019une brigade de contr\u00f4le des assurances.<\/p>\n<p>En septembre 2012, elle rejoint la Direction des contr\u00f4les de l\u2019AMF o\u00f9 elle occupe un poste d\u2019inspectrice au sein de la Division soci\u00e9t\u00e9s de gestion de portefeuille et produits d\u2019\u00e9pargne. Nomm\u00e9e adjointe \u00e0 la directrice de la division SGP-CIF en 2015, puis directrice de cette division en 2019, elle acc\u00e8de aujourd\u2019hui aux fonctions de directrice des contr\u00f4les. Sophia rapporte \u00e0 Sophie Baranger, directrice des enqu\u00eates et des contr\u00f4les, et secr\u00e9taire g\u00e9n\u00e9rale adjointe de l\u2019AMF.<\/p>\n<p>Sa grande exp\u00e9rience des contr\u00f4les et de l\u2019AMF permettra \u00e0 Sophia de poursuivre le d\u00e9ploiement d\u2019un plan de charge exigeant, selon une approche par les risques, et de pr\u00e9server une proximit\u00e9 avec les parties prenantes internes et externes, afin de r\u00e9pondre aux enjeux d&rsquo;exemplarit\u00e9, de comp\u00e9titivit\u00e9 et de convergence europ\u00e9enne qui guident l&rsquo;action de l&rsquo;AMF.<\/p>\n","protected":false},"excerpt":{"rendered":"Jusqu\u2019\u00e0 pr\u00e9sent directrice de la division en charge des contr\u00f4les des soci\u00e9t\u00e9s de gestion de portefeuille et des&hellip;\n","protected":false},"author":2,"featured_media":740631,"comment_status":"","ping_status":"","sticky":false,"template":"","format":"standard","meta":{"footnotes":"","_share_on_mastodon":"0"},"categories":[4],"tags":[11,1011,27,12,25],"class_list":["post-740630","post","type-post","status-publish","format-standard","has-post-thumbnail","category-france","tag-actualites","tag-fr","tag-france","tag-news","tag-republique-francaise"],"share_on_mastodon":{"url":"https:\/\/pubeurope.com\/@fr\/116085919795450870","error":""},"_links":{"self":[{"href":"https:\/\/www.europesays.com\/fr\/wp-json\/wp\/v2\/posts\/740630","targetHints":{"allow":["GET"]}}],"collection":[{"href":"https:\/\/www.europesays.com\/fr\/wp-json\/wp\/v2\/posts"}],"about":[{"href":"https:\/\/www.europesays.com\/fr\/wp-json\/wp\/v2\/types\/post"}],"author":[{"embeddable":true,"href":"https:\/\/www.europesays.com\/fr\/wp-json\/wp\/v2\/users\/2"}],"replies":[{"embeddable":true,"href":"https:\/\/www.europesays.com\/fr\/wp-json\/wp\/v2\/comments?post=740630"}],"version-history":[{"count":0,"href":"https:\/\/www.europesays.com\/fr\/wp-json\/wp\/v2\/posts\/740630\/revisions"}],"wp:featuredmedia":[{"embeddable":true,"href":"https:\/\/www.europesays.com\/fr\/wp-json\/wp\/v2\/media\/740631"}],"wp:attachment":[{"href":"https:\/\/www.europesays.com\/fr\/wp-json\/wp\/v2\/media?parent=740630"}],"wp:term":[{"taxonomy":"category","embeddable":true,"href":"https:\/\/www.europesays.com\/fr\/wp-json\/wp\/v2\/categories?post=740630"},{"taxonomy":"post_tag","embeddable":true,"href":"https:\/\/www.europesays.com\/fr\/wp-json\/wp\/v2\/tags?post=740630"}],"curies":[{"name":"wp","href":"https:\/\/api.w.org\/{rel}","templated":true}]}}