{"id":740632,"date":"2026-02-17T12:16:13","date_gmt":"2026-02-17T12:16:13","guid":{"rendered":"https:\/\/www.europesays.com\/fr\/740632\/"},"modified":"2026-02-17T12:16:13","modified_gmt":"2026-02-17T12:16:13","slug":"les-dessous-de-la-signature-de-ngapeth-qui-retrouve-tours-quinze-ans-apres","status":"publish","type":"post","link":"https:\/\/www.europesays.com\/fr\/740632\/","title":{"rendered":"les dessous de la signature de Ngapeth, qui retrouve Tours quinze ans apr\u00e8s"},"content":{"rendered":"<p>Volley,<\/p>\n<p>Marmara SpikeLigue<\/p>\n<p>abonn\u00e9<\/p>\n<p>\u00ab\u00a0Earvin a toujours eu cette envie de revenir \u00e0 la maison\u00a0\u00bb\u00a0: les dessous de la signature de Ngapeth, qui retrouve Tours quinze ans apr\u00e8s<\/p>\n<p>La star des Bleus doubles champions olympiques, Earvin Ngapeth, s&rsquo;est engag\u00e9e ce mardi pour les deux prochaines saisons avec le TVB, le club de ses d\u00e9buts il y a quinze ans. Un vrai retour aux sources qui sonne comme un dernier d\u00e9fi majeur.<\/p>\n","protected":false},"excerpt":{"rendered":"Volley, Marmara SpikeLigue abonn\u00e9 \u00ab\u00a0Earvin a toujours eu cette envie de revenir \u00e0 la maison\u00a0\u00bb\u00a0: les dessous de&hellip;\n","protected":false},"author":2,"featured_media":72028,"comment_status":"","ping_status":"","sticky":false,"template":"","format":"standard","meta":{"footnotes":"","_share_on_mastodon":"0"},"categories":[1417],"tags":[1011,27,60,1470,1469],"class_list":["post-740632","post","type-post","status-publish","format-standard","has-post-thumbnail","category-volley","tag-fr","tag-france","tag-sports","tag-volley","tag-volleyball"],"share_on_mastodon":{"url":"https:\/\/pubeurope.com\/@fr\/116085927808883552","error":""},"_links":{"self":[{"href":"https:\/\/www.europesays.com\/fr\/wp-json\/wp\/v2\/posts\/740632","targetHints":{"allow":["GET"]}}],"collection":[{"href":"https:\/\/www.europesays.com\/fr\/wp-json\/wp\/v2\/posts"}],"about":[{"href":"https:\/\/www.europesays.com\/fr\/wp-json\/wp\/v2\/types\/post"}],"author":[{"embeddable":true,"href":"https:\/\/www.europesays.com\/fr\/wp-json\/wp\/v2\/users\/2"}],"replies":[{"embeddable":true,"href":"https:\/\/www.europesays.com\/fr\/wp-json\/wp\/v2\/comments?post=740632"}],"version-history":[{"count":0,"href":"https:\/\/www.europesays.com\/fr\/wp-json\/wp\/v2\/posts\/740632\/revisions"}],"wp:featuredmedia":[{"embeddable":true,"href":"https:\/\/www.europesays.com\/fr\/wp-json\/wp\/v2\/media\/72028"}],"wp:attachment":[{"href":"https:\/\/www.europesays.com\/fr\/wp-json\/wp\/v2\/media?parent=740632"}],"wp:term":[{"taxonomy":"category","embeddable":true,"href":"https:\/\/www.europesays.com\/fr\/wp-json\/wp\/v2\/categories?post=740632"},{"taxonomy":"post_tag","embeddable":true,"href":"https:\/\/www.europesays.com\/fr\/wp-json\/wp\/v2\/tags?post=740632"}],"curies":[{"name":"wp","href":"https:\/\/api.w.org\/{rel}","templated":true}]}}