{"id":740633,"date":"2026-02-17T12:17:11","date_gmt":"2026-02-17T12:17:11","guid":{"rendered":"https:\/\/www.europesays.com\/fr\/740633\/"},"modified":"2026-02-17T12:17:11","modified_gmt":"2026-02-17T12:17:11","slug":"pro-d2-la-billetterie-pour-la-finale-du-championnat-est-ouverte","status":"publish","type":"post","link":"https:\/\/www.europesays.com\/fr\/740633\/","title":{"rendered":"Pro D2 \u2013 La billetterie pour la finale du championnat est ouverte"},"content":{"rendered":"<p>\n                La billetterie pour la finale de la Pro D2 s\u2019est ouverte ce mardi 17\u00a0f\u00e9vrier sur le site de la Ligue Nationale de Rugby (LNR). Pour la quatri\u00e8me ann\u00e9e cons\u00e9cutive, elle aura lieu au stade Ernest-Wallon de Toulouse.\n            <\/p>\n<p>Qui sera sacr\u00e9 champion de France de Pro D2\u00a0? Il faudra attendre le samedi 6\u00a0juin pour conna\u00eetre la r\u00e9ponse et savoir qui succ\u00e9dera \u00e0 Montauban. Pour la quatri\u00e8me ann\u00e9e cons\u00e9cutive, la finale aura lieu au stade Ernest-Wallon de Toulouse, avec un coup d\u2019envoi pr\u00e9vu \u00e0 18\u00a0heures. La Ligue Nationale de Rugby (LNR) vient d\u2019ouvrir la billetterie pour cet \u00e9v\u00e9nement qui permettra aux vainqueurs de soulever le bouclier et de valider son billet pour le Top 14.<\/p>\n<p>La finale de Pro D2 est devenue un v\u00e9ritable rendez-vous pour tous les amateurs de rugby. D\u2019ailleurs, d\u00e8s l\u2019ouverture de la billetterie, il fallait patienter avant de pouvoir choisir sa place. Il est vrai que la LNR propose des tarifs attractifs avec des places disponibles \u00e0 partir de 19\u00a0euros, euros et pr\u00e8s de la moiti\u00e9 des places\u00a0propos\u00e9es \u00e0 25\u00a0euros ou moins.<\/p>\n<p>Il faudra attendre le 15\u00a0mai pour conna\u00eetre les six \u00e9quipes qualifi\u00e9es pour la phase finale.\u00a0La saison derni\u00e8re, Montauban s\u2019\u00e9tait impos\u00e9 en finale face \u00e0 Grenoble, retrouvant ainsi la premi\u00e8re division du rugby professionnel apr\u00e8s 15 saisons pass\u00e9es en Pro D2.<\/p>\n","protected":false},"excerpt":{"rendered":"La billetterie pour la finale de la Pro D2 s\u2019est ouverte ce mardi 17\u00a0f\u00e9vrier sur le site de&hellip;\n","protected":false},"author":2,"featured_media":740634,"comment_status":"","ping_status":"","sticky":false,"template":"","format":"standard","meta":{"footnotes":"","_share_on_mastodon":"0"},"categories":[1416],"tags":[1011,27,2308,479,2115,1468,60],"class_list":["post-740633","post","type-post","status-publish","format-standard","has-post-thumbnail","category-rugby","tag-fr","tag-france","tag-pro-d2","tag-rugby","tag-rugby-a-xv","tag-rugby-football","tag-sports"],"share_on_mastodon":{"url":"https:\/\/pubeurope.com\/@fr\/116085931585560344","error":""},"_links":{"self":[{"href":"https:\/\/www.europesays.com\/fr\/wp-json\/wp\/v2\/posts\/740633","targetHints":{"allow":["GET"]}}],"collection":[{"href":"https:\/\/www.europesays.com\/fr\/wp-json\/wp\/v2\/posts"}],"about":[{"href":"https:\/\/www.europesays.com\/fr\/wp-json\/wp\/v2\/types\/post"}],"author":[{"embeddable":true,"href":"https:\/\/www.europesays.com\/fr\/wp-json\/wp\/v2\/users\/2"}],"replies":[{"embeddable":true,"href":"https:\/\/www.europesays.com\/fr\/wp-json\/wp\/v2\/comments?post=740633"}],"version-history":[{"count":0,"href":"https:\/\/www.europesays.com\/fr\/wp-json\/wp\/v2\/posts\/740633\/revisions"}],"wp:featuredmedia":[{"embeddable":true,"href":"https:\/\/www.europesays.com\/fr\/wp-json\/wp\/v2\/media\/740634"}],"wp:attachment":[{"href":"https:\/\/www.europesays.com\/fr\/wp-json\/wp\/v2\/media?parent=740633"}],"wp:term":[{"taxonomy":"category","embeddable":true,"href":"https:\/\/www.europesays.com\/fr\/wp-json\/wp\/v2\/categories?post=740633"},{"taxonomy":"post_tag","embeddable":true,"href":"https:\/\/www.europesays.com\/fr\/wp-json\/wp\/v2\/tags?post=740633"}],"curies":[{"name":"wp","href":"https:\/\/api.w.org\/{rel}","templated":true}]}}