{"id":740639,"date":"2026-02-17T12:23:12","date_gmt":"2026-02-17T12:23:12","guid":{"rendered":"https:\/\/www.europesays.com\/fr\/740639\/"},"modified":"2026-02-17T12:23:12","modified_gmt":"2026-02-17T12:23:12","slug":"as-monaco-psg-les-compositions-probables","status":"publish","type":"post","link":"https:\/\/www.europesays.com\/fr\/740639\/","title":{"rendered":"AS Monaco &#8211; PSG : les compositions probables"},"content":{"rendered":"<p>AS Monaco-Paris Saint-Germain. Voici une belle affiche de notre ch\u00e8re Ligue 1. Mais ce soir, les deux \u00e9curies du championnat de France vont rev\u00eatir leurs plus belles tenues pour s\u2019affronter dans la plus grande des comp\u00e9titions europ\u00e9ennes : la <a href=\"https:\/\/www.footmercato.net\/europe\/ligue-des-champions-uefa\/\" rel=\"nofollow noopener\" target=\"_blank\">Ligue des Champions<\/a>. En effet, nos deux repr\u00e9sentants tricolores vont croiser le fer en barrages de C1. Le stade Louis-II sera le th\u00e9\u00e2tre de ce premier acte. Pour ce choc face au tenant du titre et devant son public, le club de la Principaut\u00e9 compte bien jouer sa chance \u00e0 fond.<\/p>\n<p>            La suite apr\u00e8s cette publicit\u00e9<\/p>\n<p>S\u00e9bastien Pocognoli, qui doit faire sans plusieurs joueurs bless\u00e9s (Hr\u00e1deck\u00fd, Dier, Ouattara, Cabral, Minamino), en reprise (Mawissa) ou simplement absents de la liste du club en C1 (Pogba, Brunner), devrait opter pour un 4-2-3-1. Philipp K\u00f6hn aura pour mission de repousser les tentatives parisiennes. Pour y parvenir, il sera \u00e9paul\u00e9 par une d\u00e9fense compos\u00e9e de Vanderson, Wout Faes, Thilo Kehrer et Caio Henrique. Pour remporter la bataille du milieu de terrain, le Belge comptera sur Denis Zakaria et Lamine Camara. <\/p>\n<p>        Monaco et PSG, acte I<\/p>\n<p>Enfin, Maghnes Akliouche, Aleksandr Golovin et Simon Adingra soutiendront Folarin Balogun, align\u00e9 \u00e0 la pointe de l\u2019attaque. Tous auront pour objectif de faire tomber le <a href=\"https:\/\/www.footmercato.net\/club\/psg\/\" rel=\"nofollow noopener\" target=\"_blank\">PSG<\/a>, qui reste sur une d\u00e9faite face au Stade Rennais en championnat (3-1). De quoi donner de l\u2019espoir \u00e0 l\u2019ASM. Du c\u00f4t\u00e9 de Paris, on veut justement profiter de la C1 pour repartir de l\u2019avant. Sans Fabian Ruiz, Senny Mayulu et Quentin Ndjantou, Luis Enrique aura quand m\u00eame largement de quoi faire ce soir. Dans les cages, Matvey Safonov devrait de nouveau \u00eatre pr\u00e9f\u00e9r\u00e9 \u00e0 Lucas Chevalier.<\/p>\n<p>            La suite apr\u00e8s cette publicit\u00e9<\/p>\n<p>En d\u00e9fense, pas de surprise puisque les titulaires sont attendus au coup d\u2019envoi. Achraf Hakimi, Willian Pacho, Marquinhos et Nuno Mendes vont, sauf surprise de derni\u00e8re minute, d\u00e9buter la rencontre. Jo\u00e3o Neves, Vitinha et Warren Za\u00efre-Emery seront eux aussi pr\u00e9sents dans le 4-4-3 mis en place par l\u2019Asturien. Enfin, Bradley Barcola et Khvicha Kvaratskhelia accompagneront Ousmane Demb\u00e9l\u00e9, qui endossera de nouveau le r\u00f4le de num\u00e9ro 9. D\u00e9sir\u00e9 Dou\u00e9, point\u00e9 du doigt apr\u00e8s sa prestation au Rhoazon Park, devrait s\u2019asseoir sur le banc de touche pour cet acte I entre <a href=\"https:\/\/www.footmercato.net\/club\/as-monaco\/\" rel=\"nofollow noopener\" target=\"_blank\">Monaco<\/a> et Paris. Deux clubs qui veulent prendre l\u2019avantage d\u00e8s ce soir lors de ces barrages, <a href=\"https:\/\/www.footmercato.net\/live\/2697576706233866358-monaco-vs-paris-saint-germain\" rel=\"nofollow noopener\" target=\"_blank\">\u00e0 suivre en direct sur notre site<\/a>. <\/p>\n<p>Vibrez devant le choc Monaco &#8211; PSG ! <a href=\"https:\/\/ad.doubleclick.net\/ddm\/trackclk\/N6600.276174.FOOTMERCATO\/B32945308.412572872;dc_trk_aid=604777473;dc_trk_cid=228470231;dc_lat=;dc_rdid=;tag_for_child_directed_treatment=;tfua=;gdpr=${GDPR};gdpr_consent=${GDPR_CONSENT_755};ltd=;dc_tdv=1\" rel=\"nofollow noopener\" target=\"_blank\">D\u00e9couvrez ici l\u2019offre pour regarder le match en direct sur CANAL+<\/a><\/p>\n<p>\n    Pub. le 17\/02\/2026 12:46<br \/>\n            &#8211; MAJ le 17\/02\/2026 13:20\n    <\/p>\n","protected":false},"excerpt":{"rendered":"AS Monaco-Paris Saint-Germain. Voici une belle affiche de notre ch\u00e8re Ligue 1. Mais ce soir, les deux \u00e9curies&hellip;\n","protected":false},"author":2,"featured_media":740640,"comment_status":"","ping_status":"","sticky":false,"template":"","format":"standard","meta":{"footnotes":"","_share_on_mastodon":"0"},"categories":[1410],"tags":[63,1011,27,60],"class_list":["post-740639","post","type-post","status-publish","format-standard","has-post-thumbnail","category-football","tag-football","tag-fr","tag-france","tag-sports"],"share_on_mastodon":{"url":"https:\/\/pubeurope.com\/@fr\/116085955355916716","error":""},"_links":{"self":[{"href":"https:\/\/www.europesays.com\/fr\/wp-json\/wp\/v2\/posts\/740639","targetHints":{"allow":["GET"]}}],"collection":[{"href":"https:\/\/www.europesays.com\/fr\/wp-json\/wp\/v2\/posts"}],"about":[{"href":"https:\/\/www.europesays.com\/fr\/wp-json\/wp\/v2\/types\/post"}],"author":[{"embeddable":true,"href":"https:\/\/www.europesays.com\/fr\/wp-json\/wp\/v2\/users\/2"}],"replies":[{"embeddable":true,"href":"https:\/\/www.europesays.com\/fr\/wp-json\/wp\/v2\/comments?post=740639"}],"version-history":[{"count":0,"href":"https:\/\/www.europesays.com\/fr\/wp-json\/wp\/v2\/posts\/740639\/revisions"}],"wp:featuredmedia":[{"embeddable":true,"href":"https:\/\/www.europesays.com\/fr\/wp-json\/wp\/v2\/media\/740640"}],"wp:attachment":[{"href":"https:\/\/www.europesays.com\/fr\/wp-json\/wp\/v2\/media?parent=740639"}],"wp:term":[{"taxonomy":"category","embeddable":true,"href":"https:\/\/www.europesays.com\/fr\/wp-json\/wp\/v2\/categories?post=740639"},{"taxonomy":"post_tag","embeddable":true,"href":"https:\/\/www.europesays.com\/fr\/wp-json\/wp\/v2\/tags?post=740639"}],"curies":[{"name":"wp","href":"https:\/\/api.w.org\/{rel}","templated":true}]}}